{"id":12010,"date":"2020-05-04T03:35:53","date_gmt":"2020-05-04T03:35:53","guid":{"rendered":"http:\/\/enolife.com.ar\/es\/?p=12010"},"modified":"2020-05-06T01:00:45","modified_gmt":"2020-05-06T01:00:45","slug":"obreros-de-vina-y-podadores-quedan-exceptuados-de-la-cuarentena-en-san-juan","status":"publish","type":"post","link":"https:\/\/enolife.com.ar\/es\/obreros-de-vina-y-podadores-quedan-exceptuados-de-la-cuarentena-en-san-juan\/","title":{"rendered":"Obreros de vi\u00f1a y podadores quedan exceptuados de la cuarentena en San Juan"},"content":{"rendered":"\n<h4 class=\"wp-block-heading\"><em><strong>Terminada la cosecha, en d\u00edas comienza la poda temprana y las tareas de labranza en los vi\u00f1edos de San Juan. Bodegas y empresas de recursos humanos ya solicitan podadores capacitados. Ante consultas sobre si habr\u00e1 limitaciones para la tarea, por la cuarentena, la Federaci\u00f3n de Vi\u00f1ateros y Productores Agropecuarios confirm\u00f3 que podr\u00e1n trabajar sin inconvenientes, porque la vitivinicultura est\u00e1 considerada como un actividad esencial, y por tanto exceptuada en el decreto que estableci\u00f3 el confinamiento social.&nbsp;<\/strong><\/em><\/h4>\n\n\n\n<div style=\"height:20px\" aria-hidden=\"true\" class=\"wp-block-spacer\"><\/div>\n\n\n\n<p>Seg\u00fan inform\u00f3 el Diario de Cuyo de San Juan, la Federaci\u00f3n de Vi\u00f1ateros y Productores Agropecuarios emiti\u00f3 un comunicado confirmando que, \u00abya finalizada la cosecha 2020, comienza la nueva etapa de labranza y poda\u00bb, ante lo cual \u00aben esta etapa, seguimos trabajando con normalidad junto a los obreros\u00bb. Los vi\u00f1ateros agrupados, desde los inicios de la cuarentena, han divulgado sistem\u00e1ticamente las normas vigentes para trabajar en el marco del aislamiento social preventivo impuesto para prevenir la extensi\u00f3n de la pandemia en San Juan. <\/p>\n\n\n\n<p>El presidente de la entidad sanjuanina, Eduardo Garc\u00e9s, precis\u00f3 que \u00ablos operarios rurales est\u00e1n tambi\u00e9n est\u00e1n amparados en el Decreto de Necesidad y urgencia Nacional N\u00ba 297\/2020, en su art\u00edculo 6\u00ba e incisos 12 y 13 respectivamente\u00bb.<\/p>\n\n\n\n<p>Seg\u00fan el decreto, cabe recordarlo, \u00abquedan exceptuadas del cumplimiento del aislamiento social, preventivo y obligatorio y de la prohibici\u00f3n de circular, las personas afectadas a las actividades y servicios declarados esenciales en la emergencia, seg\u00fan se detalla a continuaci\u00f3n, y sus desplazamientos deber\u00e1n limitarse al estricto cumplimiento de esas actividades y servicios\u00bb.<\/p>\n\n\n\n<p>En el inciso 12 del decreto original firmado por el presidente Alberto Fern\u00e1ndez el 19 de marzo, se explicita claramente que \u00ablas industrias de alimentaci\u00f3n, su cadena productiva e insumos; de higiene personal y limpieza; de equipamiento m\u00e9dico, medicamentos, vacunas y otros insumos sanitarios\u00bb, quedan exceptuados de la cuarentena, por supuesto siempre respentando estrictamente las medidas de seguridad sanitarias.&nbsp;<\/p>\n\n\n\n<p>Y en el inciso 13 del decreto se establece tambi\u00e9n que est\u00e1n exceptuadas las \u00abactividades vinculadas con la producci\u00f3n, distribuci\u00f3n y comercializaci\u00f3n agropecuaria y de pesca\u00bb.&nbsp;<\/p>\n\n\n\n<p>Cabe se\u00f1alar tambi\u00e9n que el Ministerio de Agricultura, Ganader\u00eda y Pesca de la Naci\u00f3n, a trav\u00e9s de su Direcci\u00f3n Nacional de Alimentos, difundi\u00f3 recientemente 11 protocolos, incluyendo lineamientos preventivos para evitar el contagio del coronavirus, los que se encuentran consignados en la web del ministerio.<\/p>\n\n\n\n<p>Garc\u00e9s indic\u00f3 finalmente que \u00abla pandemia nos afecta a todos, y con responsabilidad en base a los cuidados p\u00fablicamente conocidos todos continuamos nuestras actividades en cada finca para que la industria vitivin\u00edcola siga de pie\u00bb.<\/p>\n\n\n\n<p>Los interesados en recabar m\u00e1s datos sobre la etapa de poda, las modalidades de trabajo y las medidas de seguridad en los vi\u00f1edos, pueden contactarse con la Federaci\u00f3n de Vi\u00f1ateros y Productores Agropecuarios de San Juan. Caseros 185 (norte) Capital, San Juan. (0264) 4210924. Website: <a href=\"http:\/\/www.federacionvinateros.com\/\">www.federacionvinateros.com<\/a><\/p>\n\n\n\n<div style=\"height:20px\" aria-hidden=\"true\" class=\"wp-block-spacer\"><\/div>\n\n\n\n<p class=\"has-small-font-size\"><strong><em>Fuente: Diario de Cuyo de San Juan<\/em><\/strong><\/p>\n","protected":false},"excerpt":{"rendered":"<p>Terminada la cosecha, en d\u00edas comienza la poda temprana y las tareas de labranza en&hellip;<\/p>\n","protected":false},"author":3,"featured_media":12012,"comment_status":"open","ping_status":"open","sticky":false,"template":"","format":"standard","meta":{"footnotes":""},"categories":[5],"tags":[],"class_list":["post-12010","post","type-post","status-publish","format-standard","has-post-thumbnail","hentry","category-fincas"],"_links":{"self":[{"href":"https:\/\/enolife.com.ar\/es\/wp-json\/wp\/v2\/posts\/12010","targetHints":{"allow":["GET"]}}],"collection":[{"href":"https:\/\/enolife.com.ar\/es\/wp-json\/wp\/v2\/posts"}],"about":[{"href":"https:\/\/enolife.com.ar\/es\/wp-json\/wp\/v2\/types\/post"}],"author":[{"embeddable":true,"href":"https:\/\/enolife.com.ar\/es\/wp-json\/wp\/v2\/users\/3"}],"replies":[{"embeddable":true,"href":"https:\/\/enolife.com.ar\/es\/wp-json\/wp\/v2\/comments?post=12010"}],"version-history":[{"count":0,"href":"https:\/\/enolife.com.ar\/es\/wp-json\/wp\/v2\/posts\/12010\/revisions"}],"wp:featuredmedia":[{"embeddable":true,"href":"https:\/\/enolife.com.ar\/es\/wp-json\/wp\/v2\/media\/12012"}],"wp:attachment":[{"href":"https:\/\/enolife.com.ar\/es\/wp-json\/wp\/v2\/media?parent=12010"}],"wp:term":[{"taxonomy":"category","embeddable":true,"href":"https:\/\/enolife.com.ar\/es\/wp-json\/wp\/v2\/categories?post=12010"},{"taxonomy":"post_tag","embeddable":true,"href":"https:\/\/enolife.com.ar\/es\/wp-json\/wp\/v2\/tags?post=12010"}],"curies":[{"name":"wp","href":"https:\/\/api.w.org\/{rel}","templated":true}]}}