{"id":120014,"date":"2024-07-23T13:31:36","date_gmt":"2024-07-23T13:31:36","guid":{"rendered":"https:\/\/enolife.com.ar\/es\/?p=120014"},"modified":"2024-07-25T00:57:12","modified_gmt":"2024-07-25T00:57:12","slug":"agrarias-convoca-a-estudiantes-y-docentes-al-congreso-de-tecnologia-agricola-mas-grande-del-pais","status":"publish","type":"post","link":"https:\/\/enolife.com.ar\/es\/agrarias-convoca-a-estudiantes-y-docentes-al-congreso-de-tecnologia-agricola-mas-grande-del-pais\/","title":{"rendered":"Agrarias convoca a estudiantes y docentes al congreso de tecnolog\u00eda agr\u00edcola m\u00e1s grande del pa\u00eds"},"content":{"rendered":"\n<h4 class=\"wp-block-heading\"><em><strong>A partir de la colaboraci\u00f3n establecida entre la Facultad de Ciencias Agrarias (FCA) de la Universidad Nacional de Cuyo (UNCuyo) y la Asociaci\u00f3n Argentina de Productores en Siembra Directa (Aapresid), se abri\u00f3 una convocatoria para que estudiantes y docentes de la instituci\u00f3n mendocina puedan participar de manera gratuita en el Congreso que se desarrollar\u00e1 del 7 al 9 de agosto en el predio de La Rural, el predio ferial de la ciudad de Buenos Aires. La FCA tendr\u00e1 por primera vez un stand institucional. Las inscripciones para los postulantes a asistir est\u00e1n abiertas hasta el 26 de julio a las 9 hs.<\/strong><\/em><\/h4>\n\n\n\n<div style=\"height:35px\" aria-hidden=\"true\" class=\"wp-block-spacer\"><\/div>\n\n\n\n\n\n<div style=\"height:45px\" aria-hidden=\"true\" class=\"wp-block-spacer\"><\/div>\n\n\n\n<p> El&nbsp;<strong>Congreso&nbsp;Aapresid<\/strong>, en su edici\u00f3n n\u00famero 32, se encuentra consolidado como el evento de conocimiento y tecnolog\u00edas en agricultura m\u00e1s destacado del pa\u00eds.&nbsp;Es el lugar donde los paradigmas de la sustentabilidad dialogan con las estrategias agron\u00f3micas, econ\u00f3micas y pol\u00edticas para mejorar la vida de todos, para el cual&nbsp;se esperan un total de 20.000 asistentes y m\u00e1s de 120 empresas.<\/p>\n\n\n\n<div style=\"height:35px\" aria-hidden=\"true\" class=\"wp-block-spacer\"><\/div>\n\n\n\n<figure class=\"wp-block-embed is-type-video is-provider-youtube wp-block-embed-youtube wp-embed-aspect-16-9 wp-has-aspect-ratio\"><div class=\"wp-block-embed__wrapper\">\n<iframe loading=\"lazy\" title=\"Congreso Aapresid 2024 - &quot;Todo est\u00e1 conectado&quot;\" width=\"1170\" height=\"658\" src=\"https:\/\/www.youtube.com\/embed\/LGHTR33EPf0?feature=oembed\" frameborder=\"0\" allow=\"accelerometer; autoplay; clipboard-write; encrypted-media; gyroscope; picture-in-picture; web-share\" referrerpolicy=\"strict-origin-when-cross-origin\" allowfullscreen><\/iframe>\n<\/div><\/figure>\n\n\n\n<div style=\"height:35px\" aria-hidden=\"true\" class=\"wp-block-spacer\"><\/div>\n\n\n\n<p>La&nbsp;<strong>edici\u00f3n de 2024<\/strong>&nbsp;se denomina \u201c<strong>Todo est\u00e1 conectado<\/strong>\u201d y se estructura en base a&nbsp;<strong>12 ejes tem\u00e1ticos<\/strong>&nbsp;que unen la producci\u00f3n, la ciencia y la inteligencia con el suelo:<\/p>\n\n\n\n<ol class=\"wp-block-list\">\n<li>Agricultura regenerativa<\/li>\n\n\n\n<li>Sistemas integrados<\/li>\n\n\n\n<li>Manejo de cultivos<\/li>\n\n\n\n<li>Salud del suelo y cambio clim\u00e1tico<\/li>\n\n\n\n<li>Bioeconom\u00eda<\/li>\n\n\n\n<li>Comunicaci\u00f3n y educaci\u00f3n<\/li>\n\n\n\n<li>Quo vadis<\/li>\n\n\n\n<li>Pol\u00edticas p\u00fablicas<\/li>\n\n\n\n<li>Biotecnolog\u00eda<\/li>\n\n\n\n<li>Agtech y digitalizaci\u00f3n<\/li>\n\n\n\n<li>Maquinaria<\/li>\n\n\n\n<li>Manejo del agua&nbsp;<\/li>\n<\/ol>\n\n\n\n<p>En este marco, la <strong>Facultad de Ciencias Agrarias<\/strong> <strong>(FCA)<\/strong> de la <strong>Universidad Nacional de Cuyo (UNCuyo)<\/strong> tendr\u00e1 un stand institucional, asignado sin costo por la organizaci\u00f3n de Aapresid en base a los v\u00ednculos generados. El stand tendr\u00e1 como objetivo visibilizar la oferta acad\u00e9mica, cient\u00edfica y de vinculaci\u00f3n.<\/p>\n\n\n\n<p>La convocatoria est\u00e1 destinada a estudiantes y docentes de FCA que deseen participar de los 3 d\u00edas de Congreso Aapresid, disfrutando de las conferencias y mesas redondas y contribuyendo con la atenci\u00f3n del stand institucional de FCA.<\/p>\n\n\n\n<p>A trav\u00e9s del acuerdo de la UNCuyo y el <strong>Ministerio de Defensa de Naci\u00f3n<\/strong>, la delegaci\u00f3n de la FCA contar\u00e1 con alojamiento en las instalaciones del Ministerio.<\/p>\n\n\n\n<p>La delegaci\u00f3n estar\u00e1 coordinada por la <strong>C\u00e1tedra de Agricultura Especial y la Secretar\u00eda de Vinculaci\u00f3n<\/strong> y los cupos son para 10 estudiantes y 3 docentes.<\/p>\n\n\n\n<div style=\"height:35px\" aria-hidden=\"true\" class=\"wp-block-spacer\"><\/div>\n\n\n\n<h3 class=\"wp-block-heading\"><strong>Beneficios<\/strong><\/h3>\n\n\n\n<ul class=\"wp-block-list\">\n<li>Inscripci\u00f3n gratuita en el Congreso.<\/li>\n\n\n\n<li>Traslado sin costo desde Mendoza hacia Buenos Aires y retorno a Mendoza.<\/li>\n\n\n\n<li>Alojamiento sin costo en la Ciudad de Buenos Aires por 4 noches.&nbsp;<\/li>\n<\/ul>\n\n\n\n<div style=\"height:35px\" aria-hidden=\"true\" class=\"wp-block-spacer\"><\/div>\n\n\n\n<h3 class=\"wp-block-heading\"><strong>Compromisos<\/strong><\/h3>\n\n\n\n<ul class=\"wp-block-list\">\n<li>Participaci\u00f3n activa en las instancias formativas y de networking.<\/li>\n\n\n\n<li>Atenci\u00f3n del stand institucional de al menos medio d\u00eda, seg\u00fan turnos a definir por la FCA.&nbsp;<\/li>\n\n\n\n<li>Al regresar, presentaci\u00f3n de un breve informe de las actividades&nbsp;<\/li>\n<\/ul>\n\n\n\n<p>Las&nbsp;<strong>inscripciones se encuentran abiertas hasta el 26 de julio a las 9 hs inclusive<\/strong>&nbsp;y deber\u00e1n realizarse a trav\u00e9s del siguiente&nbsp;<a href=\"https:\/\/docs.google.com\/forms\/d\/e\/1FAIpQLSeMdyVu_BQt4TcbovvU1MEY8kAOMdMKDwe7yICC8yEgJFAJNA\/viewform\"><strong>formulario<\/strong><\/a>. En el caso de los estudiantes, se dar\u00e1 prioridad a aquellos con mayor avance de carrera, con mejor promedio y que demuestren su inter\u00e9s por la actividad. En el caso de los docentes, se ponderar\u00e1 la pertinencia de la c\u00e1tedra con las tem\u00e1ticas del congreso.&nbsp;<\/p>\n\n\n\n<p>Para estudiantes y docentes que no queden seleccionados en la convocatoria y para egresados de FCA, se gestionar\u00e1n entradas al Congreso sin costo (hasta 20 entradas). Estos beneficiarios no contar\u00e1n con traslado y alojamiento.&nbsp;<\/p>\n\n\n\n<div style=\"height:29px\" aria-hidden=\"true\" class=\"wp-block-spacer\"><\/div>\n","protected":false},"excerpt":{"rendered":"<p>A partir de la colaboraci\u00f3n establecida entre la Facultad de Ciencias Agrarias (FCA) de la&hellip;<\/p>\n","protected":false},"author":3,"featured_media":120022,"comment_status":"open","ping_status":"open","sticky":false,"template":"","format":"standard","meta":{"footnotes":""},"categories":[56,10],"tags":[],"class_list":["post-120014","post","type-post","status-publish","format-standard","has-post-thumbnail","hentry","category-destacado","category-ferias"],"_links":{"self":[{"href":"https:\/\/enolife.com.ar\/es\/wp-json\/wp\/v2\/posts\/120014","targetHints":{"allow":["GET"]}}],"collection":[{"href":"https:\/\/enolife.com.ar\/es\/wp-json\/wp\/v2\/posts"}],"about":[{"href":"https:\/\/enolife.com.ar\/es\/wp-json\/wp\/v2\/types\/post"}],"author":[{"embeddable":true,"href":"https:\/\/enolife.com.ar\/es\/wp-json\/wp\/v2\/users\/3"}],"replies":[{"embeddable":true,"href":"https:\/\/enolife.com.ar\/es\/wp-json\/wp\/v2\/comments?post=120014"}],"version-history":[{"count":0,"href":"https:\/\/enolife.com.ar\/es\/wp-json\/wp\/v2\/posts\/120014\/revisions"}],"wp:featuredmedia":[{"embeddable":true,"href":"https:\/\/enolife.com.ar\/es\/wp-json\/wp\/v2\/media\/120022"}],"wp:attachment":[{"href":"https:\/\/enolife.com.ar\/es\/wp-json\/wp\/v2\/media?parent=120014"}],"wp:term":[{"taxonomy":"category","embeddable":true,"href":"https:\/\/enolife.com.ar\/es\/wp-json\/wp\/v2\/categories?post=120014"},{"taxonomy":"post_tag","embeddable":true,"href":"https:\/\/enolife.com.ar\/es\/wp-json\/wp\/v2\/tags?post=120014"}],"curies":[{"name":"wp","href":"https:\/\/api.w.org\/{rel}","templated":true}]}}