{"id":119856,"date":"2024-07-20T13:38:58","date_gmt":"2024-07-20T13:38:58","guid":{"rendered":"https:\/\/enolife.com.ar\/es\/?p=119856"},"modified":"2024-07-21T23:21:07","modified_gmt":"2024-07-21T23:21:07","slug":"atencion-bodegas-coviar-invita-a-una-capacitacion-en-exportaciones-y-ronda-de-negocios-con-brasil","status":"publish","type":"post","link":"https:\/\/enolife.com.ar\/es\/atencion-bodegas-coviar-invita-a-una-capacitacion-en-exportaciones-y-ronda-de-negocios-con-brasil\/","title":{"rendered":"Atenci\u00f3n bodegas: Coviar invita a una capacitaci\u00f3n en exportaciones y ronda de negocios con Brasil"},"content":{"rendered":"\n<h4 class=\"wp-block-heading\"><em><strong>La Corporaci\u00f3n Vitivin\u00edcola Argentina (Coviar) invita a bodegas de Catamarca y La Rioja a participar de una misi\u00f3n inversa y capacitaci\u00f3n para el sector vitivin\u00edcola sobre exportaciones. La actividad se llevar\u00e1 a cabo en la ciudad riojana de Chilecito y consiste en el dictado de un Seminario de Exportaciones Vitivin\u00edcolas durante la ma\u00f1ana y rondas de negocios con importadores brasile\u00f1os por la tarde.<\/strong><\/em><\/h4>\n\n\n\n<div style=\"height:35px\" aria-hidden=\"true\" class=\"wp-block-spacer\"><\/div>\n\n\n<a href=\"https:\/\/grupoaltasur.com\/\" aria-label=\"1700-500px\"><img loading=\"lazy\" decoding=\"async\" src=\"https:\/\/enolife.com.ar\/es\/wp-content\/uploads\/2021\/01\/1700-500px.jpg\" alt=\"\"  srcset=\"https:\/\/enolife.com.ar\/es\/wp-content\/uploads\/2021\/01\/1700-500px.jpg 1700w, https:\/\/enolife.com.ar\/es\/wp-content\/uploads\/2021\/01\/1700-500px-300x88.jpg 300w, https:\/\/enolife.com.ar\/es\/wp-content\/uploads\/2021\/01\/1700-500px-1024x301.jpg 1024w, https:\/\/enolife.com.ar\/es\/wp-content\/uploads\/2021\/01\/1700-500px-768x226.jpg 768w, https:\/\/enolife.com.ar\/es\/wp-content\/uploads\/2021\/01\/1700-500px-1536x452.jpg 1536w, https:\/\/enolife.com.ar\/es\/wp-content\/uploads\/2021\/01\/1700-500px-1170x344.jpg 1170w, https:\/\/enolife.com.ar\/es\/wp-content\/uploads\/2021\/01\/1700-500px-585x172.jpg 585w\" sizes=\"auto, (max-width: 1700px) 100vw, 1700px\" width=\"1700\" height=\"500\"   \/><\/a>\n\n\n<div style=\"height:45px\" aria-hidden=\"true\" class=\"wp-block-spacer\"><\/div>\n\n\n\n<p>Con el apoyo del Consejo Federal de Inversiones (CFI) y los gobiernos provinciales de La Rioja y Catamarca, la Corporaci\u00f3n Vitivinicola Argentina (Coviar) realizar\u00e1 el lunes 5\/8 de 9 a 18 hs una jornada para bodegas de ambas provincias, que incluye capacitaci\u00f3n y rondas de negocios con importadores de vino brasile\u00f1os, en la ciudad riojana de Chilecito. <\/p>\n\n\n\n<p class=\"has-background\" style=\"background-color:#abb7c263\"><strong>La actividad es presencial, con previa inscripci\u00f3n <a href=\"https:\/\/docs.google.com\/forms\/d\/e\/1FAIpQLSdxrDBLJG5R15vbM_fMENsOxZ4xD6MHaDPzBAQeTZ9N8QWlQA\/viewform\" title=\"\">AQU\u00cd <\/a><\/strong><\/p>\n\n\n\n<div style=\"height:35px\" aria-hidden=\"true\" class=\"wp-block-spacer\"><\/div>\n\n\n\n<p class=\"has-medium-font-size\"><strong>Seminario de Exportaciones Vitivin\u00edcolas<\/strong><\/p>\n\n\n\n<p>Durante la ma\u00f1ana, de 9 a 13 hs, se dictar\u00e1 una capacitaci\u00f3n sobre exportaciones del sector vitivin\u00edcola, seg\u00fan el siguiente programa:<\/p>\n\n\n\n<div style=\"height:15px\" aria-hidden=\"true\" class=\"wp-block-spacer\"><\/div>\n\n\n\n<p class=\"has-background\" style=\"background-color:#abb7c245\"><strong>Introducci\u00f3n &#8211; 9 hs<\/strong><\/p>\n\n\n\n<ul class=\"wp-block-list\">\n<li><strong>Panorama del mercado internacional<\/strong>: Tendencias del mercado internacional -Tendencias de consumo.<\/li>\n\n\n\n<li><strong>Mercado externo vs. mercado interno<\/strong>: L\u00f3gicas distintas &#8211; Categor\u00eda \u00abVino Argentino\u00bb en el mundo<\/li>\n\n\n\n<li><strong>\u00bfC\u00f3mo prepararse para exportar?<\/strong>: Pasos y requisitos &#8211; Inteligencia comercial &#8211; Precio de exportaci\u00f3n &#8211; Herramientas b\u00e1sicas de marketing y promoci\u00f3n internacional &#8211; Plan y presupuesto de inversi\u00f3n &#8211; Principales mercados de Argentina (USA, Brasil, monopolios estatales, Reino Unido, Asia)<\/li>\n\n\n\n<li><strong>Log\u00edstica<\/strong>: Incoterms &#8211; Documentaci\u00f3n -Actores &#8211; Medios de transporte &#8211; Embalaje &#8211; Env\u00edo de muestras<\/li>\n\n\n\n<li><strong>El potencial de la regi\u00f3n<\/strong>: Estilo de vinos &#8211; Plan de comunicaci\u00f3n<\/li>\n<\/ul>\n\n\n\n<div style=\"height:20px\" aria-hidden=\"true\" class=\"wp-block-spacer\"><\/div>\n\n\n\n<p class=\"has-background\" style=\"background-color:#abb7c245\"><strong>Taller de enoturismo &#8211; 11.30 hs<\/strong><\/p>\n\n\n\n<ul class=\"wp-block-list\">\n<li><strong>Presentaci\u00f3n sobre el turismo del vino<\/strong>: Productos enotur\u00edsticos, experiencias y acciones &#8211; Ruta del vino -Integraci\u00f3n de cadenas de valor &#8211; Sostenibilidad enotur\u00edstica<\/li>\n\n\n\n<li><strong>Crear un producto tur\u00edstico. Caso de \u00e9xito<\/strong><\/li>\n\n\n\n<li><strong>Preparar a la bodega para el turismo<\/strong>: Diagn\u00f3stico de bodegas participantes &#8211; Din\u00e1micas grupales: storytelling, marca, staff y atenci\u00f3n al cliente, marketing y comercializaci\u00f3n.<\/li>\n\n\n\n<li><strong>Conclusiones y accionables<\/strong><\/li>\n<\/ul>\n\n\n\n<div style=\"height:20px\" aria-hidden=\"true\" class=\"wp-block-spacer\"><\/div>\n\n\n\n<p class=\"has-background\" style=\"background-color:#abb7c245\"><strong>Rondas de negocios<\/strong> <strong>&#8211; 14 a 18 hs<\/strong><\/p>\n\n\n\n<p>Las empresas brasileras que participar\u00e1n de la ronda de negocios son de Curitiba y Brasilia.<\/p>\n\n\n\n<p><strong>M\u00e1s informaci\u00f3n: <a href=\"https:\/\/sites.google.com\/view\/misioncatamarca-y-la-rioja\/home\/programa?authuser=0\" title=\"\">AQU\u00cd<\/a><\/strong><\/p>\n\n\n\n<div style=\"height:30px\" aria-hidden=\"true\" class=\"wp-block-spacer\"><\/div>\n","protected":false},"excerpt":{"rendered":"<p>La Corporaci\u00f3n Vitivin\u00edcola Argentina (Coviar) invita a bodegas de Catamarca y La Rioja a participar&hellip;<\/p>\n","protected":false},"author":3,"featured_media":119863,"comment_status":"open","ping_status":"open","sticky":false,"template":"","format":"standard","meta":{"footnotes":""},"categories":[47],"tags":[],"class_list":["post-119856","post","type-post","status-publish","format-standard","has-post-thumbnail","hentry","category-agenda"],"_links":{"self":[{"href":"https:\/\/enolife.com.ar\/es\/wp-json\/wp\/v2\/posts\/119856","targetHints":{"allow":["GET"]}}],"collection":[{"href":"https:\/\/enolife.com.ar\/es\/wp-json\/wp\/v2\/posts"}],"about":[{"href":"https:\/\/enolife.com.ar\/es\/wp-json\/wp\/v2\/types\/post"}],"author":[{"embeddable":true,"href":"https:\/\/enolife.com.ar\/es\/wp-json\/wp\/v2\/users\/3"}],"replies":[{"embeddable":true,"href":"https:\/\/enolife.com.ar\/es\/wp-json\/wp\/v2\/comments?post=119856"}],"version-history":[{"count":0,"href":"https:\/\/enolife.com.ar\/es\/wp-json\/wp\/v2\/posts\/119856\/revisions"}],"wp:featuredmedia":[{"embeddable":true,"href":"https:\/\/enolife.com.ar\/es\/wp-json\/wp\/v2\/media\/119863"}],"wp:attachment":[{"href":"https:\/\/enolife.com.ar\/es\/wp-json\/wp\/v2\/media?parent=119856"}],"wp:term":[{"taxonomy":"category","embeddable":true,"href":"https:\/\/enolife.com.ar\/es\/wp-json\/wp\/v2\/categories?post=119856"},{"taxonomy":"post_tag","embeddable":true,"href":"https:\/\/enolife.com.ar\/es\/wp-json\/wp\/v2\/tags?post=119856"}],"curies":[{"name":"wp","href":"https:\/\/api.w.org\/{rel}","templated":true}]}}