{"id":119799,"date":"2024-07-19T14:46:51","date_gmt":"2024-07-19T14:46:51","guid":{"rendered":"https:\/\/enolife.com.ar\/es\/?p=119799"},"modified":"2024-07-20T13:38:23","modified_gmt":"2024-07-20T13:38:23","slug":"avm-sostiene-la-utilidad-de-la-lucha-antigranizo-con-aviones-y-pide-dialogo-con-el-gobierno","status":"publish","type":"post","link":"https:\/\/enolife.com.ar\/es\/avm-sostiene-la-utilidad-de-la-lucha-antigranizo-con-aviones-y-pide-dialogo-con-el-gobierno\/","title":{"rendered":"AVM sostiene la utilidad de la lucha antigranizo con aviones y pide di\u00e1logo con el gobierno"},"content":{"rendered":"\n<h4 class=\"wp-block-heading\"><em><strong>Los productores vitivin\u00edcolas agrupados en la Asociaci\u00f3n de Vi\u00f1ateros de Mendoza (AVM), entidad presidida por Eduardo C\u00f3rdoba, critic\u00f3 la cancelaci\u00f3n del sistema \u00abde manera inconsulta\u00bb por el gobierno provincial y tambi\u00e9n pidi\u00f3 reunirse con las autoridades del Departamento General de Irrigaci\u00f3n para discutir el proyecto del C\u00f3digo de Aguas.<\/strong><\/em><\/h4>\n\n\n\n<div style=\"height:35px\" aria-hidden=\"true\" class=\"wp-block-spacer\"><\/div>\n\n\n\n\n\n<div style=\"height:45px\" aria-hidden=\"true\" class=\"wp-block-spacer\"><\/div>\n\n\n\n<p><strong>Eduardo C\u00f3rdoba<\/strong>, presidente de la <strong>Asociaci\u00f3n Vi\u00f1ateros de Mendoza (AVM)<\/strong>, expres\u00f3 la firme postura de la entidad frente a dos temas de crucial importancia para los productores vit\u00edcolas locales: por un lado, la <strong>suspensi\u00f3n de la lucha antigranizo con aviones<\/strong>, y por otro, el proyecto del <strong>C\u00f3digo de Aguas<\/strong> impulsadas por el <strong>Departamento General de Irrigaci\u00f3n.<\/strong><\/p>\n\n\n\n<div style=\"height:30px\" aria-hidden=\"true\" class=\"wp-block-spacer\"><\/div>\n\n\n\n<p class=\"has-medium-font-size\"><strong>Lucha antigranizo<\/strong><\/p>\n\n\n<div class=\"wp-block-image\">\n<figure class=\"alignleft size-full is-resized\"><a href=\"https:\/\/enolife.com.ar\/es\/wp-content\/uploads\/2024\/07\/cordoba.jpg\" data-rel=\"penci-gallery-image-content\" ><img loading=\"lazy\" decoding=\"async\" src=\"https:\/\/enolife.com.ar\/es\/wp-content\/uploads\/2024\/07\/cordoba.jpg\" alt=\"\" class=\"wp-image-119806\" width=\"278\" height=\"304\" srcset=\"https:\/\/enolife.com.ar\/es\/wp-content\/uploads\/2024\/07\/cordoba.jpg 503w, https:\/\/enolife.com.ar\/es\/wp-content\/uploads\/2024\/07\/cordoba-275x300.jpg 275w\" sizes=\"auto, (max-width: 278px) 100vw, 278px\" \/><\/a><\/figure><\/div>\n\n\n<p>Sobre la lucha antigranizo, Eduardo C\u00f3rdoba expres\u00f3 que <em>\u201cla Asociaci\u00f3n Vi\u00f1ateros de Mendoza ha trabajado hist\u00f3ricamente bajo un enfoque de an\u00e1lisis profundo de cada tema y de las decisiones tomadas tanto por el Poder Ejecutivo provincial como por diversas instituciones nacionales. En este contexto, criticamos la medida de suspender la lucha antigranizo sin exponer los datos concretos de su funcionamiento y sin una consulta previa adecuada\u201d<\/em>.<\/p>\n\n\n\n<p><em>\u00abEstamos en plena democracia <\/em>-agreg\u00f3 el dirigente-<em>; lo l\u00f3gico hubiera sido que se realizaran reuniones y se brindaran explicaciones sobre el motivo de suspender la lucha antigranizo. Nosotros, por nuestra cuenta, convocamos a los pilotos de los aviones y realizamos una reuni\u00f3n amplia en la que expusieron su posici\u00f3n y estad\u00edsticas, demostrando que el sistema de defensa con siembra de nubes disminuye significativamente los da\u00f1os del granizo. Consideramos que este sistema tiene que continuar y criticamos que se haya decidido su eliminaci\u00f3n de forma absolutamente inconsulta\u00bb<\/em>.<\/p>\n\n\n\n<p>Desde la entidad se entiende que <em>\u00abalgo se debe hacer para mitigar el granizo.. las tormentas que no se mitigan traen aparejadas desocupaci\u00f3n en el agro y atenta contra el turismo, la Vendimia, todo lo que a la vitivinicultura ata\u00f1e&#8230; Cuando algo no funciona bien, no se debe eliminar, todo por el contrario se debe optimizar y eficientizar\u00bb.<\/em><\/p>\n\n\n\n<div style=\"height:35px\" aria-hidden=\"true\" class=\"wp-block-spacer\"><\/div>\n\n\n\n<p class=\"has-medium-font-size\"><strong>Proyecto c\u00f3digo de aguas<\/strong><\/p>\n\n\n\n<p>Otro tema de preocupaci\u00f3n para la AVM es el proyecto del C\u00f3digo de Aguas. Para abordar este asunto, la entidad, en trabajo mancomunado, integrando la \u201cMesa del Agua\u201d y las asambleas de regantes, estudia con asesores especializados y analiza detenidamente las modificaciones. Adem\u00e1s, ya han solicitado una reuni\u00f3n con los funcionarios de Irrigaci\u00f3n para profundizar sobre este tema y fijar una posici\u00f3n clara.<\/p>\n\n\n\n<p><em>\u00abJunto a otras entidades hemos solicitado una entrevista tambi\u00e9n al ministro de la Producci\u00f3n Vargas Arizu para hablar sobre el tema de la lucha antigranizo y otros asuntos relevantes. La Asociaci\u00f3n Vi\u00f1ateros de Mendoza siempre trabaja de manera seria, inform\u00e1ndose y haciendo aportes concretos. No hemos participado en ninguna reuni\u00f3n donde se decidiera sobre medidas de fuerzas, pero sin lugar a dudas siempre estaremos del lado de los productores apoyando\u00bb<\/em>, afirm\u00f3 C\u00f3rdoba.<\/p>\n\n\n\n<div style=\"height:15px\" aria-hidden=\"true\" class=\"wp-block-spacer\"><\/div>\n\n\n\n<p><strong>M\u00e1s informaci\u00f3n en: <a href=\"http:\/\/www.avm.org.ar\" title=\"\">www.avm.org.ar<\/a> &#8211; IG: <a href=\"https:\/\/www.instagram.com\/avm_mendoza\/\" title=\"\">@avm_mendoza<\/a><\/strong><\/p>\n\n\n\n<div style=\"height:30px\" aria-hidden=\"true\" class=\"wp-block-spacer\"><\/div>\n","protected":false},"excerpt":{"rendered":"<p>Los productores vitivin\u00edcolas agrupados en la Asociaci\u00f3n de Vi\u00f1ateros de Mendoza (AVM), entidad presidida por&hellip;<\/p>\n","protected":false},"author":3,"featured_media":119805,"comment_status":"open","ping_status":"open","sticky":false,"template":"","format":"standard","meta":{"footnotes":""},"categories":[56,14],"tags":[],"class_list":["post-119799","post","type-post","status-publish","format-standard","has-post-thumbnail","hentry","category-destacado","category-news"],"_links":{"self":[{"href":"https:\/\/enolife.com.ar\/es\/wp-json\/wp\/v2\/posts\/119799","targetHints":{"allow":["GET"]}}],"collection":[{"href":"https:\/\/enolife.com.ar\/es\/wp-json\/wp\/v2\/posts"}],"about":[{"href":"https:\/\/enolife.com.ar\/es\/wp-json\/wp\/v2\/types\/post"}],"author":[{"embeddable":true,"href":"https:\/\/enolife.com.ar\/es\/wp-json\/wp\/v2\/users\/3"}],"replies":[{"embeddable":true,"href":"https:\/\/enolife.com.ar\/es\/wp-json\/wp\/v2\/comments?post=119799"}],"version-history":[{"count":0,"href":"https:\/\/enolife.com.ar\/es\/wp-json\/wp\/v2\/posts\/119799\/revisions"}],"wp:featuredmedia":[{"embeddable":true,"href":"https:\/\/enolife.com.ar\/es\/wp-json\/wp\/v2\/media\/119805"}],"wp:attachment":[{"href":"https:\/\/enolife.com.ar\/es\/wp-json\/wp\/v2\/media?parent=119799"}],"wp:term":[{"taxonomy":"category","embeddable":true,"href":"https:\/\/enolife.com.ar\/es\/wp-json\/wp\/v2\/categories?post=119799"},{"taxonomy":"post_tag","embeddable":true,"href":"https:\/\/enolife.com.ar\/es\/wp-json\/wp\/v2\/tags?post=119799"}],"curies":[{"name":"wp","href":"https:\/\/api.w.org\/{rel}","templated":true}]}}