{"id":119734,"date":"2024-07-19T11:16:48","date_gmt":"2024-07-19T11:16:48","guid":{"rendered":"https:\/\/enolife.com.ar\/es\/?p=119734"},"modified":"2024-07-21T14:43:11","modified_gmt":"2024-07-21T14:43:11","slug":"nueva-ig-argentina-el-inv-califico-a-tandil-como-un-terruno-de-calidad-para-producir-uvas-y-vinos","status":"publish","type":"post","link":"https:\/\/enolife.com.ar\/es\/nueva-ig-argentina-el-inv-califico-a-tandil-como-un-terruno-de-calidad-para-producir-uvas-y-vinos\/","title":{"rendered":"Nueva IG argentina: el INV calific\u00f3 a Tandil como un terru\u00f1o de calidad para producir uvas y vinos"},"content":{"rendered":"\n<h4 class=\"wp-block-heading\"><em><strong>El 17\/7\/24, el\u00a0Instituto Nacional de Vitivinicultura\u00a0(INV) reconoci\u00f3 una nueva\u00a0Indicaci\u00f3n Geogr\u00e1fica\u00a0(IG) para la producci\u00f3n de vinos, con un sello que implica calidad a la hora de la comercializaci\u00f3n del producto. La misma est\u00e1 ubicada en la provincia de Buenos Aires, en un \u00e1rea que rodea a la ciudad de\u00a0Tandil. El organismo public\u00f3 la resoluci\u00f3n en el Bolet\u00edn Oficial, con la firma del presidente, Carlos Tizio.<\/strong><\/em><\/h4>\n\n\n\n<div style=\"height:35px\" aria-hidden=\"true\" class=\"wp-block-spacer\"><\/div>\n\n\n<a href=\"https:\/\/fermentis.com\/es\/\" aria-label=\"MYC-forSparkling_1700x500 (1)\"><img loading=\"lazy\" decoding=\"async\" src=\"https:\/\/enolife.com.ar\/es\/wp-content\/uploads\/2022\/03\/MYC-forSparkling_1700x500-1.jpg\" alt=\"\"  srcset=\"https:\/\/enolife.com.ar\/es\/wp-content\/uploads\/2022\/03\/MYC-forSparkling_1700x500-1.jpg 1700w, https:\/\/enolife.com.ar\/es\/wp-content\/uploads\/2022\/03\/MYC-forSparkling_1700x500-1-300x88.jpg 300w, https:\/\/enolife.com.ar\/es\/wp-content\/uploads\/2022\/03\/MYC-forSparkling_1700x500-1-1024x301.jpg 1024w, https:\/\/enolife.com.ar\/es\/wp-content\/uploads\/2022\/03\/MYC-forSparkling_1700x500-1-768x226.jpg 768w, https:\/\/enolife.com.ar\/es\/wp-content\/uploads\/2022\/03\/MYC-forSparkling_1700x500-1-1536x452.jpg 1536w, https:\/\/enolife.com.ar\/es\/wp-content\/uploads\/2022\/03\/MYC-forSparkling_1700x500-1-1170x344.jpg 1170w, https:\/\/enolife.com.ar\/es\/wp-content\/uploads\/2022\/03\/MYC-forSparkling_1700x500-1-585x172.jpg 585w\" sizes=\"auto, (max-width: 1700px) 100vw, 1700px\" width=\"1700\" height=\"500\"   \/><\/a>\n\n\n<div style=\"height:45px\" aria-hidden=\"true\" class=\"wp-block-spacer\"><\/div>\n\n\n\n<p>En Argentina hay, ahora, <strong>111 Indicaciones Geogr\u00e1ficas (IG) <\/strong>para zonas vitivin\u00edcolas aprobadas por el&nbsp;<strong>Instituto Nacional de Vitivinicultura (INV)<\/strong>. Una&nbsp;<strong>Indicaci\u00f3n Geogr\u00e1fica<\/strong>&nbsp;<strong>(IG)&nbsp;<\/strong>es una calificaci\u00f3n oficial y un sello de calidad que identifica a un&nbsp;<strong>vino<\/strong>&nbsp;como originario de una regi\u00f3n, y atribuye su excelencia a este origen geogr\u00e1fico, otorg\u00e1ndole un valor agregado al producto.<\/p>\n\n\n\n<p>La solicitud de reconocimiento de IG fue realizada por <strong>Mat\u00edas Lucas<\/strong>, el due\u00f1o de la bodega <strong>Cord\u00f3n Blanco<\/strong>. La resoluci\u00f3n tambi\u00e9n detalla que, de acuerdo con los antecedentes presentados, el \u00e1rea <em>\u00abest\u00e1 formada por terru\u00f1os con cualidades distintivas, aptos para la producci\u00f3n de\u00a0vinos\u00a0de calidad\u00bb.<\/em> La nueva IG fue reconocida bajo el nombre de\u00a0<strong>Tandil<\/strong>.<\/p>\n\n\n\n<div style=\"height:30px\" aria-hidden=\"true\" class=\"wp-block-spacer\"><\/div>\n\n\n<div class=\"wp-block-image\">\n<figure class=\"aligncenter size-full is-resized\"><a href=\"https:\/\/enolife.com.ar\/es\/wp-content\/uploads\/2024\/07\/Imagen2-18.jpg\" data-rel=\"penci-gallery-image-content\" ><img loading=\"lazy\" decoding=\"async\" src=\"https:\/\/enolife.com.ar\/es\/wp-content\/uploads\/2024\/07\/Imagen2-18.jpg\" alt=\"\" class=\"wp-image-119793\" width=\"677\" height=\"490\" srcset=\"https:\/\/enolife.com.ar\/es\/wp-content\/uploads\/2024\/07\/Imagen2-18.jpg 715w, https:\/\/enolife.com.ar\/es\/wp-content\/uploads\/2024\/07\/Imagen2-18-300x217.jpg 300w, https:\/\/enolife.com.ar\/es\/wp-content\/uploads\/2024\/07\/Imagen2-18-585x423.jpg 585w\" sizes=\"auto, (max-width: 677px) 100vw, 677px\" \/><\/a><\/figure><\/div>\n\n\n<div style=\"height:35px\" aria-hidden=\"true\" class=\"wp-block-spacer\"><\/div>\n\n\n\n<p class=\"has-medium-font-size\"><strong>Bueno para la joven comunidad vitivin\u00edcola de Tandil<\/strong><\/p>\n\n\n\n<p>A dos a\u00f1os de su nacimiento, la joven<strong> Asociaci\u00f3n de Productores Vitivin\u00edcolas de Tandil <\/strong>est\u00e1 de festejo. A trav\u00e9s del trabajo de los <strong>11 productores <\/strong>que la fundaron, que se encuentran distribuidos entre sierra y llano, lograron el pasado <strong>17\/7\/24<\/strong> la aprobaci\u00f3n de la Identificaci\u00f3n Geogr\u00e1fica (IG) para los vinos que se elaboren all\u00ed.<\/p>\n\n\n\n<p>Mediante la<strong>\u00a0<a href=\"https:\/\/www.boletinoficial.gob.ar\/detalleAviso\/primera\/310607\/20240717\" target=\"_blank\" rel=\"noreferrer noopener\">Resoluci\u00f3n 24\/2024<\/a><\/strong>, el INV dispuso: <em>\u201cRecon\u00f3cese, prot\u00e9gese y reg\u00edstrase el \u00e1rea solicitada bajo el nombre de Tandil como una Indicaci\u00f3n Geogr\u00e1fica de la Rep\u00fablica Argentina, perteneciente a la provincia de Buenos Aires\u201d.<\/em><\/p>\n\n\n\n<p>De esta forma, con la firma de su presidente Carlos Tizio, se reconoci\u00f3 que <em>\u201cde acuerdo a los antecedentes presentados en el expediente citado en el Visto y los estudios realizados por los sectores competentes de este Instituto, el \u00e1rea de producci\u00f3n de la Indicaci\u00f3n Geogr\u00e1fica est\u00e1 formada por terru\u00f1os con cualidades distintivas, aptos para la producci\u00f3n de vinos de calidad\u201d.<\/em>\u00a0<\/p>\n\n\n\n<div style=\"height:30px\" aria-hidden=\"true\" class=\"wp-block-spacer\"><\/div>\n\n\n<div class=\"wp-block-image\">\n<figure class=\"aligncenter size-full is-resized\"><a href=\"https:\/\/enolife.com.ar\/es\/wp-content\/uploads\/2024\/07\/Imagen1-28.jpg\" data-rel=\"penci-gallery-image-content\" ><img loading=\"lazy\" decoding=\"async\" src=\"https:\/\/enolife.com.ar\/es\/wp-content\/uploads\/2024\/07\/Imagen1-28.jpg\" alt=\"\" class=\"wp-image-119794\" width=\"572\" height=\"432\" srcset=\"https:\/\/enolife.com.ar\/es\/wp-content\/uploads\/2024\/07\/Imagen1-28.jpg 612w, https:\/\/enolife.com.ar\/es\/wp-content\/uploads\/2024\/07\/Imagen1-28-300x226.jpg 300w, https:\/\/enolife.com.ar\/es\/wp-content\/uploads\/2024\/07\/Imagen1-28-585x442.jpg 585w\" sizes=\"auto, (max-width: 572px) 100vw, 572px\" \/><\/a><\/figure><\/div>\n\n\n<div style=\"height:30px\" aria-hidden=\"true\" class=\"wp-block-spacer\"><\/div>\n\n\n\n<p>La Asociaci\u00f3n que impuls\u00f3 esta nueva IG vitivin\u00edcola fue creada con apoyo oficial en 2022, con el objetivo de <em>\u201ccoordinar, potenciar, promover y promocionar la producci\u00f3n del sector vitivin\u00edcola en el Partido de Tandil, comprendiendo, los \u00e1mbitos de la investigaci\u00f3n cient\u00edfica, el desarrollo experimental y la innovaci\u00f3n tecnol\u00f3gica y no tecnol\u00f3gica, favorecer la competitividad de sus asociados y representar sus intereses en esos \u00e1mbitos a nivel nacional e internacional\u201d.<\/em> <\/p>\n\n\n\n<p>Para ello estipularon \u201c<em>el desarrollo de actividades de promoci\u00f3n de proyectos identificados por el sector como prioritarios y contribuir a su materializaci\u00f3n; impulsar la cooperaci\u00f3n entre empresas del sector con agentes de organismos p\u00fablicos y privados; priorizar la mejora continua de calidad del sector vitivin\u00edcola y su canalizaci\u00f3n hacia los programas de financiaci\u00f3n e identificar las necesidades de infraestructuras cient\u00edfico-t\u00e9cnicas en el sector\u201d.<\/em><\/p>\n\n\n\n<div style=\"height:30px\" aria-hidden=\"true\" class=\"wp-block-spacer\"><\/div>\n\n\n\n<blockquote class=\"wp-block-quote is-layout-flow wp-block-quote-is-layout-flow\">\n<p>Tenemos muchas expectativas de crecer y en un futuro salir al mundo. Hemos trabajado fuertemente en este proyecto y queremos lograr que Tandil sea zona vitivin\u00edcola declarada\u201d, <\/p>\n<cite><strong>Mat\u00edas Lucas, <\/strong>presidente de Asociaci\u00f3n de Vi\u00f1ateros de Tandil y adem\u00e1s primer productor vitivin\u00edcola de la zona.<\/cite><\/blockquote>\n\n\n\n<div style=\"height:30px\" aria-hidden=\"true\" class=\"wp-block-spacer\"><\/div>\n\n\n\n<p>De la mano de su bodega <strong>Cord\u00f3n Blanco<\/strong>, produce all\u00ed las variedades <strong>Merlot, Cabernet Franc, Sauvignon Blanc, adem\u00e1s de Semill\u00f3n, Syrah, Carmenere y Sauvignon Blanc.<\/strong><\/p>\n\n\n\n<div style=\"height:23px\" aria-hidden=\"true\" class=\"wp-block-spacer\"><\/div>\n\n\n\n<p class=\"has-small-font-size\"><em><strong>Fuentes: INV, Mendoza Post y Bichos de Campo<\/strong><\/em><\/p>\n\n\n\n<div style=\"height:26px\" aria-hidden=\"true\" class=\"wp-block-spacer\"><\/div>\n","protected":false},"excerpt":{"rendered":"<p>El 17\/7\/24, el\u00a0Instituto Nacional de Vitivinicultura\u00a0(INV) reconoci\u00f3 una nueva\u00a0Indicaci\u00f3n Geogr\u00e1fica\u00a0(IG) para la producci\u00f3n de vinos,&hellip;<\/p>\n","protected":false},"author":3,"featured_media":119797,"comment_status":"open","ping_status":"open","sticky":false,"template":"","format":"standard","meta":{"footnotes":""},"categories":[14],"tags":[],"class_list":["post-119734","post","type-post","status-publish","format-standard","has-post-thumbnail","hentry","category-news"],"_links":{"self":[{"href":"https:\/\/enolife.com.ar\/es\/wp-json\/wp\/v2\/posts\/119734","targetHints":{"allow":["GET"]}}],"collection":[{"href":"https:\/\/enolife.com.ar\/es\/wp-json\/wp\/v2\/posts"}],"about":[{"href":"https:\/\/enolife.com.ar\/es\/wp-json\/wp\/v2\/types\/post"}],"author":[{"embeddable":true,"href":"https:\/\/enolife.com.ar\/es\/wp-json\/wp\/v2\/users\/3"}],"replies":[{"embeddable":true,"href":"https:\/\/enolife.com.ar\/es\/wp-json\/wp\/v2\/comments?post=119734"}],"version-history":[{"count":0,"href":"https:\/\/enolife.com.ar\/es\/wp-json\/wp\/v2\/posts\/119734\/revisions"}],"wp:featuredmedia":[{"embeddable":true,"href":"https:\/\/enolife.com.ar\/es\/wp-json\/wp\/v2\/media\/119797"}],"wp:attachment":[{"href":"https:\/\/enolife.com.ar\/es\/wp-json\/wp\/v2\/media?parent=119734"}],"wp:term":[{"taxonomy":"category","embeddable":true,"href":"https:\/\/enolife.com.ar\/es\/wp-json\/wp\/v2\/categories?post=119734"},{"taxonomy":"post_tag","embeddable":true,"href":"https:\/\/enolife.com.ar\/es\/wp-json\/wp\/v2\/tags?post=119734"}],"curies":[{"name":"wp","href":"https:\/\/api.w.org\/{rel}","templated":true}]}}