{"id":119683,"date":"2024-07-16T13:33:44","date_gmt":"2024-07-16T13:33:44","guid":{"rendered":"https:\/\/enolife.com.ar\/es\/?p=119683"},"modified":"2024-07-17T15:34:29","modified_gmt":"2024-07-17T15:34:29","slug":"el-campeon-de-america-leandro-paredes-presenta-su-vino-lp32-made-in-guaymallen-mendoza","status":"publish","type":"post","link":"https:\/\/enolife.com.ar\/es\/el-campeon-de-america-leandro-paredes-presenta-su-vino-lp32-made-in-guaymallen-mendoza\/","title":{"rendered":"El campe\u00f3n de Am\u00e9rica Leandro Paredes presenta su vino LP32, made in Guaymall\u00e9n, Mendoza"},"content":{"rendered":"\n<h4 class=\"wp-block-heading\"><em><strong>Hace unas semanas fue Juan Mart\u00edn del Potro quien lleg\u00f3 a Mendoza para lanzar el nuevo vino con su nombre. En el desfile de estrellas del deporte y el espect\u00e1culo que eligen las bodegas de la provincia para elaborar sus etiquetas, ahora aparece el campe\u00f3n del mundo y de Am\u00e9rica de f\u00fatbol, el mediocampista estrella de la Selecci\u00f3n. Seg\u00fan anunciaron desde la Bodega Barberis -Tirasso 5702 de Guaymall\u00e9n, Mendoza-, donde el crack hace su vino, Leandro pondr\u00e1 en escena el segundo vino de su marca \u00abMi Victoria\u00bb -LP32- el jueves 18 de julio pr\u00f3ximo en el hotel Hilton de Buenos Aires. Y se espera una pr\u00f3xima visita a Mendoza, que anticiparemos por este medio.<\/strong><\/em><\/h4>\n\n\n\n<div style=\"height:35px\" aria-hidden=\"true\" class=\"wp-block-spacer\"><\/div>\n\n\n<a href=\"https:\/\/sudafilt.com\/\" aria-label=\"SUDAFILT 1700X500 NOV25\"><img loading=\"lazy\" decoding=\"async\" src=\"https:\/\/enolife.com.ar\/es\/wp-content\/uploads\/2020\/07\/SUDAFILT-1700X500-NOV25.gif\" alt=\"\"  width=\"1700\" height=\"500\"   \/><\/a>\n\n\n<div style=\"height:45px\" aria-hidden=\"true\" class=\"wp-block-spacer\"><\/div>\n\n\n\n<p>En 2022, <strong>Leandro Paredes, de 30 a\u00f1os,<\/strong> fue noticia en el mundo de la vitivinicultura al lanzar su vino \u00abMi Victoria\u00bb <strong>LP5<\/strong> (por Leandro Paredes y por su n\u00famero de <strong>camiseta 5<\/strong>, que identifica su puesto en la <strong>Selecci\u00f3n Argentina <\/strong>de f\u00fatbol). Ahora, el actual jugador de la<strong> Roma<\/strong> de Italia, termin\u00f3 de elaborar su nuevo vino de la mano de la <strong>Bodega Barberis de Guaymall\u00e9n, Mendoza. <\/strong>Se trata del \u00abMi Victoria\u00bb <strong>LP32<\/strong>, otra vez con sus iniciales pero cambiando el <strong>n\u00famero 32<\/strong>, que fue el que tuvo primero en su club inicial, <strong>Boca Juniors<\/strong> de Argentina, y luego en la <strong>Juventus<\/strong> de Italia.<\/p>\n\n\n\n<div style=\"height:30px\" aria-hidden=\"true\" class=\"wp-block-spacer\"><\/div>\n\n\n<div class=\"wp-block-image\">\n<figure class=\"aligncenter size-full is-resized\"><a href=\"https:\/\/enolife.com.ar\/es\/wp-content\/uploads\/2024\/07\/81bd346d13ee7a3fb1c972520aeb1121593287f2.jpg\" data-rel=\"penci-gallery-image-content\" ><img loading=\"lazy\" decoding=\"async\" src=\"https:\/\/enolife.com.ar\/es\/wp-content\/uploads\/2024\/07\/81bd346d13ee7a3fb1c972520aeb1121593287f2.jpg\" alt=\"\" class=\"wp-image-119690\" width=\"626\" height=\"340\" srcset=\"https:\/\/enolife.com.ar\/es\/wp-content\/uploads\/2024\/07\/81bd346d13ee7a3fb1c972520aeb1121593287f2.jpg 736w, https:\/\/enolife.com.ar\/es\/wp-content\/uploads\/2024\/07\/81bd346d13ee7a3fb1c972520aeb1121593287f2-300x163.jpg 300w, https:\/\/enolife.com.ar\/es\/wp-content\/uploads\/2024\/07\/81bd346d13ee7a3fb1c972520aeb1121593287f2-585x318.jpg 585w\" sizes=\"auto, (max-width: 626px) 100vw, 626px\" \/><\/a><figcaption class=\"wp-element-caption\"><strong><em>Leandro Paredes abrazando la Copa Am\u00e9rica que consiguieron el domingo 14\/7<\/em><\/strong><\/figcaption><\/figure><\/div>\n\n\n<div style=\"height:30px\" aria-hidden=\"true\" class=\"wp-block-spacer\"><\/div>\n\n\n\n<p>La noticia del nuevo vino trascendi\u00f3 cuando el propietario de la bodega Barberis, <strong>Leandro Barberis<\/strong>, visit\u00f3 al intendente de Guaymall\u00e9n, <strong>Marcos Calvente<\/strong>, para contarle que Paredes tiene otro vino de Mendoza y que probablemente viaje a esta ciudad en sus pr\u00f3ximas vacaciones o en un intervalo en su apretada agenda de futbolista internacional.<\/p>\n\n\n\n<p>Desde la comuna guaymallina, manifestaron su deseo de enviarle un regalo de reconocimiento al compa\u00f1ero de <strong>Lionel Messi <\/strong>en la Selecci\u00f3n, por haber elegido de nuevo al departamento m\u00e1s populoso de Mendoza como escenario de su lanzamiento. <\/p>\n\n\n\n<p>El nuevo vino ser\u00e1 un <strong>Malbec de alta gam<\/strong>a pero con un perfil un poco mas comercial que el anterior y que maridar\u00e1 bien con todo tipo de comidas, especialmente pastas, carnes, empanadas, guisados y comidas criollas. En breve podr\u00e1 adquirirse en distintas cadenas comerciales, en la p\u00e1gina de Mi Victoria y en la Bodega Barberis.\u00a0\u00a0<\/p>\n\n\n\n<p>Seg\u00fan comentaron desde la bodega <em>\u00abParedes tuvo participaci\u00f3n en el dise\u00f1o tambi\u00e9n, junto a su familia que est\u00e1 ac\u00e1 en Argentina. Se pudo hacer un trabajo conjunto hasta elegir la marca: &#8216;Mi Victoria&#8217; que incluy\u00f3 al LP5 (el lanzamiento anterior), y ahora suma este LP32, que habla de su trayectoria de juego\u00bb.<\/em> <\/p>\n\n\n\n<div style=\"height:30px\" aria-hidden=\"true\" class=\"wp-block-spacer\"><\/div>\n\n\n\n<div style=\"height:33px\" aria-hidden=\"true\" class=\"wp-block-spacer\"><\/div>\n","protected":false},"excerpt":{"rendered":"<p>Hace unas semanas fue Juan Mart\u00edn del Potro quien lleg\u00f3 a Mendoza para lanzar el&hellip;<\/p>\n","protected":false},"author":3,"featured_media":119688,"comment_status":"open","ping_status":"open","sticky":false,"template":"","format":"standard","meta":{"footnotes":""},"categories":[14],"tags":[],"class_list":["post-119683","post","type-post","status-publish","format-standard","has-post-thumbnail","hentry","category-news"],"_links":{"self":[{"href":"https:\/\/enolife.com.ar\/es\/wp-json\/wp\/v2\/posts\/119683","targetHints":{"allow":["GET"]}}],"collection":[{"href":"https:\/\/enolife.com.ar\/es\/wp-json\/wp\/v2\/posts"}],"about":[{"href":"https:\/\/enolife.com.ar\/es\/wp-json\/wp\/v2\/types\/post"}],"author":[{"embeddable":true,"href":"https:\/\/enolife.com.ar\/es\/wp-json\/wp\/v2\/users\/3"}],"replies":[{"embeddable":true,"href":"https:\/\/enolife.com.ar\/es\/wp-json\/wp\/v2\/comments?post=119683"}],"version-history":[{"count":0,"href":"https:\/\/enolife.com.ar\/es\/wp-json\/wp\/v2\/posts\/119683\/revisions"}],"wp:featuredmedia":[{"embeddable":true,"href":"https:\/\/enolife.com.ar\/es\/wp-json\/wp\/v2\/media\/119688"}],"wp:attachment":[{"href":"https:\/\/enolife.com.ar\/es\/wp-json\/wp\/v2\/media?parent=119683"}],"wp:term":[{"taxonomy":"category","embeddable":true,"href":"https:\/\/enolife.com.ar\/es\/wp-json\/wp\/v2\/categories?post=119683"},{"taxonomy":"post_tag","embeddable":true,"href":"https:\/\/enolife.com.ar\/es\/wp-json\/wp\/v2\/tags?post=119683"}],"curies":[{"name":"wp","href":"https:\/\/api.w.org\/{rel}","templated":true}]}}