{"id":119610,"date":"2024-07-17T15:34:02","date_gmt":"2024-07-17T15:34:02","guid":{"rendered":"https:\/\/enolife.com.ar\/es\/?p=119610"},"modified":"2024-07-19T14:22:53","modified_gmt":"2024-07-19T14:22:53","slug":"la-fca-prepara-a-encargados-de-finca-para-fortalecer-al-sector-agricola-y-mejorar-el-empleo","status":"publish","type":"post","link":"https:\/\/enolife.com.ar\/es\/la-fca-prepara-a-encargados-de-finca-para-fortalecer-al-sector-agricola-y-mejorar-el-empleo\/","title":{"rendered":"La FCA prepara a encargados de finca para fortalecer al sector agr\u00edcola y mejorar el empleo"},"content":{"rendered":"\n<h4 class=\"wp-block-heading\"><em><strong>En su primera edici\u00f3n, la Escuela de Encargados de Finca de la Facultad de Ciencias Agrarias (FCA) de la Universidad Nacional de Cuyo (UNCuyo) capacit\u00f3 a 30 participantes de 17 empresas en la gesti\u00f3n de fincas frut\u00edcolas, hort\u00edcolas y vit\u00edcolas. Este programa innovador, que combina teor\u00eda y pr\u00e1ctica, busca fortalecer el sector agr\u00edcola y mejorar la empleabilidad. La colaboraci\u00f3n con la empresa mendocina Luj\u00e1n Agr\u00edcola y la confirmaci\u00f3n de una segunda edici\u00f3n en los pr\u00f3ximos meses, subrayan el \u00e9xito y la demanda de esta formaci\u00f3n especializada. <\/strong><\/em><\/h4>\n\n\n\n<div style=\"height:35px\" aria-hidden=\"true\" class=\"wp-block-spacer\"><\/div>\n\n\n<a href=\"https:\/\/www.linkedin.com\/company\/agrinet-sa\/?originalSubdomain=ar\" aria-label=\"1700X500\"><img loading=\"lazy\" decoding=\"async\" src=\"https:\/\/enolife.com.ar\/es\/wp-content\/uploads\/2021\/11\/1700X500.gif\" alt=\"\"  width=\"1700\" height=\"500\"   \/><\/a>\n\n\n<div style=\"height:45px\" aria-hidden=\"true\" class=\"wp-block-spacer\"><\/div>\n\n\n\n<p>La<strong>&nbsp;Facultad de Ciencias Agrarias (FCA)<\/strong> de la <strong>Universidad Nacional de Cuyo (UNCuyo)<\/strong>&nbsp;concluy\u00f3 con \u00e9xito la primera edici\u00f3n de la <strong>Escuela de Encargados de Finca<\/strong>. Este programa, que&nbsp;revolucion\u00f3 la capacitaci\u00f3n agr\u00edcola en la regi\u00f3n, cont\u00f3 con <strong>30 participantes provenientes de 17 empresas<\/strong>, los cuales completaron <strong>10 jornadas intensivas<\/strong> de formaci\u00f3n en gesti\u00f3n y mantenimiento de fincas frut\u00edcolas, hort\u00edcolas y vit\u00edcolas.<\/p>\n\n\n\n<p>La combinaci\u00f3n de teor\u00eda y pr\u00e1ctica impartida por docentes y egresados de la facultad garantiz\u00f3 una educaci\u00f3n integral garantizando que los encargados puedan afrontar los desaf\u00edos del campo agr\u00edcola actual.<\/p>\n\n\n\n<p>A trav\u00e9s de su Escuela de Oficios, la FCA busca abrir a la instituci\u00f3n para responder a un sector de la poblaci\u00f3n que aspira a incorporarse org\u00e1nicamente al mundo del trabajo. A su vez, certifica competencias validando saberes y construcciones de aprendizajes logrados desde la experiencia en sectores laborales, teniendo en cuenta la necesidad de la relaci\u00f3n de la formaci\u00f3n y capacitaci\u00f3n para acceder y mejorar el empleo.<\/p>\n\n\n\n<div style=\"height:30px\" aria-hidden=\"true\" class=\"wp-block-spacer\"><\/div>\n\n\n<div class=\"wp-block-image\">\n<figure class=\"aligncenter size-full is-resized\"><a href=\"https:\/\/enolife.com.ar\/es\/wp-content\/uploads\/2024\/07\/fca.jpg\" data-rel=\"penci-gallery-image-content\" ><img loading=\"lazy\" decoding=\"async\" src=\"https:\/\/enolife.com.ar\/es\/wp-content\/uploads\/2024\/07\/fca.jpg\" alt=\"\" class=\"wp-image-119719\" width=\"666\" height=\"360\" srcset=\"https:\/\/enolife.com.ar\/es\/wp-content\/uploads\/2024\/07\/fca.jpg 740w, https:\/\/enolife.com.ar\/es\/wp-content\/uploads\/2024\/07\/fca-300x162.jpg 300w, https:\/\/enolife.com.ar\/es\/wp-content\/uploads\/2024\/07\/fca-585x316.jpg 585w\" sizes=\"auto, (max-width: 666px) 100vw, 666px\" \/><\/a><\/figure><\/div>\n\n\n<div style=\"height:30px\" aria-hidden=\"true\" class=\"wp-block-spacer\"><\/div>\n\n\n\n<p>La colaboraci\u00f3n con&nbsp;<strong>Luj\u00e1n Agr\u00edcola<\/strong>&nbsp;y la&nbsp;<strong>confirmaci\u00f3n de una segunda edici\u00f3n s<\/strong>on prueba del \u00e9xito y la demanda de este tipo de formaci\u00f3n especializada. A trav\u00e9s de la misma no s\u00f3lo se mejoran las habilidades individuales, sino que se fortalece el sector productivo agr\u00edcola de la regi\u00f3n.<\/p>\n\n\n\n<p>Acompa\u00f1aron esta actividad la decana se la FCA, <strong>Mar\u00eda Flavia Filippini<\/strong>, el director de Agricultura, <strong>Alfredo Draque<\/strong>, y el coordinador de la escuela, <strong>Marcos Montoya<\/strong>, entre otros directivos de la instituci\u00f3n.<\/p>\n\n\n\n<div style=\"height:35px\" aria-hidden=\"true\" class=\"wp-block-spacer\"><\/div>\n\n\n\n<p class=\"has-medium-font-size\"><strong>Objetivos de la Escuela de Encargados<\/strong><\/p>\n\n\n\n<ul class=\"wp-block-list\">\n<li>Contribuir con la formaci\u00f3n de los encargados de fincas de cultivos frut\u00edcolas, hort\u00edcolas y vitivin\u00edcolas.<\/li>\n\n\n\n<li>Valorizar el trabajo de los encargados en la cadena de mando y trabajo en fincas.<\/li>\n\n\n\n<li>Mejorar el di\u00e1logo en la relaci\u00f3n de los encargados con los ingenieros, t\u00e9cnicos y operarios.<\/li>\n\n\n\n<li>Generar una cultura de capacitaci\u00f3n permanente. Para ello se conform\u00f3 un grupo de trabajo integrado por docentes de la FCA y egresados referentes, quienes con una metodolog\u00eda te\u00f3rico-pr\u00e1ctica generan un espacio de formaci\u00f3n de calidad para los encargados de fincas.<\/li>\n<\/ul>\n\n\n\n<div style=\"height:35px\" aria-hidden=\"true\" class=\"wp-block-spacer\"><\/div>\n\n\n\n<p class=\"has-medium-font-size\"><strong>Destinatarios de la capacitaci\u00f3n<\/strong><\/p>\n\n\n\n<p>Encargados de fincas vit\u00edcolas, frut\u00edcolas y hort\u00edcolas de la provincia o responsables de equipos de trabajo en fincas con o sin estudios completados.<\/p>\n\n\n\n<div style=\"height:32px\" aria-hidden=\"true\" class=\"wp-block-spacer\"><\/div>\n","protected":false},"excerpt":{"rendered":"<p>En su primera edici\u00f3n, la Escuela de Encargados de Finca de la Facultad de Ciencias&hellip;<\/p>\n","protected":false},"author":3,"featured_media":119718,"comment_status":"open","ping_status":"open","sticky":false,"template":"","format":"standard","meta":{"footnotes":""},"categories":[14],"tags":[],"class_list":["post-119610","post","type-post","status-publish","format-standard","has-post-thumbnail","hentry","category-news"],"_links":{"self":[{"href":"https:\/\/enolife.com.ar\/es\/wp-json\/wp\/v2\/posts\/119610","targetHints":{"allow":["GET"]}}],"collection":[{"href":"https:\/\/enolife.com.ar\/es\/wp-json\/wp\/v2\/posts"}],"about":[{"href":"https:\/\/enolife.com.ar\/es\/wp-json\/wp\/v2\/types\/post"}],"author":[{"embeddable":true,"href":"https:\/\/enolife.com.ar\/es\/wp-json\/wp\/v2\/users\/3"}],"replies":[{"embeddable":true,"href":"https:\/\/enolife.com.ar\/es\/wp-json\/wp\/v2\/comments?post=119610"}],"version-history":[{"count":0,"href":"https:\/\/enolife.com.ar\/es\/wp-json\/wp\/v2\/posts\/119610\/revisions"}],"wp:featuredmedia":[{"embeddable":true,"href":"https:\/\/enolife.com.ar\/es\/wp-json\/wp\/v2\/media\/119718"}],"wp:attachment":[{"href":"https:\/\/enolife.com.ar\/es\/wp-json\/wp\/v2\/media?parent=119610"}],"wp:term":[{"taxonomy":"category","embeddable":true,"href":"https:\/\/enolife.com.ar\/es\/wp-json\/wp\/v2\/categories?post=119610"},{"taxonomy":"post_tag","embeddable":true,"href":"https:\/\/enolife.com.ar\/es\/wp-json\/wp\/v2\/tags?post=119610"}],"curies":[{"name":"wp","href":"https:\/\/api.w.org\/{rel}","templated":true}]}}