{"id":119571,"date":"2024-07-15T23:23:17","date_gmt":"2024-07-15T23:23:17","guid":{"rendered":"https:\/\/enolife.com.ar\/es\/?p=119571"},"modified":"2024-07-20T13:41:42","modified_gmt":"2024-07-20T13:41:42","slug":"jovenes-contratistas-del-este-crearon-amigos-solidarios-y-buscan-donaciones-para-el-dia-del-nino","status":"publish","type":"post","link":"https:\/\/enolife.com.ar\/es\/jovenes-contratistas-del-este-crearon-amigos-solidarios-y-buscan-donaciones-para-el-dia-del-nino\/","title":{"rendered":"Jovenes contratistas del Este crearon \u00abAmigos Solidarios\u00bb y buscan donaciones para el D\u00eda del Ni\u00f1o"},"content":{"rendered":"\n<h4 class=\"wp-block-heading\"><em><strong>Por 7mo. consecutivo, un grupo de j\u00f3venes de familias contratistas de fincas de vi\u00f1as y frutales de la zona Este de Mendoza, bautizados \u00abAmigos Solidarios\u00bb, organizan una chocolateada con shows y regalos para los m\u00e1s chiquitos en su d\u00eda. En 2023 asistieron 500 ni\u00f1os, y todos festejaron con una sonrisa y volvieron a casa con su regalo y la pancita caliente. La fecha para este a\u00f1o no est\u00e1 firme a\u00fan, porque las donaciones se est\u00e1n atrasando. Desde Enolife colaboramos cada a\u00f1o en la difusi\u00f3n y buscamos que empresas y personas comprendan la importancia de esta jornada hecha a pulm\u00f3n y se contacten para donar juguetes en buen estado y cosas ricas para acompa\u00f1ar la mediatarde.<\/strong><\/em><\/h4>\n\n\n\n<div style=\"height:35px\" aria-hidden=\"true\" class=\"wp-block-spacer\"><\/div>\n\n\n<a href=\"https:\/\/www.facebook.com\/SindicatoContratitas\/\" aria-label=\"banner contratistas 1700&#215;500\"><img loading=\"lazy\" decoding=\"async\" src=\"https:\/\/enolife.com.ar\/es\/wp-content\/uploads\/2020\/08\/banner-contratistas-1700x500-1.jpg\" alt=\"\"  srcset=\"https:\/\/enolife.com.ar\/es\/wp-content\/uploads\/2020\/08\/banner-contratistas-1700x500-1.jpg 1700w, https:\/\/enolife.com.ar\/es\/wp-content\/uploads\/2020\/08\/banner-contratistas-1700x500-1-300x88.jpg 300w, https:\/\/enolife.com.ar\/es\/wp-content\/uploads\/2020\/08\/banner-contratistas-1700x500-1-1024x301.jpg 1024w, https:\/\/enolife.com.ar\/es\/wp-content\/uploads\/2020\/08\/banner-contratistas-1700x500-1-768x226.jpg 768w, https:\/\/enolife.com.ar\/es\/wp-content\/uploads\/2020\/08\/banner-contratistas-1700x500-1-1536x452.jpg 1536w, https:\/\/enolife.com.ar\/es\/wp-content\/uploads\/2020\/08\/banner-contratistas-1700x500-1-1170x344.jpg 1170w, https:\/\/enolife.com.ar\/es\/wp-content\/uploads\/2020\/08\/banner-contratistas-1700x500-1-585x172.jpg 585w\" sizes=\"auto, (max-width: 1700px) 100vw, 1700px\" width=\"1700\" height=\"500\"   \/><\/a>\n\n\n<div style=\"height:45px\" aria-hidden=\"true\" class=\"wp-block-spacer\"><\/div>\n\n\n\n<p>El segundo o tercer domingo de agosto, la canchita del <strong>Barrio Chivilcoy<\/strong> (al lado de la escuelita del pueblo), en el departamento de San Mart\u00edn, Mendoza, se viste de fiesta como cada a\u00f1o desde hace 7, para festejarle el <strong>D\u00eda del Ni\u00f1o<\/strong>  a m\u00e1s de 500 vecinitos de V<strong>illa Sarita, El Espino, Colonia Lambare y Chivilcoy.<\/strong><\/p>\n\n\n\n<p>La fiesta tendr\u00e1 m\u00fasica, shows, bocadillos, bebidas, sorteos y regalos. Al igual que en a\u00f1os anteriores, <strong>Enolife<\/strong> colabora con la difusi\u00f3n de la iniciativa y vinculando a quienes quieran donar juguetes, golosinas, leche y otros obsequios con los organizadores. Cabe destacar que tambi\u00e9n apoya esta actividad la <strong>Asociaci\u00f3n de Vi\u00f1ateros de Mendoza (AVM)<\/strong>, sumando entretenimientos.<\/p>\n\n\n\n<div style=\"height:30px\" aria-hidden=\"true\" class=\"wp-block-spacer\"><\/div>\n\n\n<div class=\"wp-block-image\">\n<figure class=\"aligncenter size-full is-resized\"><a href=\"https:\/\/enolife.com.ar\/es\/wp-content\/uploads\/2024\/07\/Imagen11-1.jpg\" data-rel=\"penci-gallery-image-content\" ><img loading=\"lazy\" decoding=\"async\" src=\"https:\/\/enolife.com.ar\/es\/wp-content\/uploads\/2024\/07\/Imagen11-1.jpg\" alt=\"\" class=\"wp-image-119584\" width=\"626\" height=\"372\" srcset=\"https:\/\/enolife.com.ar\/es\/wp-content\/uploads\/2024\/07\/Imagen11-1.jpg 624w, https:\/\/enolife.com.ar\/es\/wp-content\/uploads\/2024\/07\/Imagen11-1-300x178.jpg 300w, https:\/\/enolife.com.ar\/es\/wp-content\/uploads\/2024\/07\/Imagen11-1-585x348.jpg 585w\" sizes=\"auto, (max-width: 626px) 100vw, 626px\" \/><\/a><figcaption class=\"wp-element-caption\"><em><strong>\u00abAmigos solidarios\u00bb, un grupo de j\u00f3venes de familias contratistas unidos para ayudar<\/strong><\/em>.<\/figcaption><\/figure><\/div>\n\n\n<div style=\"height:30px\" aria-hidden=\"true\" class=\"wp-block-spacer\"><\/div>\n\n\n\n<p>Los organizadores de la actividad solidaria son todos j\u00f3venes de la vi\u00f1a, de familias de contratistas, productores, trabajadores de la tierra:&nbsp;<strong>Yamila Peralta, Johana Miglioranza, Diego Herrer\u00edas, Evelin Peralta, Emir Peralta, Nahuel Amaya, Jes\u00fas Herrera, Agust\u00edn Moreno, Roc\u00edo Ceroni, Alejando Herrera, F\u00e9lix Cornejo,<\/strong>&nbsp;<strong>Ariel Gonz\u00e1lez, Sim\u00f3n Peralta, Nadia Sosa, Priscila Sosa, Camila Arabel, Nacho Desiderio, Carina Lucero y Dar\u00edo Guevara.<\/strong><\/p>\n\n\n\n<div style=\"height:15px\" aria-hidden=\"true\" class=\"wp-block-spacer\"><\/div>\n\n\n\n<p class=\"has-background\" style=\"background-color:#abb7c242\"><strong>Para hacer las donaciones<\/strong> c<strong>omunicarse con Yamila Peralta: <a href=\"mailto:peraltayamilita77@gmail.com\">peraltayamilita77@gmail.com<\/a> &#8211;  +54 9 263 474 1498 o con Johana Miglioranza al +54 9 263 463 6747<\/strong><\/p>\n\n\n\n<p class=\"has-white-color has-vivid-red-background-color has-text-color has-background\"><strong>Conoc\u00e9 la historia de Yamila Peralta: <a href=\"https:\/\/enolife.com.ar\/es\/yamila-peralta-estar-entre-vinas-y-en-la-bodega-es-lo-que-quiero-para-toda-mi-vida-ahi-esta-mi-paz\/\" title=\"\">\u00abEstar entre vi\u00f1as y en la bodega es lo que quiero para toda mi vida, ah\u00ed est\u00e1 mi paz\u00bb<\/a><\/strong><\/p>\n\n\n\n<div style=\"height:30px\" aria-hidden=\"true\" class=\"wp-block-spacer\"><\/div>\n","protected":false},"excerpt":{"rendered":"<p>Por 7mo. consecutivo, un grupo de j\u00f3venes de familias contratistas de fincas de vi\u00f1as y&hellip;<\/p>\n","protected":false},"author":3,"featured_media":119587,"comment_status":"open","ping_status":"open","sticky":false,"template":"","format":"standard","meta":{"footnotes":""},"categories":[14],"tags":[],"class_list":["post-119571","post","type-post","status-publish","format-standard","has-post-thumbnail","hentry","category-news"],"_links":{"self":[{"href":"https:\/\/enolife.com.ar\/es\/wp-json\/wp\/v2\/posts\/119571","targetHints":{"allow":["GET"]}}],"collection":[{"href":"https:\/\/enolife.com.ar\/es\/wp-json\/wp\/v2\/posts"}],"about":[{"href":"https:\/\/enolife.com.ar\/es\/wp-json\/wp\/v2\/types\/post"}],"author":[{"embeddable":true,"href":"https:\/\/enolife.com.ar\/es\/wp-json\/wp\/v2\/users\/3"}],"replies":[{"embeddable":true,"href":"https:\/\/enolife.com.ar\/es\/wp-json\/wp\/v2\/comments?post=119571"}],"version-history":[{"count":0,"href":"https:\/\/enolife.com.ar\/es\/wp-json\/wp\/v2\/posts\/119571\/revisions"}],"wp:featuredmedia":[{"embeddable":true,"href":"https:\/\/enolife.com.ar\/es\/wp-json\/wp\/v2\/media\/119587"}],"wp:attachment":[{"href":"https:\/\/enolife.com.ar\/es\/wp-json\/wp\/v2\/media?parent=119571"}],"wp:term":[{"taxonomy":"category","embeddable":true,"href":"https:\/\/enolife.com.ar\/es\/wp-json\/wp\/v2\/categories?post=119571"},{"taxonomy":"post_tag","embeddable":true,"href":"https:\/\/enolife.com.ar\/es\/wp-json\/wp\/v2\/tags?post=119571"}],"curies":[{"name":"wp","href":"https:\/\/api.w.org\/{rel}","templated":true}]}}