{"id":119220,"date":"2024-07-10T15:33:06","date_gmt":"2024-07-10T15:33:06","guid":{"rendered":"https:\/\/enolife.com.ar\/es\/?p=119220"},"modified":"2024-07-11T12:09:24","modified_gmt":"2024-07-11T12:09:24","slug":"fernando-vilella-fue-reemplazado-por-sergio-iraeta-como-secretario-de-agricultura-de-la-nacion","status":"publish","type":"post","link":"https:\/\/enolife.com.ar\/es\/fernando-vilella-fue-reemplazado-por-sergio-iraeta-como-secretario-de-agricultura-de-la-nacion\/","title":{"rendered":"Fernando Vilella fue reemplazado por Sergio Iraeta como secretario de Agricultura de la Naci\u00f3n"},"content":{"rendered":"\n<h4 class=\"wp-block-heading\"><em><strong>Desde el gobierno nacional comunicaron que Fernando Vilella present\u00f3 hoy la renuncia a su cargo como Secretario de Bioeconom\u00eda de la Naci\u00f3n. La Secretar\u00eda, que volver\u00e1 a su denominaci\u00f3n de Agricultura, Ganader\u00eda y Pesca, ser\u00e1 conducida por Sergio Iraeta (foto principal), qui\u00e9n se desempe\u00f1\u00f3 hasta hoy como Subsecretario de Producci\u00f3n Agropecuaria y Forestal<\/strong><\/em>.<\/h4>\n\n\n\n<div style=\"height:35px\" aria-hidden=\"true\" class=\"wp-block-spacer\"><\/div>\n\n\n\n\n\n<div style=\"height:45px\" aria-hidden=\"true\" class=\"wp-block-spacer\"><\/div>\n\n\n\n<p><em>\u201cEl ingeniero Fernando Vilella present\u00f3 hoy la renuncia a su cargo como Secretario de Bioeconom\u00eda de la Naci\u00f3n. La Secretar\u00eda, que volver\u00e1 a su denominaci\u00f3n de Agricultura, Ganader\u00eda y Pesca, ser\u00e1 conducida por Sergio Iraeta, qui\u00e9n se desempe\u00f1\u00f3 hasta hoy como Subsecretario de Producci\u00f3n Agropecuaria y Forestal\u201d<\/em>, dijo la <strong>Casa Rosada a trav\u00e9s de un comunicado oficial<\/strong>, que agrega <em>\u201cIraeta, abogado y productor agropecuario, seguir\u00e1 trabajando en l\u00ednea con los objetivos del Presidente&nbsp;Javier Milei&nbsp;de reducir la estructura burocr\u00e1tica del Estado, de potenciar las capacidades de los productores agropecuarios, de generar las condiciones para aumentar la competitividad y de seguir abriendo nuevos mercados para la heterog\u00e9nea producci\u00f3n agropecuaria nacional\u201d<\/em>.<\/p>\n\n\n\n<p>A su vez, <em>\u00abel ingeniero Manuel Chiappe -quien hasta hoy se desempe\u00f1aba como jefe de asesores de la Secretar\u00eda- ser\u00e1 el nuevo subsecretario de Producci\u00f3n Agropecuaria y Forestal\u201d<\/em>, a\u00f1adi\u00f3 el comunicado presidencial.<\/p>\n\n\n\n<p>Seg\u00fan el medio Infobae, la salida de Vilella del Gobierno ya se hab\u00eda rumoreado en otras ocasiones. En particular, los comentarios respecto a su inminente separaci\u00f3n del cargo ten\u00edan que ver con que, seg\u00fan fuentes del Gobierno, estaba muy corrido \u00faltimamente de la gesti\u00f3n. La Secretar\u00eda se fue desmantelando con respecto a las designaciones que le hab\u00edan comprometido, hubo muchos cambio de subsecretarios y de secretarios en la administraci\u00f3n nacional y Vilella nunca lleg\u00f3 a sentirse c\u00f3modo en ese contexto.<\/p>\n\n\n\n<p>En su habitual conferencia de prensa, tal como describe el diario La Naci\u00f3n, el <strong>vocero presidencial Manuel Adorni<\/strong>, le dio la \u201cbienvenida en el cargo a Sergio Iraeta\u201d. Luego de Vilella indic\u00f3 que <em>\u201ctal vez Fernando no pod\u00eda alinear algunos objetivos que ten\u00eda el Ministerio [de Econom\u00eda] y simplemente se busca eso, que cada funcionario est\u00e9 alineado con los objetivos que tenemos en este caso, que tiene el Ministerio de Econom\u00eda para el campo\u2026\u201d <\/em>Se\u00f1al\u00f3 que Iraeta es productor agropecuario y lo que busca el Ministerio <em>\u201ces tener m\u00e1s cercan\u00eda con los productores. No es m\u00e1s que eso y Vilella ha tomado la decisi\u00f3n de dar un paso al costado\u201d<\/em>.<\/p>\n\n\n\n<p>El final de su funci\u00f3n en el Gobierno encontr\u00f3 a Vilella en el final de una gira por Asia, en la que encabez\u00f3 una comitiva argentina que visit\u00f3 Corea del Sur, Jap\u00f3n y China, cuyo objetivo era abrir mercados para las exportaciones de productos agropecuarios argentinos. <\/p>\n\n\n\n<div style=\"height:30px\" aria-hidden=\"true\" class=\"wp-block-spacer\"><\/div>\n\n\n<div class=\"wp-block-image\">\n<figure class=\"aligncenter size-full\"><a href=\"https:\/\/enolife.com.ar\/es\/wp-content\/uploads\/2024\/07\/Imagen1-18.jpg\" data-rel=\"penci-gallery-image-content\" ><img loading=\"lazy\" decoding=\"async\" width=\"659\" height=\"333\" src=\"https:\/\/enolife.com.ar\/es\/wp-content\/uploads\/2024\/07\/Imagen1-18.jpg\" alt=\"\" class=\"wp-image-119234\" srcset=\"https:\/\/enolife.com.ar\/es\/wp-content\/uploads\/2024\/07\/Imagen1-18.jpg 659w, https:\/\/enolife.com.ar\/es\/wp-content\/uploads\/2024\/07\/Imagen1-18-300x152.jpg 300w, https:\/\/enolife.com.ar\/es\/wp-content\/uploads\/2024\/07\/Imagen1-18-585x296.jpg 585w\" sizes=\"auto, (max-width: 659px) 100vw, 659px\" \/><\/a><figcaption class=\"wp-element-caption\"><strong><em>Fernando Vilella se encontraba en el final de una gira por Asia<\/em><\/strong><\/figcaption><\/figure><\/div>\n\n\n<div style=\"height:30px\" aria-hidden=\"true\" class=\"wp-block-spacer\"><\/div>\n\n\n\n<p>El ahora ex funcionario viaj\u00f3 acompa\u00f1ado por el subsecretario de Mercados Agroalimentarios e Inserci\u00f3n Internacional de la Secretar\u00eda, Agust\u00edn Tejeda, y el vicepresidente del Senasa, Sergio Robert. Al mismo tiempo, en los destinos a los que llegaron los funcionarios fueron acompa\u00f1ados en las respectivas visitas por los embajadores argentinos en China Marcelo Su\u00e1rez Salvia, y en Jap\u00f3n, Eduardo Tempone.<\/p>\n\n\n\n<div style=\"height:25px\" aria-hidden=\"true\" class=\"wp-block-spacer\"><\/div>\n\n\n\n<p class=\"has-small-font-size\"><strong><em>Fuentes: Infobae y La Naci\u00f3n<\/em><\/strong><\/p>\n\n\n\n<div style=\"height:30px\" aria-hidden=\"true\" class=\"wp-block-spacer\"><\/div>\n\n\n\n<div style=\"height:30px\" aria-hidden=\"true\" class=\"wp-block-spacer\"><\/div>\n","protected":false},"excerpt":{"rendered":"<p>Desde el gobierno nacional comunicaron que Fernando Vilella present\u00f3 hoy la renuncia a su cargo&hellip;<\/p>\n","protected":false},"author":3,"featured_media":119228,"comment_status":"open","ping_status":"open","sticky":false,"template":"","format":"standard","meta":{"footnotes":""},"categories":[14],"tags":[],"class_list":["post-119220","post","type-post","status-publish","format-standard","has-post-thumbnail","hentry","category-news"],"_links":{"self":[{"href":"https:\/\/enolife.com.ar\/es\/wp-json\/wp\/v2\/posts\/119220","targetHints":{"allow":["GET"]}}],"collection":[{"href":"https:\/\/enolife.com.ar\/es\/wp-json\/wp\/v2\/posts"}],"about":[{"href":"https:\/\/enolife.com.ar\/es\/wp-json\/wp\/v2\/types\/post"}],"author":[{"embeddable":true,"href":"https:\/\/enolife.com.ar\/es\/wp-json\/wp\/v2\/users\/3"}],"replies":[{"embeddable":true,"href":"https:\/\/enolife.com.ar\/es\/wp-json\/wp\/v2\/comments?post=119220"}],"version-history":[{"count":0,"href":"https:\/\/enolife.com.ar\/es\/wp-json\/wp\/v2\/posts\/119220\/revisions"}],"wp:featuredmedia":[{"embeddable":true,"href":"https:\/\/enolife.com.ar\/es\/wp-json\/wp\/v2\/media\/119228"}],"wp:attachment":[{"href":"https:\/\/enolife.com.ar\/es\/wp-json\/wp\/v2\/media?parent=119220"}],"wp:term":[{"taxonomy":"category","embeddable":true,"href":"https:\/\/enolife.com.ar\/es\/wp-json\/wp\/v2\/categories?post=119220"},{"taxonomy":"post_tag","embeddable":true,"href":"https:\/\/enolife.com.ar\/es\/wp-json\/wp\/v2\/tags?post=119220"}],"curies":[{"name":"wp","href":"https:\/\/api.w.org\/{rel}","templated":true}]}}