{"id":118963,"date":"2024-07-08T17:21:28","date_gmt":"2024-07-08T17:21:28","guid":{"rendered":"https:\/\/enolife.com.ar\/es\/?p=118963"},"modified":"2024-07-09T12:18:08","modified_gmt":"2024-07-09T12:18:08","slug":"como-se-combatira-el-granizo-en-mendoza-tras-la-cancelacion-del-sistema-de-lucha-con-aviones","status":"publish","type":"post","link":"https:\/\/enolife.com.ar\/es\/como-se-combatira-el-granizo-en-mendoza-tras-la-cancelacion-del-sistema-de-lucha-con-aviones\/","title":{"rendered":"C\u00f3mo se combatir\u00e1 el granizo en Mendoza tras la cancelaci\u00f3n del sistema de lucha con aviones"},"content":{"rendered":"\n<h4 class=\"wp-block-heading\"><em><strong>El 28\/6\/24, gobernador de Mendoza, Alfredo Cornejo, anunci\u00f3 que el gobierno no continuar\u00e1 manejando y subsidiando el plan de lucha antigranizo con los aviones que disparan bengalas con yoduro de plata contra las nubes. Tambi\u00e9n despidi\u00f3 e indemniz\u00f3 a los 27 pilotos que sol\u00edan trabajar en el sistema. Tras 30 a\u00f1os de vigencia, este m\u00e9todo, cuestionado por algunos expertos y abandonado en la mayor\u00eda de los pa\u00edses del mundo, dejar\u00e1 lugar, sobre todo en el norte de la provincia, a otras t\u00e9cnicas de combate, principalmente a un uso mayor de las mallas antigranizo que protegen vides y frutales en las fincas. Para posibilitar la compra de tela a los  productores, el gobierno anunci\u00f3 el lanzamiento de cr\u00e9ditos a trav\u00e9s de sus instituciones financieras asociadas.<\/strong><\/em><\/h4>\n\n\n\n<hr class=\"wp-block-separator has-alpha-channel-opacity\"\/>\n\n\n\n<h4 class=\"wp-block-heading\"><em><strong>El 3\/7\/24, los intendentes de los sure\u00f1os departamentos de San Rafael y General Alvear, Omar F\u00e9lix y Alejandro Molero, reclamaron la continuidad de los aviones en sus zonas, argumentando con cifras y estad\u00edsticas que ese sistema ha sido efectivo hist\u00f3ricamente y minimizado el da\u00f1o. Por ello, pidieron al gobierno que les dejen a su cargo 2 de los 4 aviones Piper Cheyenne que tiene la provincia, la contrataci\u00f3n de pilotos y la compra de bengalas, a lo cual el gobernador Alfredo Cornejo accedi\u00f3. En el fondo de la discusi\u00f3n est\u00e1 la decisi\u00f3n del Estado local de dejar de bancar el sistema, por lo que propone un ajuste en el Seguro Agr\u00edcola que permitir\u00eda solventar el combate con una mayor recaudaci\u00f3n privada.<\/strong><\/em><\/h4>\n\n\n\n<div style=\"height:35px\" aria-hidden=\"true\" class=\"wp-block-spacer\"><\/div>\n\n\n\n\n\n<div style=\"height:45px\" aria-hidden=\"true\" class=\"wp-block-spacer\"><\/div>\n\n\n\n<p>Tras la sorpresa por el anuncio del gobernador <strong>Alfredo Cornejo<\/strong> de la suspensi\u00f3n de la lucha antigranizo con bengalas y aviones, algunos productores y asociaciones de vi\u00f1ateros de <strong>Mendoza <\/strong>manifestaron su oposici\u00f3n a la cancelaci\u00f3n, argumentando que al mismo tiempo el gobierno deb\u00eda anunciar c\u00f3mo reemplazar\u00eda al sistema. De inmediato, el ministro de Producci\u00f3n de la provincia,<strong> Rodolfo Vargas Arizu<\/strong>, comunic\u00f3 que el gobierno ya tiene previstas <strong>nuevas l\u00edneas de financiamiento para que las peque\u00f1as y medianas empresas puedan adquirir tela antigranizo<\/strong> para proteger sus vi\u00f1edos y frutales. El ministro tambi\u00e9n record\u00f3 que esas l\u00edneas de cr\u00e9dito servir\u00e1n para el desarrollo de la eficiencia h\u00eddrica y energ\u00e9tica, y para la compra de activos fijos con esos fines.<\/p>\n\n\n\n<p>Vargas Arizu tambi\u00e9n sostuvo que se revisar\u00e1 el sistema de <strong>Seguro Agr\u00edcola<\/strong>, de manera de asegurar un mayor resarcimiento a productores que sufran da\u00f1o por granizo y otras inclemencias meteorol\u00f3gicas.<\/p>\n\n\n\n<div style=\"height:30px\" aria-hidden=\"true\" class=\"wp-block-spacer\"><\/div>\n\n\n<div class=\"wp-block-image\">\n<figure class=\"aligncenter size-large is-resized\"><a href=\"https:\/\/enolife.com.ar\/es\/wp-content\/uploads\/2024\/07\/Imagen1-14.jpg\" data-rel=\"penci-gallery-image-content\" ><img loading=\"lazy\" decoding=\"async\" src=\"https:\/\/enolife.com.ar\/es\/wp-content\/uploads\/2024\/07\/Imagen1-14-1024x576.jpg\" alt=\"\" class=\"wp-image-118999\" width=\"606\" height=\"340\" srcset=\"https:\/\/enolife.com.ar\/es\/wp-content\/uploads\/2024\/07\/Imagen1-14-1024x576.jpg 1024w, https:\/\/enolife.com.ar\/es\/wp-content\/uploads\/2024\/07\/Imagen1-14-300x169.jpg 300w, https:\/\/enolife.com.ar\/es\/wp-content\/uploads\/2024\/07\/Imagen1-14-768x432.jpg 768w, https:\/\/enolife.com.ar\/es\/wp-content\/uploads\/2024\/07\/Imagen1-14-1170x658.jpg 1170w, https:\/\/enolife.com.ar\/es\/wp-content\/uploads\/2024\/07\/Imagen1-14-585x329.jpg 585w, https:\/\/enolife.com.ar\/es\/wp-content\/uploads\/2024\/07\/Imagen1-14.jpg 1200w\" sizes=\"auto, (max-width: 606px) 100vw, 606px\" \/><\/a><figcaption class=\"wp-element-caption\"><em><strong>El tama\u00f1o de las piedras ca\u00eddas en San Rafael en una tormenta de enero 2024<\/strong><\/em><\/figcaption><\/figure><\/div>\n\n\n<div style=\"height:30px\" aria-hidden=\"true\" class=\"wp-block-spacer\"><\/div>\n\n\n\n<p>En los d\u00edas siguientes a los anuncios gubernamentales, los intendentes de San Rafael, Omar F\u00e9lix, y de General Alvear, Alejandro Molero, se reunieron con Vargas Arizu para proponerle un plan de continuidad de la lucha con aviones, acord\u00e1ndose finalmente que 2 de los 4 aviones quedar\u00e1n disponibles para esos departamentos sure\u00f1os, y que esas comunas se har\u00e1n cargo de los gastos de contrataci\u00f3n de pilotos y adquisi\u00f3n de la pirotecnia necesaria, es decir las bengalas que contienen yoduro de plata y se lanzan a las nubes con celdas graniceras. <\/p>\n\n\n\n<div style=\"height:20px\" aria-hidden=\"true\" class=\"wp-block-spacer\"><\/div>\n\n\n\n<blockquote class=\"wp-block-quote is-layout-flow wp-block-quote-is-layout-flow\">\n<p>No hay que poner en duda la eficiencia del sistema con aviones. Nosotros tenemos lucha antigranizo desde el a\u00f1o 1993, y de 40.000 hect\u00e1reas que inicialmente se impactaban con granizo, pasamos a 6.000 hect\u00e1reas. Pasamos de que caigan pelotas de tenis a granos de arroz\u00bb.<\/p>\n<cite>Omar F\u00e9lix, intendente de San Rafael, Mendoza<\/cite><\/blockquote>\n\n\n\n<div style=\"height:20px\" aria-hidden=\"true\" class=\"wp-block-spacer\"><\/div>\n\n\n\n<p class=\"has-background\" style=\"background-color:#abb7c269\"><strong>C\u00f3mo trabajan los aviones antigranizo<\/strong><br><br>Los aviones antigranizo lanzan <strong>bengalas<\/strong> que al estallar comienzan a largar humo. Se trata de yodato de plata que al quemarse se convierte en <strong>yoduro de plata<\/strong>, cuyo objetivo es inyectarse en las nubes y transformar el granizo en agua o reducir las piedras a un tama\u00f1o peque\u00f1o.<br><br>Como complemento de la siembra de los aviones y con la meta de lograr una mejor cobertura, hay&nbsp;<strong>difusores terrestres fijos<\/strong>&nbsp;de yoduro de plata en zonas cercanas a la monta\u00f1a, donde los aviones no pueden acercarse mucho. Los <strong>generadores de superficie<\/strong> de n\u00facleos de yoduro de plata son dispositivos instalados a nivel del suelo y trabajan en la formaci\u00f3n y origen de tormentas del Valle de Uco y al oeste de Luj\u00e1n de Cuyo. El viento y las turbulencias naturales ayudan a la dispersi\u00f3n del yoduro hacia las nubes.<\/p>\n\n\n\n<div style=\"height:20px\" aria-hidden=\"true\" class=\"wp-block-spacer\"><\/div>\n\n\n\n<blockquote class=\"wp-block-quote is-layout-flow wp-block-quote-is-layout-flow\">\n<p>Lo que estamos haciendo es un nuevo sistema para el sur de la provincia&#8230; Puede ser participaci\u00f3n p\u00fablico-privada y hay distintas empresas interesadas. El Gobernador nos dio el compromiso de que nos cede al municipio las aeronaves que se necesitan. En principio tenemos las dos que operaban en el sur de la Provincia aseguradas, veremos si hace falta una tercera aeronave, es una cuesti\u00f3n tambi\u00e9n de gestionarlo\u00bb. <\/p>\n<cite>Alejandro Molero, intendente de General Alvear, Mendoza<\/cite><\/blockquote>\n\n\n\n<div style=\"height:35px\" aria-hidden=\"true\" class=\"wp-block-spacer\"><\/div>\n\n\n\n<p class=\"has-medium-font-size\"><strong>Cu\u00e1nto busca ahorrar el gobierno<\/strong><\/p>\n\n\n\n<p>Seg\u00fan un informe oficial del <strong>gobierno de Mendoza<\/strong>, para la <strong>temporada 2024-25 de lucha antigraniz<\/strong>o por todos los medios, que comienza a principios de octubre, se preve\u00eda un&nbsp;presupuesto de al menos <strong>$17.000 millones<\/strong>. Para mitigar el da\u00f1o del fen\u00f3meno meteorol\u00f3gico, la empresa Aemsa, ya practicamente disuelta, trabajaba con 4 aviones, 27 pilotos y 12 mec\u00e1nicos, adem\u00e1s de 12 generadores tierra-aire de bengalas y cartuchos de ioduro de plata, 4 radares y 30 estaciones meteorol\u00f3gicas.<\/p>\n\n\n\n<p>Si se toma en cuenta que por temporada el sistema a\u00e9reo ha usado unos 10.000 cartuchos y casi la misma cifra de bengalas, y sumando la erogaci\u00f3n en salarios de los pilotos y t\u00e9cnicos, <strong>el ahorro previsto con el cambio de sistema ser\u00eda de $10.000 millones<\/strong>, fondos que el Gobierno en adelante prev\u00e9 volcar al financiamiento de malla de protecci\u00f3n y el nuevo seguro agr\u00edcola.<\/p>\n\n\n\n<div style=\"height:20px\" aria-hidden=\"true\" class=\"wp-block-spacer\"><\/div>\n\n\n\n<blockquote class=\"wp-block-quote is-layout-flow wp-block-quote-is-layout-flow\">\n<p>A La efectividad (de la lucha antigranizo con aviones) nadie ha podido probarla. Nadie se atreve desde la t\u00e9cnica a decir que ha sido positiva, as\u00ed que eso es m\u00e1s un mito, es como la cruz de sal; seamos francos en la deliberaci\u00f3n p\u00fablica, hablemos con ciencia, hasta aqu\u00ed no est\u00e1 probado\u201d.<\/p>\n<cite>Alfredo Cornejo, gobernador de Mendoza<\/cite><\/blockquote>\n\n\n\n<div style=\"height:35px\" aria-hidden=\"true\" class=\"wp-block-spacer\"><\/div>\n\n\n\n<p class=\"has-medium-font-size\"><a href=\"https:\/\/www.sitioandino.com.ar\/politica\/omar-felix-la-lucha-antigranizo-hay-falta-conocimiento-cierto-desprecio-y-busqueda-excusas-n5679557\"><\/a><strong>C\u00f3mo es la lucha antigranizo en Europa<\/strong><\/p>\n\n\n\n<p>En <strong>Francia, Espa\u00f1a y Grecia<\/strong>, donde el granizo es habitual, aunque menos frecuente que en Mendoza, se utilizan diversos sistemas de combate, mitigaci\u00f3n del da\u00f1o y resarcimiento de los productores en caso de da\u00f1o. Por ejemplo, seg\u00fan se\u00f1ala el ingeniero agr\u00f3nomo y en\u00f3logo mendocino <strong>Gabriel Ruetsch<\/strong>, consultado por el medio local <strong>Sitio Andino<\/strong>, <em>\u00aben algunas\u00a0zonas con apelaciones o denominaciones de origen que tienen m\u00e1s ingresos por hect\u00e1rea, los productores invierten en ca\u00f1ones\u00a0con el mismo objetivo\u00a0de\u00a0&#8216;sembrar&#8217; cristales en las nubes para impedir que el granizo caiga. En otras donde hay vi\u00f1edos y tambi\u00e9n frutales, s\u00ed se utiliza la tela antigranizo como protecci\u00f3n.<\/em><\/p>\n\n\n\n<div style=\"height:30px\" aria-hidden=\"true\" class=\"wp-block-spacer\"><\/div>\n\n\n<div class=\"wp-block-image\">\n<figure class=\"aligncenter size-full is-resized\"><a href=\"https:\/\/enolife.com.ar\/es\/wp-content\/uploads\/2024\/07\/hailcannon.jpg\" data-rel=\"penci-gallery-image-content\" ><img loading=\"lazy\" decoding=\"async\" src=\"https:\/\/enolife.com.ar\/es\/wp-content\/uploads\/2024\/07\/hailcannon.jpg\" alt=\"\" class=\"wp-image-118996\" width=\"627\" height=\"470\" srcset=\"https:\/\/enolife.com.ar\/es\/wp-content\/uploads\/2024\/07\/hailcannon.jpg 700w, https:\/\/enolife.com.ar\/es\/wp-content\/uploads\/2024\/07\/hailcannon-300x225.jpg 300w, https:\/\/enolife.com.ar\/es\/wp-content\/uploads\/2024\/07\/hailcannon-585x439.jpg 585w\" sizes=\"auto, (max-width: 627px) 100vw, 627px\" \/><\/a><figcaption class=\"wp-element-caption\"><em><strong>Ca\u00f1\u00f3n antigranizo en vi\u00f1edo espa\u00f1ol<\/strong><\/em><\/figcaption><\/figure><\/div>\n\n\n<div style=\"height:30px\" aria-hidden=\"true\" class=\"wp-block-spacer\"><\/div>\n\n\n\n<p>Y detalla Ruetsch en la publicaci\u00f3n citada: <em>\u00abCombatir las nubes tiene un costo: cada ca\u00f1\u00f3n est\u00e1 cotizado en&nbsp;unos 15.000 euros,&nbsp;y su capacidad de sembrar nubes&nbsp;permite cubrir una superficie de hasta 1 kil\u00f3metro de di\u00e1metro.&nbsp;Para solventarlo, varios de los productores&nbsp;se asocian en el uso&nbsp;compartido, tal&nbsp;como tambi\u00e9n lo hacen con los ventiladores que difunden aire caliente para combatir las heladas\u00bb.<\/em><\/p>\n\n\n\n<p>Seg\u00fan ampl\u00eda Ruetsch, que vive y trabaja en Francia desde hace 10 a\u00f1os, en ese pa\u00eds <em>\u00abel&nbsp;<strong>seguro agr\u00edcola<\/strong>&nbsp;es una figura adaptable a las caracter\u00edsticas de cada finca productiva\u00bb.<\/em><\/p>\n\n\n\n<p>En <strong>Espa\u00f1a y Grecia<\/strong>, tambi\u00e9n el sistema m\u00e1s usado es el de los ca\u00f1ones que disparan proyectiles con yoduro de plata, pero con un m\u00e9todo de detecci\u00f3n de tormentas con celdas graniceras muy sofisticado, que permite detectar el punto exacto para la siembra. Y tambi\u00e9n existen seguros agr\u00edcolas prorrateados entre los productores de cada regi\u00f3n, que aseguran una compensaci\u00f3n adecuada en caso de da\u00f1os en las fincas.<\/p>\n\n\n\n<div style=\"height:35px\" aria-hidden=\"true\" class=\"wp-block-spacer\"><\/div>\n","protected":false},"excerpt":{"rendered":"<p>El 28\/6\/24, gobernador de Mendoza, Alfredo Cornejo, anunci\u00f3 que el gobierno no continuar\u00e1 manejando y&hellip;<\/p>\n","protected":false},"author":3,"featured_media":118994,"comment_status":"open","ping_status":"open","sticky":false,"template":"","format":"standard","meta":{"footnotes":""},"categories":[14],"tags":[],"class_list":["post-118963","post","type-post","status-publish","format-standard","has-post-thumbnail","hentry","category-news"],"_links":{"self":[{"href":"https:\/\/enolife.com.ar\/es\/wp-json\/wp\/v2\/posts\/118963","targetHints":{"allow":["GET"]}}],"collection":[{"href":"https:\/\/enolife.com.ar\/es\/wp-json\/wp\/v2\/posts"}],"about":[{"href":"https:\/\/enolife.com.ar\/es\/wp-json\/wp\/v2\/types\/post"}],"author":[{"embeddable":true,"href":"https:\/\/enolife.com.ar\/es\/wp-json\/wp\/v2\/users\/3"}],"replies":[{"embeddable":true,"href":"https:\/\/enolife.com.ar\/es\/wp-json\/wp\/v2\/comments?post=118963"}],"version-history":[{"count":0,"href":"https:\/\/enolife.com.ar\/es\/wp-json\/wp\/v2\/posts\/118963\/revisions"}],"wp:featuredmedia":[{"embeddable":true,"href":"https:\/\/enolife.com.ar\/es\/wp-json\/wp\/v2\/media\/118994"}],"wp:attachment":[{"href":"https:\/\/enolife.com.ar\/es\/wp-json\/wp\/v2\/media?parent=118963"}],"wp:term":[{"taxonomy":"category","embeddable":true,"href":"https:\/\/enolife.com.ar\/es\/wp-json\/wp\/v2\/categories?post=118963"},{"taxonomy":"post_tag","embeddable":true,"href":"https:\/\/enolife.com.ar\/es\/wp-json\/wp\/v2\/tags?post=118963"}],"curies":[{"name":"wp","href":"https:\/\/api.w.org\/{rel}","templated":true}]}}