{"id":118959,"date":"2024-07-07T13:17:25","date_gmt":"2024-07-07T13:17:25","guid":{"rendered":"https:\/\/enolife.com.ar\/es\/?p=118959"},"modified":"2024-07-08T17:21:59","modified_gmt":"2024-07-08T17:21:59","slug":"avm-capacito-a-50-vinateros-sobre-operacion-y-manejo-de-tractores-y-pulverizadoras-en-san-rafael","status":"publish","type":"post","link":"https:\/\/enolife.com.ar\/es\/avm-capacito-a-50-vinateros-sobre-operacion-y-manejo-de-tractores-y-pulverizadoras-en-san-rafael\/","title":{"rendered":"AVM capacit\u00f3 a 50 vi\u00f1ateros sobre operaci\u00f3n y manejo de tractores y pulverizadoras en San Rafael"},"content":{"rendered":"\n<h4 class=\"wp-block-heading\"><em><strong>En la continuidad de su ciclo de capacitaciones en los 4 oasis productivos de la provincia de Mendoza, la Asociaci\u00f3n de Vi\u00f1ateros de Mendoza (AVM) brind\u00f3 una nueva clase pr\u00e1ctica, a cargo del especialista Mariano Flamant, sobre c\u00f3mo operar tractores y pulverizadoras, as\u00ed como sobre los cuidados necesarios para que estas m\u00e1quinas rindan m\u00e1s y tengan m\u00e1s vida \u00fatil. Los productores interesados en participar de pr\u00f3ximas capacitaciones deber\u00e1n visitar el sitio web www.avm.org.ar o comunicarse con la Asociaci\u00f3n, con sede central en San Mart\u00edn, Mendoza.<\/strong><\/em><\/h4>\n\n\n\n<div style=\"height:35px\" aria-hidden=\"true\" class=\"wp-block-spacer\"><\/div>\n\n\n\n\n\n<div style=\"height:45px\" aria-hidden=\"true\" class=\"wp-block-spacer\"><\/div>\n\n\n\n<p>Entre los d\u00edas 29 y 30 de junio, en la localidad de <strong>El Cerrito, San Rafael, Mendoza<\/strong>, la <strong>Asociaci\u00f3n de Vi\u00f1ateros de Mendoza (AVM)<\/strong> llev\u00f3 a cabo una capacitaci\u00f3n sobre tractores y pulverizadoras en conjunto con el <strong>CDV Zona Sur<\/strong>, la <strong>Corporaci\u00f3n Vitivin\u00edcola Argentina (Coviar), el Instituto Nacional de Tecnolog\u00eda Agropecuaria (INTA)<\/strong> y la <strong>Cooperativa Sierra Pintada<\/strong>. El encuentro reuni\u00f3 a 50 productores de la zona y se centr\u00f3 en el mantenimiento de tractores y pulverizadoras, con la conducci\u00f3n del reconocido profesional <strong>Mariano Flamant.<\/strong><\/p>\n\n\n\n<p>La capacitaci\u00f3n se estructur\u00f3 en dos partes. Durante la ma\u00f1ana, los participantes recibieron conocimientos te\u00f3ricos sobre motores y mantenimiento preventivo de tractores, fundamentales para optimizar las labores en el terreno. En la segunda parte, se profundiz\u00f3 en la eficiencia del uso de pulverizadoras en la finca, complementando la teor\u00eda con experiencias pr\u00e1cticas.<\/p>\n\n\n\n<div style=\"height:35px\" aria-hidden=\"true\" class=\"wp-block-spacer\"><\/div>\n\n\n\n<p class=\"has-medium-font-size\"><strong>Compromiso con los productores<\/strong><\/p>\n\n\n\n<p><strong>Mat\u00edas Manzanares<\/strong>, secretario de la AVM, expres\u00f3 su satisfacci\u00f3n por la activa participaci\u00f3n de los productores y reafirm\u00f3 el compromiso de su entidad con ellos: <em>\u00abVamos a estar codo a codo trabajando con todos ustedes. AVM es una herramienta para articular capacitaci\u00f3n, as\u00ed como tambi\u00e9n para la resoluci\u00f3n de problem\u00e1ticas de productores. Tenemos lugar en las mesas de discusi\u00f3n y all\u00ed canalizamos los reclamos de todos\u00bb.<\/em><\/p>\n\n\n\n<div style=\"height:30px\" aria-hidden=\"true\" class=\"wp-block-spacer\"><\/div>\n\n\n<div class=\"wp-block-image\">\n<figure class=\"aligncenter size-full is-resized\"><a href=\"https:\/\/enolife.com.ar\/es\/wp-content\/uploads\/2024\/07\/Imagen2-6.jpg\" data-rel=\"penci-gallery-image-content\" ><img loading=\"lazy\" decoding=\"async\" src=\"https:\/\/enolife.com.ar\/es\/wp-content\/uploads\/2024\/07\/Imagen2-6.jpg\" alt=\"\" class=\"wp-image-118968\" width=\"748\" height=\"374\" srcset=\"https:\/\/enolife.com.ar\/es\/wp-content\/uploads\/2024\/07\/Imagen2-6.jpg 800w, https:\/\/enolife.com.ar\/es\/wp-content\/uploads\/2024\/07\/Imagen2-6-300x150.jpg 300w, https:\/\/enolife.com.ar\/es\/wp-content\/uploads\/2024\/07\/Imagen2-6-768x384.jpg 768w, https:\/\/enolife.com.ar\/es\/wp-content\/uploads\/2024\/07\/Imagen2-6-585x293.jpg 585w\" sizes=\"auto, (max-width: 748px) 100vw, 748px\" \/><\/a><\/figure><\/div>\n\n\n<div style=\"height:30px\" aria-hidden=\"true\" class=\"wp-block-spacer\"><\/div>\n\n\n\n<blockquote class=\"wp-block-quote is-layout-flow wp-block-quote-is-layout-flow\">\n<p>Este tipo de experiencias son muy importantes para nosotros. Esperamos m\u00e1s capacitaciones como estas porque en los tiempos que corren debemos hacer las labores en la finca de manera eficiente\u00bb.<\/p>\n<cite>Liz Morinelli, productora de San Rafael presente en la capacitaci\u00f3n de AVM.<\/cite><\/blockquote>\n\n\n\n<div style=\"height:35px\" aria-hidden=\"true\" class=\"wp-block-spacer\"><\/div>\n\n\n\n<p class=\"has-medium-font-size\"><strong>Continuidad de las actividades<\/strong><\/p>\n\n\n<div class=\"wp-block-image\">\n<figure class=\"alignleft size-full is-resized\"><a href=\"https:\/\/enolife.com.ar\/es\/wp-content\/uploads\/2024\/07\/Imagen1-13.jpg\" data-rel=\"penci-gallery-image-content\" ><img loading=\"lazy\" decoding=\"async\" src=\"https:\/\/enolife.com.ar\/es\/wp-content\/uploads\/2024\/07\/Imagen1-13.jpg\" alt=\"\" class=\"wp-image-118970\" width=\"286\" height=\"278\" srcset=\"https:\/\/enolife.com.ar\/es\/wp-content\/uploads\/2024\/07\/Imagen1-13.jpg 411w, https:\/\/enolife.com.ar\/es\/wp-content\/uploads\/2024\/07\/Imagen1-13-300x292.jpg 300w\" sizes=\"auto, (max-width: 286px) 100vw, 286px\" \/><\/a><\/figure><\/div>\n\n\n<p>La AVM ha mostrado un firme compromiso con la formaci\u00f3n y el apoyo a los productores. Durante todo 2023 y en lo que va de 2024 ha realizado numerosas capacitaciones en los 4 oasis productivos de la provincia de Mendoza, convocando a cientos de inscriptos a lo largo del a\u00f1o. Estas actividades han abarcado diversas \u00e1reas como <strong>poda, uso de pulverizadoras y mantenimiento de implementos agr\u00edcolas, <\/strong>entre otras.<\/p>\n\n\n\n<p>Seg\u00fan se anunci\u00f3, la AVM continuar\u00e1 implementando programas de ayuda a los productores, como el <strong>cosecha semi-asistida<\/strong>, y ofreciendo asesoramiento en materia legal e impositiva a todos sus asociados.<\/p>\n\n\n\n<p>La capacitaci\u00f3n de San Rafael es un ejemplo del esfuerzo conjunto por mejorar la eficiencia y el rendimiento en las fincas de Mendoza. Con el respaldo de instituciones como el CDV Zona Sur, Coviar, INTA y la Cooperativa Sierra Pintada, s\u00e9 busca mejorar la operaci\u00f3n y el r\u00e9dito del sector vitivin\u00edcola en la regi\u00f3n.<\/p>\n\n\n\n<p>Para m\u00e1s informaci\u00f3n sobre pr\u00f3ximas capacitaciones y actividades, los interesados pueden visitar el sitio web de la Asociaci\u00f3n Vi\u00f1ateros de Mendoza o redes sociales.<\/p>\n\n\n\n<div style=\"height:20px\" aria-hidden=\"true\" class=\"wp-block-spacer\"><\/div>\n\n\n\n<p class=\"has-background\" style=\"background-color:#d6c9e3\">Informaci\u00f3n en:<br><strong>Web: <a href=\"http:\/\/www.avm.org.ar\" title=\"\">www.avm.org.ar<\/a><br>Facebook:<a href=\"https:\/\/www.facebook.com\/asociacionvinaterosmza\" title=\"\"> Asociaci\u00f3n Vi\u00f1ateros de Mendoza<\/a><br>Twitter: <a href=\"https:\/\/twitter.com\/avm_mendoza\" title=\"\">avm_mendoza<\/a><br>Instagram: <a href=\"https:\/\/www.instagram.com\/avm_mendoza\/\" title=\"\">avm_mendoza<\/a><\/strong><\/p>\n\n\n\n<div style=\"height:30px\" aria-hidden=\"true\" class=\"wp-block-spacer\"><\/div>\n","protected":false},"excerpt":{"rendered":"<p>En la continuidad de su ciclo de capacitaciones en los 4 oasis productivos de la&hellip;<\/p>\n","protected":false},"author":3,"featured_media":118966,"comment_status":"open","ping_status":"open","sticky":false,"template":"","format":"standard","meta":{"footnotes":""},"categories":[14],"tags":[],"class_list":["post-118959","post","type-post","status-publish","format-standard","has-post-thumbnail","hentry","category-news"],"_links":{"self":[{"href":"https:\/\/enolife.com.ar\/es\/wp-json\/wp\/v2\/posts\/118959","targetHints":{"allow":["GET"]}}],"collection":[{"href":"https:\/\/enolife.com.ar\/es\/wp-json\/wp\/v2\/posts"}],"about":[{"href":"https:\/\/enolife.com.ar\/es\/wp-json\/wp\/v2\/types\/post"}],"author":[{"embeddable":true,"href":"https:\/\/enolife.com.ar\/es\/wp-json\/wp\/v2\/users\/3"}],"replies":[{"embeddable":true,"href":"https:\/\/enolife.com.ar\/es\/wp-json\/wp\/v2\/comments?post=118959"}],"version-history":[{"count":0,"href":"https:\/\/enolife.com.ar\/es\/wp-json\/wp\/v2\/posts\/118959\/revisions"}],"wp:featuredmedia":[{"embeddable":true,"href":"https:\/\/enolife.com.ar\/es\/wp-json\/wp\/v2\/media\/118966"}],"wp:attachment":[{"href":"https:\/\/enolife.com.ar\/es\/wp-json\/wp\/v2\/media?parent=118959"}],"wp:term":[{"taxonomy":"category","embeddable":true,"href":"https:\/\/enolife.com.ar\/es\/wp-json\/wp\/v2\/categories?post=118959"},{"taxonomy":"post_tag","embeddable":true,"href":"https:\/\/enolife.com.ar\/es\/wp-json\/wp\/v2\/tags?post=118959"}],"curies":[{"name":"wp","href":"https:\/\/api.w.org\/{rel}","templated":true}]}}