{"id":11892,"date":"2020-04-30T18:35:26","date_gmt":"2020-04-30T18:35:26","guid":{"rendered":"http:\/\/enolife.com.ar\/es\/?p=11892"},"modified":"2020-05-02T21:40:48","modified_gmt":"2020-05-02T21:40:48","slug":"vinateros-del-este-piden-asistencia-a-nacion-para-pagar-salarios","status":"publish","type":"post","link":"https:\/\/enolife.com.ar\/es\/vinateros-del-este-piden-asistencia-a-nacion-para-pagar-salarios\/","title":{"rendered":"Vi\u00f1ateros del Este piden asistencia a Naci\u00f3n para pagar salarios"},"content":{"rendered":"\n<h4 class=\"wp-block-heading\"><em><strong>El Centro de Vi\u00f1ateros y Bodegueros del Este de Mendoza solicit\u00f3 al ministro de Desarrollo Productivo de la Naci\u00f3n, Mat\u00edas Kulfas, que incluya a varias actividades vitivin\u00edcolas que no est\u00e1n contempladas en el \u00abPrograma de Asistencia de Emergencia al Trabajo y la Producci\u00f3n\u00bb, para as\u00ed poder gestionar ayuda financiera. Es que, seg\u00fan esta agrupaci\u00f3n, los perjuicios econ\u00f3micos por la pandemia se suman a la crisis preexistente del sector, lo que provoca dificultades para sostener las fuentes de empleo. <\/strong><\/em><\/h4>\n\n\n\n<div style=\"height:20px\" aria-hidden=\"true\" class=\"wp-block-spacer\"><\/div>\n\n\n\n<p>La justificaci\u00f3n que exponen desde el Centro de Vi\u00f1ateros y Bodegueros del Este para pedir el acceso a dicho programa es que, \u00absi bien la vitivinicultura fue exceptuada por el decreto 297\/2020 del cumplimiento del aislamiento social, preventivo y obligatorio, para que as\u00ed pudiera cumplir las tareas de cosecha de uvas y su posterior procesamiento, empaque, elaboraci\u00f3n y fraccionamiento, lo concreto es que el arrastre de su propia crisis se acopla a las consecuencias de la pandemia, profundizando la recesi\u00f3n de su comercializaci\u00f3n en el mercado interno y externo, raz\u00f3n por la cual las pPymes de la producci\u00f3n e industria se encuentra en graves dificultades para afrontar por ejemplo, el normal pago de salarios\u00bb. <br>La carta a Kulfas detalla: \u00abLas actividades espec\u00edficas que proponemos incluir son: cultivo de vid para vinificar; cultivo de uva de mesa y pasas; elaboraci\u00f3n de mosto ylaboraci\u00f3n y fraccionamiento de vinos. <\/p>\n\n\n\n<div style=\"height:20px\" aria-hidden=\"true\" class=\"wp-block-spacer\"><\/div>\n\n\n\n<div class=\"wp-block-image\"><figure class=\"alignleft size-large\"><img loading=\"lazy\" decoding=\"async\" width=\"380\" height=\"253\" src=\"https:\/\/enolife.com.ar\/es\/wp-content\/uploads\/2020\/04\/matias-kulfas.jpg\" alt=\"\" class=\"wp-image-11936\" srcset=\"https:\/\/enolife.com.ar\/es\/wp-content\/uploads\/2020\/04\/matias-kulfas.jpg 380w, https:\/\/enolife.com.ar\/es\/wp-content\/uploads\/2020\/04\/matias-kulfas-300x200.jpg 300w\" sizes=\"auto, (max-width: 380px) 100vw, 380px\" \/><figcaption><em><strong>Mat\u00edas Kulfas<\/strong><\/em><\/figcaption><\/figure><\/div>\n\n\n\n<p>Seg\u00fan manifiestan los vi\u00f1ateros, el decreto presidencial obliga a que \u00ablas empresas deber\u00e1n comprometerse a no disminuir su planta de trabajadores registrados al 29 de febrero de 2020&#8230; Se encuentran excluidas de este beneficio las empresas que realizan las actividades y servicios declarados esenciales en la emergencia sanitaria y que se encuentran exceptuados del cumplimiento del aislamiento social, preventivo y obligatorio, as\u00ed como tambi\u00e9n todas aquellas que no exterioricen indicios concretos que permitan inferir una disminuci\u00f3n representativa de su nivel de actividad.\u00bb<\/p>\n\n\n\n<p>Pero desde el Este mendocinos alegan que \u00abel cumplimiento de la condici\u00f3n de acceso a aquel beneficio, tal como por ejemplo cuantificar la variaci\u00f3n de facturaci\u00f3n en t\u00e9rminos nominales, debe revisarse, dado que la inflaci\u00f3n y la err\u00e1tica obtenci\u00f3n de ingresos en el per\u00edodo considerado distorsiona la situaci\u00f3n y arroja conclusiones inexactas.\u00bb<\/p>\n\n\n\n<div style=\"height:20px\" aria-hidden=\"true\" class=\"wp-block-spacer\"><\/div>\n\n\n\n<p class=\"has-background has-luminous-vivid-amber-background-color\"><strong>Ver la carta completa <a href=\"https:\/\/enolife.com.ar\/es\/wp-content\/uploads\/2020\/04\/NOTA-Ministro-M.-kULFAS-Dec-376-20.pdf\">AQUI<\/a><\/strong><\/p>\n\n\n\n<div style=\"height:20px\" aria-hidden=\"true\" class=\"wp-block-spacer\"><\/div>\n\n\n\n<p class=\"has-medium-font-size\"><strong>Qu\u00e9 dice el decreto del Programa de Asistencia <\/strong><\/p>\n\n\n\n<div style=\"height:20px\" aria-hidden=\"true\" class=\"wp-block-spacer\"><\/div>\n\n\n\n<p class=\"has-background has-very-light-gray-background-color\"><strong>Seg\u00fan el decreto correspondiente, el Programa contempla la posibilidad de:<\/strong><\/p>\n\n\n\n<ol class=\"wp-block-list\"><li>Postergar el pago de las contribuciones patronales al Sistema Integrado Previsional Argentino, instruyendo a la AFIP a disponer vencimientos especiales para las obligaciones devengadas durante los meses de marzo y abril del 2020, as\u00ed como facilidades para el pago de las mismas.<\/li><li>Reducir en hasta 95% el pago de las contribuciones patronales al Sistema Integrado Previsional Argentino devengadas durante el mes de abril de 2020, pudiendo prorrogarse por la Jefatura de gabinete de ministros. <\/li><li>Salario Complementario abonado por el Estado Nacional para los trabajadores y las trabajadoras en relaci\u00f3n de dependencia del sector privado.<\/li><li>Cr\u00e9dito a Tasa Cero para personas adheridas al Monotributo y para trabajadoras y trabajadores aut\u00f3nomos en las condiciones que establezcan la Jefatura de Gabinete de Ministros y el Banco Central de la Rep\u00fablica Argentina con subsidio del 100% del costo financiero total.<\/li><li>Sistema integral de prestaciones por desempleo: los trabajadores y las trabajadoras que re\u00fanan los requisitos previstos en las Leyes Nros. 24.013 y 25.371 acceder\u00e1n a una prestaci\u00f3n econ\u00f3mica por desempleo.<\/li><\/ol>\n\n\n\n<p class=\"has-background has-very-light-gray-background-color\"><strong>Para acceder al beneficio, las empresas deber\u00e1n acreditar:<\/strong><\/p>\n\n\n\n<ol class=\"wp-block-list\"><li>Que su actividad econ\u00f3mica es una de las m\u00e1s afectadas por la emergencia sanitaria.<\/li><li>Que despu\u00e9s del 12 de marzo de 2020 registraron una reducci\u00f3n sustancial en su nivel de ventas.<\/li><\/ol>\n\n\n\n<p class=\"has-background has-normal-font-size has-very-light-gray-background-color\"><strong>Las empresas que no pueden acceder al beneficio<\/strong>:<\/p>\n\n\n\n<p>Se encuentran excluidas de este beneficio las empresas que realizan las actividades y servicios declarados esenciales en la emergencia sanitaria, y que se encuentran exceptuados del cumplimiento del aislamiento social, preventivo y obligatorio, as\u00ed como tambi\u00e9n todas aquellas que no exterioricen indicios concretos que permitan inferir una disminuci\u00f3n representativa de su nivel de actividad. <\/p>\n\n\n\n<p class=\"has-small-font-size\"><strong><em>Fuente: Centro de Bodegueros y Vi\u00f1ateros del Este<\/em> <em>y www.argentina.gob.ar<\/em><\/strong><\/p>\n\n\n\n<p> <\/p>\n","protected":false},"excerpt":{"rendered":"<p>El Centro de Vi\u00f1ateros y Bodegueros del Este de Mendoza solicit\u00f3 al ministro de Desarrollo&hellip;<\/p>\n","protected":false},"author":3,"featured_media":11935,"comment_status":"open","ping_status":"open","sticky":false,"template":"","format":"standard","meta":{"footnotes":""},"categories":[14],"tags":[],"class_list":["post-11892","post","type-post","status-publish","format-standard","has-post-thumbnail","hentry","category-news"],"_links":{"self":[{"href":"https:\/\/enolife.com.ar\/es\/wp-json\/wp\/v2\/posts\/11892","targetHints":{"allow":["GET"]}}],"collection":[{"href":"https:\/\/enolife.com.ar\/es\/wp-json\/wp\/v2\/posts"}],"about":[{"href":"https:\/\/enolife.com.ar\/es\/wp-json\/wp\/v2\/types\/post"}],"author":[{"embeddable":true,"href":"https:\/\/enolife.com.ar\/es\/wp-json\/wp\/v2\/users\/3"}],"replies":[{"embeddable":true,"href":"https:\/\/enolife.com.ar\/es\/wp-json\/wp\/v2\/comments?post=11892"}],"version-history":[{"count":0,"href":"https:\/\/enolife.com.ar\/es\/wp-json\/wp\/v2\/posts\/11892\/revisions"}],"wp:featuredmedia":[{"embeddable":true,"href":"https:\/\/enolife.com.ar\/es\/wp-json\/wp\/v2\/media\/11935"}],"wp:attachment":[{"href":"https:\/\/enolife.com.ar\/es\/wp-json\/wp\/v2\/media?parent=11892"}],"wp:term":[{"taxonomy":"category","embeddable":true,"href":"https:\/\/enolife.com.ar\/es\/wp-json\/wp\/v2\/categories?post=11892"},{"taxonomy":"post_tag","embeddable":true,"href":"https:\/\/enolife.com.ar\/es\/wp-json\/wp\/v2\/tags?post=11892"}],"curies":[{"name":"wp","href":"https:\/\/api.w.org\/{rel}","templated":true}]}}