{"id":11889,"date":"2020-04-30T14:06:10","date_gmt":"2020-04-30T14:06:10","guid":{"rendered":"http:\/\/enolife.com.ar\/es\/?p=11889"},"modified":"2020-05-01T13:21:52","modified_gmt":"2020-05-01T13:21:52","slug":"el-inv-reconecto-el-gas-natural-para-ahorrar-luz-y-mejorar-los-laboratorios","status":"publish","type":"post","link":"https:\/\/enolife.com.ar\/es\/el-inv-reconecto-el-gas-natural-para-ahorrar-luz-y-mejorar-los-laboratorios\/","title":{"rendered":"El INV reconect\u00f3 el gas natural para ahorrar luz y mejorar los laboratorios"},"content":{"rendered":"\n<h4 class=\"wp-block-heading\"><em><strong>La red del complejo de edificios en la sede central  de la capital mendocina estuvo clausurada durante 4 a\u00f1os por no cumplir con normas de seguridad. Todo funcionaba con un sistema el\u00e9ctrico oneroso y poco eficiente. Ahora, los laboratorios, cocinas y calefacci\u00f3n central trabajan de modo m\u00e1s eficiente y se reduce el gasto de energ\u00eda a la mitad. <\/strong><\/em><\/h4>\n\n\n\n<div style=\"height:20px\" aria-hidden=\"true\" class=\"wp-block-spacer\"><\/div>\n\n\n\n<p>La provisi\u00f3n de gas natural en la sede central del Instituto Nacional de Vitivinicultura, ubicada en la esquina de Avenida San Mart\u00edn y Virgen del Carmen de Cuyo de la capital mendocina, permaneci\u00f3 cortada durante m\u00e1s de 4 a\u00f1os porque, en su momento, se detectaron distintos problemas e incumplimientos a las normas de seguridad vigentes en las conexiones domiciliarias dentro del radio urbano.<\/p>\n\n\n\n<p>Tras asumir su cargo en febrero pasado, el nuevo titular del ente regulador del vino en Argentina, Mart\u00edn Hinojosa, gestion\u00f3 junto a su equipo la reconexi\u00f3n del servicio.<\/p>\n\n\n\n<div style=\"height:20px\" aria-hidden=\"true\" class=\"wp-block-spacer\"><\/div>\n\n\n\n<div class=\"wp-block-image\"><figure class=\"aligncenter size-large\"><img loading=\"lazy\" decoding=\"async\" width=\"551\" height=\"453\" src=\"https:\/\/enolife.com.ar\/es\/wp-content\/uploads\/2020\/04\/image-35.png\" alt=\"\" class=\"wp-image-11903\" srcset=\"https:\/\/enolife.com.ar\/es\/wp-content\/uploads\/2020\/04\/image-35.png 551w, https:\/\/enolife.com.ar\/es\/wp-content\/uploads\/2020\/04\/image-35-300x247.png 300w\" sizes=\"auto, (max-width: 551px) 100vw, 551px\" \/><\/figure><\/div>\n\n\n\n<div style=\"height:20px\" aria-hidden=\"true\" class=\"wp-block-spacer\"><\/div>\n\n\n\n<p>La utilizaci\u00f3n de gas natural para calefaccionar el edificio representa un ahorro importante, ya que este sistema es mucho m\u00e1s eficiente y econ\u00f3mico que el sistema de resistencias el\u00e9ctricas que se estuvo usando durante todo ese tiempo. As\u00ed, el INV se adec\u00faa al Programa de Uso Racional de la Energ\u00eda (Proure), el cual establece pautas en lo que respecta al uso racional de los distintos tipos de energ\u00edas.<\/p>\n\n\n\n<p>El Departamento de Infraestructura, Mantenimiento y Servicios del Organismo trabaj\u00f3 en la readecuaci\u00f3n de las instalaciones para la rehabilitaci\u00f3n del suministro de gas natural por red, a proveer por la Empresa Ecog\u00e1s S. A.<\/p>\n\n\n\n<div style=\"height:20px\" aria-hidden=\"true\" class=\"wp-block-spacer\"><\/div>\n\n\n\n<div class=\"wp-block-image\"><figure class=\"alignleft size-large is-resized\"><img loading=\"lazy\" decoding=\"async\" src=\"https:\/\/enolife.com.ar\/es\/wp-content\/uploads\/2020\/04\/image-34.png\" alt=\"\" class=\"wp-image-11901\" width=\"367\" height=\"489\" srcset=\"https:\/\/enolife.com.ar\/es\/wp-content\/uploads\/2020\/04\/image-34.png 433w, https:\/\/enolife.com.ar\/es\/wp-content\/uploads\/2020\/04\/image-34-225x300.png 225w\" sizes=\"auto, (max-width: 367px) 100vw, 367px\" \/><\/figure><\/div>\n\n\n\n<p class=\"has-background has-pale-cyan-blue-background-color\"><strong>Inversi\u00f3n y trabajos realizados<\/strong><br><br>La obra demand\u00f3 una inversi\u00f3n de casi $4.000.000 y se tramit\u00f3 a trav\u00e9s de una licitaci\u00f3n privada, fiscalizada por Ente Nacional Regulador del Gas (Enargas). Consisti\u00f3 de una nueva instalaci\u00f3n fija para el suministro por red de gas natural con las siguientes acciones:<br><br><strong>&#8211; La construcci\u00f3n de una nueva planta<\/strong> principal de medici\u00f3n y regulaci\u00f3n para dos medidores.<br>&#8211; <strong>Tendido de ca\u00f1er\u00edas<\/strong> y sus accesorios, de distintos materiales y di\u00e1metros, debidamente distribuidos y protegidos para las prestaciones espec\u00edficas que se requer\u00edan.<br><strong>&#8211; Construcci\u00f3n de subestaciones de regulaci\u00f3n<\/strong> a ubicarse en distintos sectores y niveles del edificio.<br>&#8211;<strong> Readecuaciones de sistemas de calefacci\u00f3n central<\/strong> existentes (industriales, semi industriales y especiales) con destino a los distintos ambientes de trabajo (oficinas\/laboratorios), con nuevos quemadores.<br><strong>&#8211; Instalaci\u00f3n de artefactos nuevos<\/strong> individuales de calefacci\u00f3n del tipo domiciliarios para oficinas varias, anafes y cocinas para kitchenettes.<br><strong>&#8211; Instalaci\u00f3n de nuevos mecheros<\/strong> bunsen para los distintos laboratorios.<\/p>\n\n\n\n<div style=\"height:20px\" aria-hidden=\"true\" class=\"wp-block-spacer\"><\/div>\n\n\n\n<p>Esta obra representa un ahorro energ\u00e9tico importante para el INV porque, teniendo en cuenta la falta del servicio de gas natural, y la necesidad de urgencia de aquel momento, personal del organismo realiz\u00f3 un trabajo que permiti\u00f3 convertir el sistema de calefacci\u00f3n a gas natural a otro sistema que utiliza resistencias el\u00e9ctricas. <\/p>\n\n\n\n<p>En los laboratorios se incorporaron anafes y otros artefactos el\u00e9ctricos que ayudaron para el funcionamiento y cambio de modalidad de los an\u00e1lisis. <\/p>\n\n\n\n<p>Esta conversi\u00f3n se realiz\u00f3 con el objetivo de mantener calefaccionado el edificio principal y el sector de la Delegaci\u00f3n Mendoza, as\u00ed como el funcionamiento de los laboratorios, que antes generaba un incremento de la potencia el\u00e9ctrica contratada, llegando a duplicar los valores hist\u00f3ricos de consumo en los meses de mayo, junio, julio y agosto. Estos excesos de potencia generaron para el INV penalidades econ\u00f3micas en la facturaci\u00f3n, establecidas en el reglamento el\u00e9ctrico.<\/p>\n\n\n\n<div style=\"height:20px\" aria-hidden=\"true\" class=\"wp-block-spacer\"><\/div>\n\n\n\n<p class=\"has-medium-font-size\"><strong>Operativo de cierre de elaboraci\u00f3n y toma de existencias<\/strong><\/p>\n\n\n\n<div style=\"height:20px\" aria-hidden=\"true\" class=\"wp-block-spacer\"><\/div>\n\n\n\n<p>Paralelamente a los trabajos para reconectar la red de gas, t\u00e9cnicos e inspectores del INV se desplegaron en las m\u00e1s de 1.000 bodegas del pa\u00eds que fiscalizan, para llevar a cabo, como cada a\u00f1o para estas fechas, el operativo de cierre de elaboraci\u00f3n 2020 y toma de existencias de vinos y mostos.<\/p>\n\n\n\n<div style=\"height:20px\" aria-hidden=\"true\" class=\"wp-block-spacer\"><\/div>\n\n\n\n<div class=\"wp-block-image\"><figure class=\"aligncenter size-large\"><img loading=\"lazy\" decoding=\"async\" width=\"573\" height=\"435\" src=\"https:\/\/enolife.com.ar\/es\/wp-content\/uploads\/2020\/04\/image-36.png\" alt=\"\" class=\"wp-image-11906\" srcset=\"https:\/\/enolife.com.ar\/es\/wp-content\/uploads\/2020\/04\/image-36.png 573w, https:\/\/enolife.com.ar\/es\/wp-content\/uploads\/2020\/04\/image-36-300x228.png 300w\" sizes=\"auto, (max-width: 573px) 100vw, 573px\" \/><\/figure><\/div>\n\n\n\n<div style=\"height:20px\" aria-hidden=\"true\" class=\"wp-block-spacer\"><\/div>\n\n\n\n<p>La tarea consiste en cuantificar las existencias en las bodegas, para efectuar un corte por color de los vinos viejos a granel gen\u00e9ricos, y determinar el contenido de alcohol de esos vinos. Para ello, se trabaja con el auxilio de los auto analizadores con los que est\u00e1n equipados los mini laboratorios m\u00f3viles del organismo.<\/p>\n\n\n\n<div style=\"height:20px\" aria-hidden=\"true\" class=\"wp-block-spacer\"><\/div>\n\n\n\n<figure class=\"wp-block-gallery columns-2 is-cropped wp-block-gallery-1 is-layout-flex wp-block-gallery-is-layout-flex\"><ul class=\"blocks-gallery-grid\"><li class=\"blocks-gallery-item\"><figure><img loading=\"lazy\" decoding=\"async\" width=\"1024\" height=\"576\" src=\"https:\/\/enolife.com.ar\/es\/wp-content\/uploads\/2020\/04\/inv-1-1-1024x576.jpeg\" alt=\"\" data-id=\"11900\" class=\"wp-image-11900\" srcset=\"https:\/\/enolife.com.ar\/es\/wp-content\/uploads\/2020\/04\/inv-1-1-1024x576.jpeg 1024w, https:\/\/enolife.com.ar\/es\/wp-content\/uploads\/2020\/04\/inv-1-1-300x169.jpeg 300w, https:\/\/enolife.com.ar\/es\/wp-content\/uploads\/2020\/04\/inv-1-1-768x432.jpeg 768w, https:\/\/enolife.com.ar\/es\/wp-content\/uploads\/2020\/04\/inv-1-1-585x329.jpeg 585w, https:\/\/enolife.com.ar\/es\/wp-content\/uploads\/2020\/04\/inv-1-1.jpeg 1032w\" sizes=\"auto, (max-width: 1024px) 100vw, 1024px\" \/><\/figure><\/li><li class=\"blocks-gallery-item\"><figure><img loading=\"lazy\" decoding=\"async\" width=\"446\" height=\"559\" src=\"https:\/\/enolife.com.ar\/es\/wp-content\/uploads\/2020\/04\/inv-2-1.jpeg\" alt=\"\" data-id=\"11905\" data-full-url=\"https:\/\/enolife.com.ar\/es\/wp-content\/uploads\/2020\/04\/inv-2-1.jpeg\" data-link=\"https:\/\/enolife.com.ar\/es\/?attachment_id=11905\" class=\"wp-image-11905\" srcset=\"https:\/\/enolife.com.ar\/es\/wp-content\/uploads\/2020\/04\/inv-2-1.jpeg 446w, https:\/\/enolife.com.ar\/es\/wp-content\/uploads\/2020\/04\/inv-2-1-239x300.jpeg 239w\" sizes=\"auto, (max-width: 446px) 100vw, 446px\" \/><\/figure><\/li><\/ul><\/figure>\n\n\n\n<div style=\"height:20px\" aria-hidden=\"true\" class=\"wp-block-spacer\"><\/div>\n\n\n\n<p>El operativo tambi\u00e9n incluye la toma de existencias de vinos nuevos en bodega, control de sus rendimientos comparados con las uvas ingresadas, degustaci\u00f3n integral y extracci\u00f3n de muestras para an\u00e1lisis qu\u00edmico.<\/p>\n\n\n\n<p>El INV realiza esta tarea de cierre en todas las zonas productoras del pa\u00eds, pero con distintas caracter\u00edsticas de acuerdo al volumen de elaboraci\u00f3n de cada una de ellas.<\/p>\n\n\n\n<div style=\"height:20px\" aria-hidden=\"true\" class=\"wp-block-spacer\"><\/div>\n\n\n\n<p class=\"has-small-font-size\"><em><strong>Fuente: Instituto Nacional de Vitivinicultura<\/strong><\/em><\/p>\n","protected":false},"excerpt":{"rendered":"<p>La red del complejo de edificios en la sede central de la capital mendocina estuvo&hellip;<\/p>\n","protected":false},"author":3,"featured_media":11899,"comment_status":"open","ping_status":"open","sticky":false,"template":"","format":"standard","meta":{"footnotes":""},"categories":[14],"tags":[],"class_list":["post-11889","post","type-post","status-publish","format-standard","has-post-thumbnail","hentry","category-news"],"_links":{"self":[{"href":"https:\/\/enolife.com.ar\/es\/wp-json\/wp\/v2\/posts\/11889","targetHints":{"allow":["GET"]}}],"collection":[{"href":"https:\/\/enolife.com.ar\/es\/wp-json\/wp\/v2\/posts"}],"about":[{"href":"https:\/\/enolife.com.ar\/es\/wp-json\/wp\/v2\/types\/post"}],"author":[{"embeddable":true,"href":"https:\/\/enolife.com.ar\/es\/wp-json\/wp\/v2\/users\/3"}],"replies":[{"embeddable":true,"href":"https:\/\/enolife.com.ar\/es\/wp-json\/wp\/v2\/comments?post=11889"}],"version-history":[{"count":0,"href":"https:\/\/enolife.com.ar\/es\/wp-json\/wp\/v2\/posts\/11889\/revisions"}],"wp:featuredmedia":[{"embeddable":true,"href":"https:\/\/enolife.com.ar\/es\/wp-json\/wp\/v2\/media\/11899"}],"wp:attachment":[{"href":"https:\/\/enolife.com.ar\/es\/wp-json\/wp\/v2\/media?parent=11889"}],"wp:term":[{"taxonomy":"category","embeddable":true,"href":"https:\/\/enolife.com.ar\/es\/wp-json\/wp\/v2\/categories?post=11889"},{"taxonomy":"post_tag","embeddable":true,"href":"https:\/\/enolife.com.ar\/es\/wp-json\/wp\/v2\/tags?post=11889"}],"curies":[{"name":"wp","href":"https:\/\/api.w.org\/{rel}","templated":true}]}}