{"id":118792,"date":"2024-07-04T18:04:56","date_gmt":"2024-07-04T18:04:56","guid":{"rendered":"https:\/\/enolife.com.ar\/es\/?p=118792"},"modified":"2024-07-05T13:25:02","modified_gmt":"2024-07-05T13:25:02","slug":"mendoza-represento-a-argentina-en-el-mayor-encuentro-de-enologos-de-sudamerica-en-uruguay","status":"publish","type":"post","link":"https:\/\/enolife.com.ar\/es\/mendoza-represento-a-argentina-en-el-mayor-encuentro-de-enologos-de-sudamerica-en-uruguay\/","title":{"rendered":"Mendoza represent\u00f3 a Argentina en el mayor encuentro de en\u00f3logos de Sudam\u00e9rica en Uruguay"},"content":{"rendered":"\n<h4 class=\"wp-block-heading\"><em><strong>La enolog\u00eda de Mendoza tuvo una participaci\u00f3n protag\u00f3nica como representante de Argentina en el encuentro sudamericano Directo del Vi\u00f1edo 2024, celebrado en Uruguay el 3 de julio. La representaci\u00f3n estuvo a cargo del en\u00f3logo Juan Pablo D\u00edaz (foto principal), por el Consejo Profesional de Graduados en Enolog\u00eda de Mendoza.<\/strong><\/em><\/h4>\n\n\n\n<div style=\"height:35px\" aria-hidden=\"true\" class=\"wp-block-spacer\"><\/div>\n\n\n<a href=\"https:\/\/www.dellatoffola.com.ar\/es\/home\" aria-label=\"Banner Filtro Permeare_1700x500\"><img loading=\"lazy\" decoding=\"async\" src=\"https:\/\/enolife.com.ar\/es\/wp-content\/uploads\/2024\/06\/Banner-Filtro-Permeare_1700x500.png\" alt=\"\"  srcset=\"https:\/\/enolife.com.ar\/es\/wp-content\/uploads\/2024\/06\/Banner-Filtro-Permeare_1700x500.png 1700w, https:\/\/enolife.com.ar\/es\/wp-content\/uploads\/2024\/06\/Banner-Filtro-Permeare_1700x500-300x88.png 300w, https:\/\/enolife.com.ar\/es\/wp-content\/uploads\/2024\/06\/Banner-Filtro-Permeare_1700x500-1024x301.png 1024w, https:\/\/enolife.com.ar\/es\/wp-content\/uploads\/2024\/06\/Banner-Filtro-Permeare_1700x500-768x226.png 768w, https:\/\/enolife.com.ar\/es\/wp-content\/uploads\/2024\/06\/Banner-Filtro-Permeare_1700x500-1536x452.png 1536w, https:\/\/enolife.com.ar\/es\/wp-content\/uploads\/2024\/06\/Banner-Filtro-Permeare_1700x500-1170x344.png 1170w, https:\/\/enolife.com.ar\/es\/wp-content\/uploads\/2024\/06\/Banner-Filtro-Permeare_1700x500-585x172.png 585w\" sizes=\"auto, (max-width: 1700px) 100vw, 1700px\" width=\"1700\" height=\"500\"   \/><\/a>\n\n\n<div style=\"height:45px\" aria-hidden=\"true\" class=\"wp-block-spacer\"><\/div>\n\n\n\n<p>Este encuentro, parte de una serie de reuniones internacionales, re\u00fane a destacados profesionales de la vitivinicultura latinoamericana para discutir los resultados del ciclo vitivin\u00edcola reci\u00e9n finalizado, incluida la vendimia 2024.<\/p>\n\n\n\n<p>Organizado por la <strong>Asociaci\u00f3n de En\u00f3logos de Am\u00e9rica<\/strong> y moderado por el en\u00f3logo uruguayo <strong>Fernando Pettenuzzo<\/strong>, el c\u00f3nclave congreg\u00f3 a expertos en\u00f3logos y viticultores de seis pa\u00edses de Sudam\u00e9rica. En esta ocasi\u00f3n, cada pa\u00eds tuvo un \u00fanico presentador, simplificando y focalizando las discusiones sobre los avances y desaf\u00edos en el sector.<\/p>\n\n\n\n<div style=\"height:45px\" aria-hidden=\"true\" class=\"wp-block-spacer\"><\/div>\n\n\n\n<figure class=\"wp-block-embed aligncenter is-type-video is-provider-youtube wp-block-embed-youtube wp-embed-aspect-16-9 wp-has-aspect-ratio\"><div class=\"wp-block-embed__wrapper\">\n<iframe loading=\"lazy\" title=\"Directo del Vi\u00f1edo 2024 - Cuarta Edici\u00f3n - En Uruguay\" width=\"1170\" height=\"658\" src=\"https:\/\/www.youtube.com\/embed\/QS59s9oD3lI?start=137&#038;feature=oembed\" frameborder=\"0\" allow=\"accelerometer; autoplay; clipboard-write; encrypted-media; gyroscope; picture-in-picture; web-share\" referrerpolicy=\"strict-origin-when-cross-origin\" allowfullscreen><\/iframe>\n<\/div><\/figure>\n\n\n\n<div style=\"height:45px\" aria-hidden=\"true\" class=\"wp-block-spacer\"><\/div>\n\n\n\n<p>El gobierno de <strong>Canelones, Uruguay<\/strong>, y el <strong>Instituto Nacional de Vitivinicultura (Inavi) <\/strong>de Uruguay auspiciaron el evento, que incluy\u00f3 una convocatoria presencial limitada y una transmisi\u00f3n virtual gratuita accesible a trav\u00e9s de las plataformas de Instagram y YouTube de la Asociaci\u00f3n. Esta iniciativa busca compartir conocimientos clave y promover la colaboraci\u00f3n entre los profesionales del vino en toda la regi\u00f3n.<\/p>\n\n\n\n<p><strong>Directo del Vi\u00f1edo 2024<\/strong> ha sido una plataforma para intercambiar informaci\u00f3n valiosa y establecer nuevas redes de colaboraci\u00f3n, consolidando la importancia de la vitivinicultura en el panorama latinoamericano y global.<br><\/p>\n\n\n\n<p><strong>La n\u00f3mina de disertantes y las instituciones que representaron:<\/strong><\/p>\n\n\n\n<ul class=\"wp-block-list\">\n<li><strong>Argentina<\/strong>: Juan Pablo D\u00edaz, Consejo Profesional de Graduados en Enolog\u00eda de Mendoza<\/li>\n\n\n\n<li><strong>Bolivia<\/strong>:&nbsp;Gerardo Aguirre Castellanos, Asociaci\u00f3n Nacional de En\u00f3logos de Bolivia<\/li>\n\n\n\n<li><strong>Brasil<\/strong>:&nbsp;Edegar Scortegagna, Asociacao Brasileira de Enologia<\/li>\n\n\n\n<li><strong>Chile<\/strong>:&nbsp;Ricardo Baettig, Asociaci\u00f3n Nacional de Ingenieros Agr\u00f3nomos En\u00f3logos de Chile<\/li>\n\n\n\n<li><strong>Per\u00fa<\/strong>:&nbsp;Consuelo Gonz\u00e1les Mart\u00ednez, C\u00e1mara de Comercio, Industria y Turismo de Ica &#8211; Sub-comit\u00e9 de En\u00f3logos y Agr\u00f3nomos<\/li>\n\n\n\n<li><strong>Uruguay<\/strong>:&nbsp;Eduardo Ros\u00e9s, Asociaci\u00f3n de En\u00f3logos del Uruguay<\/li>\n<\/ul>\n\n\n\n<div style=\"height:29px\" aria-hidden=\"true\" class=\"wp-block-spacer\"><\/div>\n","protected":false},"excerpt":{"rendered":"<p>La enolog\u00eda de Mendoza tuvo una participaci\u00f3n protag\u00f3nica como representante de Argentina en el encuentro&hellip;<\/p>\n","protected":false},"author":3,"featured_media":118798,"comment_status":"open","ping_status":"open","sticky":false,"template":"","format":"standard","meta":{"footnotes":""},"categories":[14],"tags":[],"class_list":["post-118792","post","type-post","status-publish","format-standard","has-post-thumbnail","hentry","category-news"],"_links":{"self":[{"href":"https:\/\/enolife.com.ar\/es\/wp-json\/wp\/v2\/posts\/118792","targetHints":{"allow":["GET"]}}],"collection":[{"href":"https:\/\/enolife.com.ar\/es\/wp-json\/wp\/v2\/posts"}],"about":[{"href":"https:\/\/enolife.com.ar\/es\/wp-json\/wp\/v2\/types\/post"}],"author":[{"embeddable":true,"href":"https:\/\/enolife.com.ar\/es\/wp-json\/wp\/v2\/users\/3"}],"replies":[{"embeddable":true,"href":"https:\/\/enolife.com.ar\/es\/wp-json\/wp\/v2\/comments?post=118792"}],"version-history":[{"count":0,"href":"https:\/\/enolife.com.ar\/es\/wp-json\/wp\/v2\/posts\/118792\/revisions"}],"wp:featuredmedia":[{"embeddable":true,"href":"https:\/\/enolife.com.ar\/es\/wp-json\/wp\/v2\/media\/118798"}],"wp:attachment":[{"href":"https:\/\/enolife.com.ar\/es\/wp-json\/wp\/v2\/media?parent=118792"}],"wp:term":[{"taxonomy":"category","embeddable":true,"href":"https:\/\/enolife.com.ar\/es\/wp-json\/wp\/v2\/categories?post=118792"},{"taxonomy":"post_tag","embeddable":true,"href":"https:\/\/enolife.com.ar\/es\/wp-json\/wp\/v2\/tags?post=118792"}],"curies":[{"name":"wp","href":"https:\/\/api.w.org\/{rel}","templated":true}]}}