{"id":11849,"date":"2020-04-29T20:52:37","date_gmt":"2020-04-29T20:52:37","guid":{"rendered":"http:\/\/enolife.com.ar\/es\/?p=11849"},"modified":"2020-04-29T22:26:23","modified_gmt":"2020-04-29T22:26:23","slug":"jose-zuccardi-titular-de-coviar-habla-sobre-el-mercado-del-vino-post-pandemia","status":"publish","type":"post","link":"https:\/\/enolife.com.ar\/es\/jose-zuccardi-titular-de-coviar-habla-sobre-el-mercado-del-vino-post-pandemia\/","title":{"rendered":"Jos\u00e9 Zuccardi, titular de Coviar, habla sobre el mercado del vino post pandemia"},"content":{"rendered":"\n<h4 class=\"wp-block-heading\"><em><strong>Ma\u00f1ana 30\/4, el m\u00e1ximo dirigente de la Corporaci\u00f3n Vitivin\u00edcola Argentina y propietario de la Bodega Familia Zuccardi, dar\u00e1 su visi\u00f3n sobre el futuro de los mercados y las estrategias para la recuperaci\u00f3n del sector. Ser\u00e1 en el ciclo v\u00eda Zoom \u00abTres miradas, la misma realidad\u00bb, organizado por el Grupo Olascoaga. En el mismo panel, junto a Zuccardi estar\u00e1n el empresario gastron\u00f3mico y presidente de Aehga, Fernando Barbera, y el presidente del Polo TIC Mendoza y especialista en desarrollo de software Rodolfo Giro. <\/strong><\/em><\/h4>\n\n\n\n<div style=\"height:20px\" aria-hidden=\"true\" class=\"wp-block-spacer\"><\/div>\n\n\n\n<ul class=\"wp-block-list\"><li><strong>Fecha<\/strong>: Jueves 30\/4\/2020<\/li><li><strong>Horario<\/strong>: 18.00 hs<\/li><li><strong>Medio<\/strong>: Zoom<\/li><\/ul>\n\n\n\n<p class=\"has-background has-very-light-gray-background-color\"><strong>La tem\u00e1tica que se tratar\u00e1 se basa en los siguientes ejes: <\/strong><\/p>\n\n\n\n<ul class=\"wp-block-list\"><li>\u00bfQu\u00e9 mercado y con qu\u00e9 consumidores nos encontraremos post pandemia?<\/li><li>\u00bfC\u00f3mo ser\u00e1 la recuperaci\u00f3n de los mercados?<\/li><li>\u00bfEs compatible la idea de Estado asistiendo con los pedidos de rebajas impositivos?<\/li><\/ul>\n\n\n\n<p class=\"has-background has-very-light-gray-background-color\"><strong>Para participar y obtener mayor informaci\u00f3n se debe env\u00edar un mensaje directo (DM) v\u00eda Twitter a  <a href=\"https:\/\/twitter.com\/EquipoOlascoaga\">https:\/\/twitter.com\/EquipoOlascoaga<\/a> <\/strong><\/p>\n\n\n\n<p><\/p>\n","protected":false},"excerpt":{"rendered":"<p>Ma\u00f1ana 30\/4, el m\u00e1ximo dirigente de la Corporaci\u00f3n Vitivin\u00edcola Argentina y propietario de la Bodega&hellip;<\/p>\n","protected":false},"author":3,"featured_media":11868,"comment_status":"open","ping_status":"open","sticky":false,"template":"","format":"standard","meta":{"footnotes":""},"categories":[47],"tags":[],"class_list":["post-11849","post","type-post","status-publish","format-standard","has-post-thumbnail","hentry","category-agenda"],"_links":{"self":[{"href":"https:\/\/enolife.com.ar\/es\/wp-json\/wp\/v2\/posts\/11849","targetHints":{"allow":["GET"]}}],"collection":[{"href":"https:\/\/enolife.com.ar\/es\/wp-json\/wp\/v2\/posts"}],"about":[{"href":"https:\/\/enolife.com.ar\/es\/wp-json\/wp\/v2\/types\/post"}],"author":[{"embeddable":true,"href":"https:\/\/enolife.com.ar\/es\/wp-json\/wp\/v2\/users\/3"}],"replies":[{"embeddable":true,"href":"https:\/\/enolife.com.ar\/es\/wp-json\/wp\/v2\/comments?post=11849"}],"version-history":[{"count":0,"href":"https:\/\/enolife.com.ar\/es\/wp-json\/wp\/v2\/posts\/11849\/revisions"}],"wp:featuredmedia":[{"embeddable":true,"href":"https:\/\/enolife.com.ar\/es\/wp-json\/wp\/v2\/media\/11868"}],"wp:attachment":[{"href":"https:\/\/enolife.com.ar\/es\/wp-json\/wp\/v2\/media?parent=11849"}],"wp:term":[{"taxonomy":"category","embeddable":true,"href":"https:\/\/enolife.com.ar\/es\/wp-json\/wp\/v2\/categories?post=11849"},{"taxonomy":"post_tag","embeddable":true,"href":"https:\/\/enolife.com.ar\/es\/wp-json\/wp\/v2\/tags?post=11849"}],"curies":[{"name":"wp","href":"https:\/\/api.w.org\/{rel}","templated":true}]}}