{"id":118254,"date":"2024-06-27T11:38:46","date_gmt":"2024-06-27T11:38:46","guid":{"rendered":"https:\/\/enolife.com.ar\/es\/?p=118254"},"modified":"2024-06-28T15:16:27","modified_gmt":"2024-06-28T15:16:27","slug":"la-avm-invita-a-una-capacitacion-sobre-mantenimiento-de-maquinarias-agricolas-en-san-rafael","status":"publish","type":"post","link":"https:\/\/enolife.com.ar\/es\/la-avm-invita-a-una-capacitacion-sobre-mantenimiento-de-maquinarias-agricolas-en-san-rafael\/","title":{"rendered":"La AVM invita a una capacitaci\u00f3n sobre mantenimiento de maquinarias agr\u00edcolas en San Rafael"},"content":{"rendered":"\n<h4 class=\"wp-block-heading\"><em><strong>En la continuidad de su ciclo de capacitaciones a sus asociados y productores vitivin\u00edcolas en general, iniciado en 2022, la Asociaci\u00f3n de Vi\u00f1ateros de Mendoza (AVM) convoca a los interesados a una jornada de instrucci\u00f3n sobre c\u00f3mo conservar en buen estado los equipos y m\u00f3viles en las fincas en \u00e9pocas en que se utilizan mucho o bien se dejan de usar por largos per\u00edodos. Ser\u00e1 en la Finca de la Cooperativa Sierra Pintada de San Rafael.<\/strong><\/em> <\/h4>\n\n\n\n<div style=\"height:35px\" aria-hidden=\"true\" class=\"wp-block-spacer\"><\/div>\n\n\n\n\n\n<div style=\"height:45px\" aria-hidden=\"true\" class=\"wp-block-spacer\"><\/div>\n\n\n\n<p>Desde hace a\u00f1os, la <strong>Asociaci\u00f3n de Vi\u00f1ateros de Mendoza (AVM) <\/strong>realiza un ciclo de capacitaciones gratuitas sobre operaci\u00f3n y mantenimiento de maquinarias agr\u00edcolas, con el plan de llegar a productores, tractoristas, pulverizadores y otros trabajadores de todos los oasis mendocinos. Tras varias capacitaciones en el zona Este y la zona Norte de la provincia, ahora llegan a San Rafael en los pr\u00f3ximos d\u00edas.<\/p>\n\n\n\n<p>En este caso, se trata de una <strong>capacitaci\u00f3n sobre mantenimiento de maquinarias agr\u00edcolas.<\/strong> La participaci\u00f3n es libre y gratuita pero con cupos limitados, por lo que se sugiere una inscripci\u00f3n previa en el link abajo insertado.<\/p>\n\n\n\n<p><strong>Fecha:<\/strong> Viernes 5 de Julio<br><strong>Horario:<\/strong> 9.30 a 17 horas<br><strong>Lugar: <\/strong>Finca de la Cooperativa Sierra Pintada<br><strong>Direcci\u00f3n: <\/strong>Calle Mu\u00f1oz 600, El Cerrito (entre Adolfo Calle y Rawson), San Rafael, Mendoza<\/p>\n\n\n\n<div style=\"height:30px\" aria-hidden=\"true\" class=\"wp-block-spacer\"><\/div>\n\n\n<div class=\"wp-block-image\">\n<figure class=\"aligncenter size-full\"><a href=\"https:\/\/enolife.com.ar\/es\/wp-content\/uploads\/2024\/06\/Imagen1-18.jpg\" data-rel=\"penci-gallery-image-content\" ><img loading=\"lazy\" decoding=\"async\" width=\"493\" height=\"350\" src=\"https:\/\/enolife.com.ar\/es\/wp-content\/uploads\/2024\/06\/Imagen1-18.jpg\" alt=\"\" class=\"wp-image-118259\" srcset=\"https:\/\/enolife.com.ar\/es\/wp-content\/uploads\/2024\/06\/Imagen1-18.jpg 493w, https:\/\/enolife.com.ar\/es\/wp-content\/uploads\/2024\/06\/Imagen1-18-300x213.jpg 300w\" sizes=\"auto, (max-width: 493px) 100vw, 493px\" \/><\/a><\/figure><\/div>\n\n\n<div style=\"height:30px\" aria-hidden=\"true\" class=\"wp-block-spacer\"><\/div>\n\n\n\n<p>Invitan y colaboran adem\u00e1s: <strong>Producci\u00f3n Primaria, CDV Zona Sur, Coviar, INTA y Cooperativa Sierra Pintada.<\/strong><\/p>\n\n\n\n<div style=\"height:15px\" aria-hidden=\"true\" class=\"wp-block-spacer\"><\/div>\n\n\n\n<p class=\"has-background\" style=\"background-color:#abb7c254\"><strong>Record\u00e1 que los cupos son limitados, por lo que te recomendamos inscribirte cuanto antes clickeando <a href=\"https:\/\/docs.google.com\/forms\/d\/e\/1FAIpQLSeGubDx5zIr7uXyrxuBuIm2kxsjGYpOsH0LLkT9SSDwxjD-Ig\/viewform\" title=\"\">AQU\u00cd<\/a><\/strong><\/p>\n\n\n\n<div style=\"height:30px\" aria-hidden=\"true\" class=\"wp-block-spacer\"><\/div>\n","protected":false},"excerpt":{"rendered":"<p>En la continuidad de su ciclo de capacitaciones a sus asociados y productores vitivin\u00edcolas en&hellip;<\/p>\n","protected":false},"author":3,"featured_media":118261,"comment_status":"open","ping_status":"open","sticky":false,"template":"","format":"standard","meta":{"footnotes":""},"categories":[47,56],"tags":[],"class_list":["post-118254","post","type-post","status-publish","format-standard","has-post-thumbnail","hentry","category-agenda","category-destacado"],"_links":{"self":[{"href":"https:\/\/enolife.com.ar\/es\/wp-json\/wp\/v2\/posts\/118254","targetHints":{"allow":["GET"]}}],"collection":[{"href":"https:\/\/enolife.com.ar\/es\/wp-json\/wp\/v2\/posts"}],"about":[{"href":"https:\/\/enolife.com.ar\/es\/wp-json\/wp\/v2\/types\/post"}],"author":[{"embeddable":true,"href":"https:\/\/enolife.com.ar\/es\/wp-json\/wp\/v2\/users\/3"}],"replies":[{"embeddable":true,"href":"https:\/\/enolife.com.ar\/es\/wp-json\/wp\/v2\/comments?post=118254"}],"version-history":[{"count":0,"href":"https:\/\/enolife.com.ar\/es\/wp-json\/wp\/v2\/posts\/118254\/revisions"}],"wp:featuredmedia":[{"embeddable":true,"href":"https:\/\/enolife.com.ar\/es\/wp-json\/wp\/v2\/media\/118261"}],"wp:attachment":[{"href":"https:\/\/enolife.com.ar\/es\/wp-json\/wp\/v2\/media?parent=118254"}],"wp:term":[{"taxonomy":"category","embeddable":true,"href":"https:\/\/enolife.com.ar\/es\/wp-json\/wp\/v2\/categories?post=118254"},{"taxonomy":"post_tag","embeddable":true,"href":"https:\/\/enolife.com.ar\/es\/wp-json\/wp\/v2\/tags?post=118254"}],"curies":[{"name":"wp","href":"https:\/\/api.w.org\/{rel}","templated":true}]}}