{"id":118250,"date":"2024-06-26T23:30:07","date_gmt":"2024-06-26T23:30:07","guid":{"rendered":"https:\/\/enolife.com.ar\/es\/?p=118250"},"modified":"2024-06-27T11:38:28","modified_gmt":"2024-06-27T11:38:28","slug":"el-titular-del-inv-va-a-san-rafael-para-debatir-temas-vitivinicolas-en-la-camara-de-comercio-local","status":"publish","type":"post","link":"https:\/\/enolife.com.ar\/es\/el-titular-del-inv-va-a-san-rafael-para-debatir-temas-vitivinicolas-en-la-camara-de-comercio-local\/","title":{"rendered":"El titular del INV va a San Rafael para debatir temas vitivin\u00edcolas en la C\u00e1mara de Comercio local"},"content":{"rendered":"\n<h4 class=\"wp-block-heading\"><em><strong>El viernes 28\/6, Carlos Tizio, presidente del Instituto Nacional de Vitivinicultura (INV), acompa\u00f1ado por representantes de su instituci\u00f3n en la segunda ciudad mendocina, se reunir\u00e1 con dirigentes de la C\u00e1mara de Comercio, Industria y Agropecuaria de San Rafael (CCIA) y con productores vitivin\u00edcolas, bodegueros e industriales vinculados al sector para abordar temas de inter\u00e9s vitivin\u00edcola.<\/strong><\/em><\/h4>\n\n\n\n<div style=\"height:35px\" aria-hidden=\"true\" class=\"wp-block-spacer\"><\/div>\n\n\n\n\n\n<div style=\"height:45px\" aria-hidden=\"true\" class=\"wp-block-spacer\"><\/div>\n\n\n\n<p>En l\u00ednea con su objetivo de acercar e integrar todas las organizaciones provinciales y nacionales vinculadas con la actividad vitivin\u00edcola, el titular del <strong>Instituto Nacional de Vitivinicultura (INV)<\/strong> desde enero de 2024, el mendocino <strong>Carlos Tizio<\/strong>, viajar\u00e1 a <strong>San Rafael <\/strong>para mantener reuniones con protagonistas del comercio y la industria de la pujante ciudad sure\u00f1a, y para que ambas partes se pongan al d\u00eda en cuanto a novedades de los sectores vitivin\u00edcola, comercial e industrial.<\/p>\n\n\n\n<p>El encuentro ha sido organizado entre la <strong>C\u00e1mara de Comercio, Industria y Agropecuaria de San Rafael<\/strong> <strong>(CCIA) <\/strong>y el INV, y est\u00e1 destinado a bodegueros, elaboradores de vinos artesanales y caseros, vi\u00f1ateros, profesionales y personas relacionadas con la industria que deseen exponer sus consultas.<\/p>\n\n\n\n<div style=\"height:30px\" aria-hidden=\"true\" class=\"wp-block-spacer\"><\/div>\n\n\n<div class=\"wp-block-image\">\n<figure class=\"aligncenter size-large is-resized\"><a href=\"https:\/\/enolife.com.ar\/es\/wp-content\/uploads\/2024\/06\/image-69.png\" data-rel=\"penci-gallery-image-content\" ><img loading=\"lazy\" decoding=\"async\" src=\"https:\/\/enolife.com.ar\/es\/wp-content\/uploads\/2024\/06\/image-69-1024x1024.png\" alt=\"\" class=\"wp-image-118251\" width=\"422\" height=\"422\" srcset=\"https:\/\/enolife.com.ar\/es\/wp-content\/uploads\/2024\/06\/image-69-1024x1024.png 1024w, https:\/\/enolife.com.ar\/es\/wp-content\/uploads\/2024\/06\/image-69-300x300.png 300w, https:\/\/enolife.com.ar\/es\/wp-content\/uploads\/2024\/06\/image-69-150x150.png 150w, https:\/\/enolife.com.ar\/es\/wp-content\/uploads\/2024\/06\/image-69-768x768.png 768w, https:\/\/enolife.com.ar\/es\/wp-content\/uploads\/2024\/06\/image-69-585x585.png 585w, https:\/\/enolife.com.ar\/es\/wp-content\/uploads\/2024\/06\/image-69.png 1080w\" sizes=\"auto, (max-width: 422px) 100vw, 422px\" \/><\/a><\/figure><\/div>\n\n\n<div style=\"height:30px\" aria-hidden=\"true\" class=\"wp-block-spacer\"><\/div>\n\n\n\n<p>El encuentro tendr\u00e1 lugar este pr\u00f3ximo viernes 28 de junio desde las 11hs en la sede de la CCIA, ubicada en Avenida El Libertador 78, San Rafael, Mendoza.<\/p>\n\n\n\n<div style=\"height:30px\" aria-hidden=\"true\" class=\"wp-block-spacer\"><\/div>\n","protected":false},"excerpt":{"rendered":"<p>El viernes 28\/6, Carlos Tizio, presidente del Instituto Nacional de Vitivinicultura (INV), acompa\u00f1ado por representantes&hellip;<\/p>\n","protected":false},"author":3,"featured_media":118262,"comment_status":"open","ping_status":"open","sticky":false,"template":"","format":"standard","meta":{"footnotes":""},"categories":[47],"tags":[],"class_list":["post-118250","post","type-post","status-publish","format-standard","has-post-thumbnail","hentry","category-agenda"],"_links":{"self":[{"href":"https:\/\/enolife.com.ar\/es\/wp-json\/wp\/v2\/posts\/118250","targetHints":{"allow":["GET"]}}],"collection":[{"href":"https:\/\/enolife.com.ar\/es\/wp-json\/wp\/v2\/posts"}],"about":[{"href":"https:\/\/enolife.com.ar\/es\/wp-json\/wp\/v2\/types\/post"}],"author":[{"embeddable":true,"href":"https:\/\/enolife.com.ar\/es\/wp-json\/wp\/v2\/users\/3"}],"replies":[{"embeddable":true,"href":"https:\/\/enolife.com.ar\/es\/wp-json\/wp\/v2\/comments?post=118250"}],"version-history":[{"count":0,"href":"https:\/\/enolife.com.ar\/es\/wp-json\/wp\/v2\/posts\/118250\/revisions"}],"wp:featuredmedia":[{"embeddable":true,"href":"https:\/\/enolife.com.ar\/es\/wp-json\/wp\/v2\/media\/118262"}],"wp:attachment":[{"href":"https:\/\/enolife.com.ar\/es\/wp-json\/wp\/v2\/media?parent=118250"}],"wp:term":[{"taxonomy":"category","embeddable":true,"href":"https:\/\/enolife.com.ar\/es\/wp-json\/wp\/v2\/categories?post=118250"},{"taxonomy":"post_tag","embeddable":true,"href":"https:\/\/enolife.com.ar\/es\/wp-json\/wp\/v2\/tags?post=118250"}],"curies":[{"name":"wp","href":"https:\/\/api.w.org\/{rel}","templated":true}]}}