{"id":117903,"date":"2024-06-21T15:37:10","date_gmt":"2024-06-21T15:37:10","guid":{"rendered":"https:\/\/enolife.com.ar\/es\/?p=117903"},"modified":"2024-06-22T17:14:12","modified_gmt":"2024-06-22T17:14:12","slug":"ciencias-agrarias-uncuyo-y-aconcagro-se-unen-para-impulsar-la-innovacion-tecnologica-en-el-agro","status":"publish","type":"post","link":"https:\/\/enolife.com.ar\/es\/ciencias-agrarias-uncuyo-y-aconcagro-se-unen-para-impulsar-la-innovacion-tecnologica-en-el-agro\/","title":{"rendered":"Ciencias Agrarias UNCuyo y Aconcagro se unen para impulsar la innovaci\u00f3n tecnol\u00f3gica en el agro"},"content":{"rendered":"\n<h4 class=\"wp-block-heading\"><em><strong>La Facultad de Ciencias Agrarias (FCA) de la Universidad Nacional de Cuyo (UNCuyo) y la empresa mendocina Aconcagro, l\u00edder en soluciones de tecnificaci\u00f3n para el sector agroindustrial, han acordado el Proyecto de Parcela Tecnol\u00f3gica FCA-Aconcagro. En l\u00ednea con la pol\u00edtica de vinculaci\u00f3n activa de la Facultad con el medio, esta iniciativa busca generar un espacio de aprendizaje e intercambio de conocimientos, donde los estudiantes podr\u00e1n experimentar de primera mano las \u00faltimas tecnolog\u00edas aplicadas al agro de la mano de una prestigiosa empresa local.<\/strong><\/em><\/h4>\n\n\n\n<div style=\"height:35px\" aria-hidden=\"true\" class=\"wp-block-spacer\"><\/div>\n\n\n\n\n\n<div style=\"height:45px\" aria-hidden=\"true\" class=\"wp-block-spacer\"><\/div>\n\n\n\n<p>El proyecto contempla la transformaci\u00f3n de 5 hect\u00e1reas en el predio de la <strong>Facultad de Ciencias Agrarias<\/strong> <strong>(FCA)<\/strong>, que ser\u00e1n equipadas con las m\u00e1s modernas tecnolog\u00edas de nivelaci\u00f3n, siembra, fertilizaci\u00f3n y riego. La parcela se convertir\u00e1 en un laboratorio a cielo abierto, donde los estudiantes podr\u00e1n observar y analizar la aplicaci\u00f3n de las \u00faltimas herramientas tecnol\u00f3gicas que est\u00e1n revolucionando la industria agr\u00edcola.<\/p>\n\n\n\n<p>De la presentaci\u00f3n participaron el presidente de Aconcagro, <strong>Jos\u00e9 Antonio Guerrero<\/strong>; el gerente de la empresa, <strong>Joaqu\u00edn Tojo<\/strong> y su equipo agron\u00f3mico liderado por <strong>Maximiliano Bordas<\/strong>. Por parte de la FCA particip\u00f3 la decana <strong>Mar\u00eda Flavia Filippini<\/strong>, el secretario general <strong>David Mart\u00edn<\/strong>, la secretaria acad\u00e9mica <strong>Silvia Von Der Bosh<\/strong>, la secretaria de Vinculaci\u00f3n <strong>Jimena Estrella<\/strong>, la secretarla de Infraestructura, Servicios, Campus y Producci\u00f3n Valentina Navarro y el coordinador de Fincas, Parcelas Experimentales y Espacios Verdes <strong>Ger\u00f3nimo Iglesias<\/strong>.<\/p>\n\n\n\n<p>El proyecto estar\u00e1 bajo la \u00f3rbita de la Coordinaci\u00f3n de Fincas, Parcelas Experimentales y Espacios Verdes dependiente de la Secretar\u00eda de Infraestructura, Servicios, Campus y Producci\u00f3n de la FCA y contar\u00e1 con el soporte de la Secretar\u00eda de Vinculaci\u00f3n.<\/p>\n\n\n\n<div style=\"height:20px\" aria-hidden=\"true\" class=\"wp-block-spacer\"><\/div>\n\n\n\n<p class=\"has-medium-font-size\"><strong>Un futuro promisorio para la agricultura<\/strong><\/p>\n\n\n\n<p>El Proyecto de Parcela Tecnol\u00f3gica FCA-Aconcagro representa un paso fundamental para impulsar la innovaci\u00f3n tecnol\u00f3gica en el agro.<\/p>\n\n\n\n<blockquote class=\"wp-block-quote is-layout-flow wp-block-quote-is-layout-flow\">\n<p>Esta alianza estrat\u00e9gica con Aconcagro nos permite acercar a nuestros estudiantes a las \u00faltimas tendencias tecnol\u00f3gicas del sector agropecuario. El conocimiento y la experiencia de Aconcagro, combinados con la capacidad de investigaci\u00f3n y formaci\u00f3n de la FCA, generar\u00e1n un espacio \u00fanico para la innovaci\u00f3n y el desarrollo de nuevas tecnolog\u00edas para el agro\u00bb.<\/p>\n<cite>Mar\u00eda Flavia Filippini, decana de la Facultad de Ciencias Agrarias de la UNCuyo<\/cite><\/blockquote>\n\n\n\n<div style=\"height:20px\" aria-hidden=\"true\" class=\"wp-block-spacer\"><\/div>\n\n\n\n<p class=\"has-medium-font-size\"><strong>Aconcagro, un referente en tecnificaci\u00f3n<\/strong><\/p>\n\n\n\n<p>Aconcagro, una empresa con m\u00e1s de 7 a\u00f1os de trayectoria en la provincia, se ha consolidado como un referente en la tecnificaci\u00f3n de cultivos intensivos en Cuyo. Sus cuatro unidades de negocio (tractores, implementos, producci\u00f3n y consultor\u00eda) brindan soluciones integrales, desde la gesti\u00f3n de suelos hasta la implementaci\u00f3n de sistemas de riego inteligentes, pasando por el uso de drones y softwares de an\u00e1lisis de datos.<\/p>\n\n\n\n<blockquote class=\"wp-block-quote is-layout-flow wp-block-quote-is-layout-flow\">\n<p>\u00abCreemos que la colaboraci\u00f3n entre la academia y el sector privado es fundamental para el desarrollo de un futuro sostenible para la agricultura. Este proyecto nos permitir\u00e1 compartir nuestro conocimiento y experiencia con las nuevas generaciones de profesionales, asegurando que la industria agr\u00edcola cuente con los recursos necesarios para afrontar los desaf\u00edos del futuro\u00bb.<\/p>\n<cite>Jos\u00e9 Antonio Guerrero, presidente de Aconcagro<\/cite><\/blockquote>\n\n\n\n<div style=\"height:30px\" aria-hidden=\"true\" class=\"wp-block-spacer\"><\/div>\n","protected":false},"excerpt":{"rendered":"<p>La Facultad de Ciencias Agrarias (FCA) de la Universidad Nacional de Cuyo (UNCuyo) y la&hellip;<\/p>\n","protected":false},"author":3,"featured_media":117954,"comment_status":"open","ping_status":"open","sticky":false,"template":"","format":"standard","meta":{"footnotes":""},"categories":[14],"tags":[],"class_list":["post-117903","post","type-post","status-publish","format-standard","has-post-thumbnail","hentry","category-news"],"_links":{"self":[{"href":"https:\/\/enolife.com.ar\/es\/wp-json\/wp\/v2\/posts\/117903","targetHints":{"allow":["GET"]}}],"collection":[{"href":"https:\/\/enolife.com.ar\/es\/wp-json\/wp\/v2\/posts"}],"about":[{"href":"https:\/\/enolife.com.ar\/es\/wp-json\/wp\/v2\/types\/post"}],"author":[{"embeddable":true,"href":"https:\/\/enolife.com.ar\/es\/wp-json\/wp\/v2\/users\/3"}],"replies":[{"embeddable":true,"href":"https:\/\/enolife.com.ar\/es\/wp-json\/wp\/v2\/comments?post=117903"}],"version-history":[{"count":0,"href":"https:\/\/enolife.com.ar\/es\/wp-json\/wp\/v2\/posts\/117903\/revisions"}],"wp:featuredmedia":[{"embeddable":true,"href":"https:\/\/enolife.com.ar\/es\/wp-json\/wp\/v2\/media\/117954"}],"wp:attachment":[{"href":"https:\/\/enolife.com.ar\/es\/wp-json\/wp\/v2\/media?parent=117903"}],"wp:term":[{"taxonomy":"category","embeddable":true,"href":"https:\/\/enolife.com.ar\/es\/wp-json\/wp\/v2\/categories?post=117903"},{"taxonomy":"post_tag","embeddable":true,"href":"https:\/\/enolife.com.ar\/es\/wp-json\/wp\/v2\/tags?post=117903"}],"curies":[{"name":"wp","href":"https:\/\/api.w.org\/{rel}","templated":true}]}}