{"id":117864,"date":"2024-06-26T15:42:50","date_gmt":"2024-06-26T15:42:50","guid":{"rendered":"https:\/\/enolife.com.ar\/es\/?p=117864"},"modified":"2024-07-01T11:53:16","modified_gmt":"2024-07-01T11:53:16","slug":"gabriel-campana-autor-del-sauvignon-blanc-cordobes-que-tim-atkin-considero-el-mejor-del-pais","status":"publish","type":"post","link":"https:\/\/enolife.com.ar\/es\/gabriel-campana-autor-del-sauvignon-blanc-cordobes-que-tim-atkin-considero-el-mejor-del-pais\/","title":{"rendered":"Gabriel Campana, autor del Sauvignon Blanc cordob\u00e9s que Tim Atkin consider\u00f3 el mejor del pa\u00eds"},"content":{"rendered":"\n<h4 class=\"wp-block-heading\"><em><strong>El en\u00f3logo cordob\u00e9s de la bodega Estancia Las Ca\u00f1itas cuenta en esta nota c\u00f3mo obtuvo el vino elegido por el influyente cr\u00edtico ingl\u00e9s como el mejor Sauvignon Blanc de Argentina, al que le asign\u00f3 96 puntos en su reporte anual de las etiquetas nacionales. Por segundo a\u00f1o seguido, Atkin recorri\u00f3 los terru\u00f1os cordobeses y pos\u00f3 su atenci\u00f3n en la zona de La Cumbrecita, donde la familia Navarro Torre tiene su finca de 8 hect\u00e1reas. All\u00ed prob\u00f3 el V\u00f3rtice Sauvignon Blanc Reserva 2022 y lo destac\u00f3 entre cientos de vinos blancos de todo el pa\u00eds. Adem\u00e1s, otros vinos al cuidado del winemaker Campana lograron distinciones: el Familia Navarro Torre-Gran Medalla de Oro 2020, con 94 puntos  y el Familia Navarro Torre Sauvignon Blanc 2023, con 93 puntos. <\/strong><\/em><\/h4>\n\n\n\n<div style=\"height:35px\" aria-hidden=\"true\" class=\"wp-block-spacer\"><\/div>\n\n\n<a href=\"https:\/\/grupoaltasur.com\/\" aria-label=\"1700-500px\"><img loading=\"lazy\" decoding=\"async\" src=\"https:\/\/enolife.com.ar\/es\/wp-content\/uploads\/2021\/01\/1700-500px.jpg\" alt=\"\"  srcset=\"https:\/\/enolife.com.ar\/es\/wp-content\/uploads\/2021\/01\/1700-500px.jpg 1700w, https:\/\/enolife.com.ar\/es\/wp-content\/uploads\/2021\/01\/1700-500px-300x88.jpg 300w, https:\/\/enolife.com.ar\/es\/wp-content\/uploads\/2021\/01\/1700-500px-1024x301.jpg 1024w, https:\/\/enolife.com.ar\/es\/wp-content\/uploads\/2021\/01\/1700-500px-768x226.jpg 768w, https:\/\/enolife.com.ar\/es\/wp-content\/uploads\/2021\/01\/1700-500px-1536x452.jpg 1536w, https:\/\/enolife.com.ar\/es\/wp-content\/uploads\/2021\/01\/1700-500px-1170x344.jpg 1170w, https:\/\/enolife.com.ar\/es\/wp-content\/uploads\/2021\/01\/1700-500px-585x172.jpg 585w\" sizes=\"auto, (max-width: 1700px) 100vw, 1700px\" width=\"1700\" height=\"500\"   \/><\/a>\n\n\n<div style=\"height:45px\" aria-hidden=\"true\" class=\"wp-block-spacer\"><\/div>\n\n\n\n<p><strong>Por Lorena Mellone, coeditora de Enolife<br>(lmellone@enolife.com.ar<\/strong><\/p>\n\n\n\n<div style=\"height:20px\" aria-hidden=\"true\" class=\"wp-block-spacer\"><\/div>\n\n\n\n<p>Entre <strong>Villa Berna<\/strong> y <strong>La Cumbrecita<\/strong>, provincia de <strong>C\u00f3rdoba<\/strong>, a 1.280 metros de altura sobre el nivel del mar (msnm), en pleno <strong>Valle de Calamuchita<\/strong> y de la regi\u00f3n denominada de los <strong>\u00abGrandes Lagos\u00bb<\/strong>, a 5 kil\u00f3metros de la Ruta Provincial 109, llegando por camino de ripio, se encuentra la <strong>Bodega Estancia Las Ca\u00f1itas<\/strong>, perteneciente a la familia <strong>Navarro Torre<\/strong>, pioneros en el desarrollo de la vitivinicultura de altura en esa provincia.<\/p>\n\n\n\n<p>El proyecto comenz\u00f3 en el a\u00f1o 1998 con el estudio de los suelos y la construcci\u00f3n de la bodega. All\u00ed plantaron las primeras cepas en 2004 y obtuvieron su primera a\u00f1ada en 2007. El objetivo inicial, seg\u00fan expresan desde la bodega, era <em>\u00abofrecer al mundo vinos cordobeses de alta calidad\u00bb<\/em>. Hoy, esa realidad se ve reflejada por segundo a\u00f1o consecutivo con los altos puntajes a sus vinos otorgados por el cr\u00edtico brit\u00e1nico de vinos y <em>master of wine<\/em> <strong>Tim Atkin.<\/strong><\/p>\n\n\n\n<p>Los vinos de esta peque\u00f1a bodega enclavada en medio de las sierras son obra del en\u00f3logo <strong>Gabriel Campana (47)<\/strong>, un cordob\u00e9s oriundo de <strong>Colonia Caroya<\/strong>, a donde llegaron sus antepasados en el a\u00f1o 1900 desde la regi\u00f3n del <strong>Veneto, Italia<\/strong>, precisamente de la localidad de <strong>Tonezza del Cimone<\/strong>, para dedicarse a la vitivinicultura. \u00c9l forma parte de la 4ta. generaci\u00f3n de la familia y sigue con la tradici\u00f3n. Se recibi\u00f3 de en\u00f3logo en la <strong>Facultad Don Bosco<\/strong> de <strong>Mendoza<\/strong>, y m\u00e1s tarde realiz\u00f3 posgrados en Italia y varios cursos de la Maestr\u00eda Viticultura y Enolog\u00eda.<\/p>\n\n\n<div class=\"wp-block-image\">\n<figure class=\"alignleft size-full is-resized\"><a href=\"https:\/\/enolife.com.ar\/es\/wp-content\/uploads\/2024\/06\/Daniela-Mansilla-foto-1.jpg\" data-rel=\"penci-gallery-image-content\" ><img loading=\"lazy\" decoding=\"async\" src=\"https:\/\/enolife.com.ar\/es\/wp-content\/uploads\/2024\/06\/Daniela-Mansilla-foto-1.jpg\" alt=\"\" class=\"wp-image-118193\" width=\"213\" height=\"231\" srcset=\"https:\/\/enolife.com.ar\/es\/wp-content\/uploads\/2024\/06\/Daniela-Mansilla-foto-1.jpg 370w, https:\/\/enolife.com.ar\/es\/wp-content\/uploads\/2024\/06\/Daniela-Mansilla-foto-1-278x300.jpg 278w\" sizes=\"auto, (max-width: 213px) 100vw, 213px\" \/><\/a><\/figure><\/div>\n\n\n<p>Junto a Campana, y con iguales m\u00e9ritos en la producci\u00f3n de los vinos premiados por Atkin, trabaja <strong>Daniela Mansilla<\/strong>, ingeniera a cargo de la direcci\u00f3n agron\u00f3mica de la finca de Bodega Las Ca\u00f1itas. <\/p>\n\n\n\n<p>Mansilla es ingeniera agr\u00f3noma recibida de la <strong>Universidad Nacional de C\u00f3rdoba (UNC)<\/strong>, donde actualmente es docente en la Facultad de Ciencias Agropecuarias. <\/p>\n\n\n\n<p>Naci\u00f3 en el seno de una familia de apicultores y el mundo del vino la sorprendi\u00f3 en 2007 en Colonia Caroya, C\u00f3rdoba.<\/p>\n\n\n\n<div style=\"height:35px\" aria-hidden=\"true\" class=\"wp-block-spacer\"><\/div>\n\n\n\n<p class=\"has-medium-font-size\"><strong>El vi\u00f1edo<\/strong><\/p>\n\n\n\n<p class=\"has-vivid-red-color has-text-color\"><strong>Enolife:<\/strong> <strong>-\u00bfCu\u00e1ndo empezaron con el proyecto y c\u00f3mo es el manejo de la finca y la bodega?<\/strong><\/p>\n\n\n\n<p><strong>Gabriel Campana:<\/strong> -Nosotros plantamos las primeras vides en el a\u00f1o 2004, provenientes de los mejores clones franceses. El sistema de conducci\u00f3n es en espaldero, con alta densidad, 7.500 plantas por hect\u00e1rea, con riego por goteo y un manejo agroecol\u00f3gico, Actualmente, Las Ca\u00f1itas&nbsp; posee&nbsp; 8 hect\u00e1reas plantadas con vi\u00f1edo, de las cuales 6 de ellas est\u00e1n en producci\u00f3n. La cosecha es manual y est\u00e1 hecha por nuestro equipo de vi\u00f1edo y bodega, con la colaboraci\u00f3n de vecinos y amigos que nos acompa\u00f1an. <\/p>\n\n\n\n<p class=\"has-vivid-red-color has-text-color\">&#8211;<strong>Cu\u00e1les son las caracter\u00edsticas del terru\u00f1o?<\/strong><\/p>\n\n\n\n<p>-Los vi\u00f1edos est\u00e1n sobre microparcelas con perfiles de suelos pedregosos, donde abunda el granito, el cuarzo y la mica. Alrededor de los vi\u00f1edos hay bosques de pinares y zarzamoras, lo que aporta caracter\u00edsticas \u00fanicas a los vinos. <\/p>\n\n\n\n<div style=\"height:30px\" aria-hidden=\"true\" class=\"wp-block-spacer\"><\/div>\n\n\n<div class=\"wp-block-image\">\n<figure class=\"aligncenter size-full is-resized\"><a href=\"https:\/\/enolife.com.ar\/es\/wp-content\/uploads\/2024\/06\/vinedo_01.jpg\" data-rel=\"penci-gallery-image-content\" ><img loading=\"lazy\" decoding=\"async\" src=\"https:\/\/enolife.com.ar\/es\/wp-content\/uploads\/2024\/06\/vinedo_01.jpg\" alt=\"\" class=\"wp-image-118196\" width=\"620\" height=\"396\" srcset=\"https:\/\/enolife.com.ar\/es\/wp-content\/uploads\/2024\/06\/vinedo_01.jpg 666w, https:\/\/enolife.com.ar\/es\/wp-content\/uploads\/2024\/06\/vinedo_01-300x191.jpg 300w, https:\/\/enolife.com.ar\/es\/wp-content\/uploads\/2024\/06\/vinedo_01-585x373.jpg 585w\" sizes=\"auto, (max-width: 620px) 100vw, 620px\" \/><\/a><\/figure><\/div>\n\n\n<div style=\"height:30px\" aria-hidden=\"true\" class=\"wp-block-spacer\"><\/div>\n\n\n\n<p>Las condiciones agroecol\u00f3gicas son \u00f3ptimas, a 1.300 metros sobre nivel del mar con pendientes del 5%, un clima fresco y h\u00famedo con gran amplitud t\u00e9rmica en verano -m\u00e1s de 15 grados de diferencia entre el d\u00eda y la noche- y excelente heliofania del lugar. <\/p>\n\n\n\n<div style=\"height:30px\" aria-hidden=\"true\" class=\"wp-block-spacer\"><\/div>\n\n\n<div class=\"wp-block-image\">\n<figure class=\"aligncenter size-full is-resized\"><a href=\"https:\/\/enolife.com.ar\/es\/wp-content\/uploads\/2024\/06\/vinedo_07-b.jpg\" data-rel=\"penci-gallery-image-content\" ><img loading=\"lazy\" decoding=\"async\" src=\"https:\/\/enolife.com.ar\/es\/wp-content\/uploads\/2024\/06\/vinedo_07-b.jpg\" alt=\"\" class=\"wp-image-118197\" width=\"586\" height=\"531\" srcset=\"https:\/\/enolife.com.ar\/es\/wp-content\/uploads\/2024\/06\/vinedo_07-b.jpg 668w, https:\/\/enolife.com.ar\/es\/wp-content\/uploads\/2024\/06\/vinedo_07-b-300x272.jpg 300w, https:\/\/enolife.com.ar\/es\/wp-content\/uploads\/2024\/06\/vinedo_07-b-585x530.jpg 585w\" sizes=\"auto, (max-width: 586px) 100vw, 586px\" \/><\/a><\/figure><\/div>\n\n\n<blockquote class=\"wp-block-quote is-layout-flow wp-block-quote-is-layout-flow\">\n<div style=\"height:30px\" aria-hidden=\"true\" class=\"wp-block-spacer\"><\/div>\n\n\n\n<p>En el envero, cuando empieza la maduraci\u00f3n, las uvas absorben los aromas del lugar&#8230; El mentol de los pinos, el dulzor de la zarzamora madura, la menta de la peperina y las ra\u00edces aportan un sabor mineral que las hace \u00fanicas.<\/p>\n<cite>Gabriel Campana<\/cite><\/blockquote>\n\n\n\n<div style=\"height:30px\" aria-hidden=\"true\" class=\"wp-block-spacer\"><\/div>\n\n\n\n<p class=\"has-vivid-red-color has-text-color\"><strong>-\u00bfQu\u00e9 variedades tienen plantadas y cu\u00e1l es el mes fuerte de cosecha en esa zona<\/strong>?<\/p>\n\n\n\n<p>-Generalmente comenzamos cosechando nuestro Sauvignon Blanc en marzo, luego el Pinot Noir, y entre abril y mayo el resto de tintas (Malbec, Cabernet Sauvignon y Syrah).<\/p>\n\n\n\n<div style=\"height:30px\" aria-hidden=\"true\" class=\"wp-block-spacer\"><\/div>\n\n\n\n<figure class=\"wp-block-embed is-type-video is-provider-youtube wp-block-embed-youtube wp-embed-aspect-16-9 wp-has-aspect-ratio\"><div class=\"wp-block-embed__wrapper\">\n<iframe loading=\"lazy\" title=\"Bodega estancia Las Ca\u00f1itas\" width=\"1170\" height=\"658\" src=\"https:\/\/www.youtube.com\/embed\/OQqgs_O3jDU?feature=oembed\" frameborder=\"0\" allow=\"accelerometer; autoplay; clipboard-write; encrypted-media; gyroscope; picture-in-picture; web-share\" referrerpolicy=\"strict-origin-when-cross-origin\" allowfullscreen><\/iframe>\n<\/div><\/figure>\n\n\n\n<div style=\"height:45px\" aria-hidden=\"true\" class=\"wp-block-spacer\"><\/div>\n\n\n\n<p class=\"has-medium-font-size\"><strong>Vinificaci\u00f3n<\/strong><\/p>\n\n\n\n<p class=\"has-vivid-red-color has-text-color\"><strong>-\u00bfC\u00f3mo es el proceso de elaboraci\u00f3n?<\/strong><\/p>\n\n\n\n<p>-Una vez cosechadas las uvas son tratadas sin romperlas y llegan a los tanques mediante un sistema de gravedad. Utilizamos levaduras nativas, no tenemos mucho tenor azucarino, as\u00ed que esas levaduras andan muy bien, sin problemas de detenci\u00f3n de la fermentaci\u00f3n, la que hacemos en tanques y piletas premoldeadas. <\/p>\n\n\n\n<div style=\"height:30px\" aria-hidden=\"true\" class=\"wp-block-spacer\"><\/div>\n\n\n\n<figure class=\"wp-block-gallery has-nested-images columns-default is-cropped wp-block-gallery-1 is-layout-flex wp-block-gallery-is-layout-flex\">\n<figure class=\"wp-block-image size-full\"><a href=\"https:\/\/enolife.com.ar\/es\/wp-content\/uploads\/2024\/06\/about_03-1.jpg\" data-rel=\"penci-gallery-image-content\" ><img loading=\"lazy\" decoding=\"async\" width=\"513\" height=\"410\" data-id=\"118183\" src=\"https:\/\/enolife.com.ar\/es\/wp-content\/uploads\/2024\/06\/about_03-1.jpg\" alt=\"\" class=\"wp-image-118183\" srcset=\"https:\/\/enolife.com.ar\/es\/wp-content\/uploads\/2024\/06\/about_03-1.jpg 513w, https:\/\/enolife.com.ar\/es\/wp-content\/uploads\/2024\/06\/about_03-1-300x240.jpg 300w\" sizes=\"auto, (max-width: 513px) 100vw, 513px\" \/><\/a><\/figure>\n\n\n\n<figure class=\"wp-block-image size-full\"><a href=\"https:\/\/enolife.com.ar\/es\/wp-content\/uploads\/2024\/06\/about_05.jpg\" data-rel=\"penci-gallery-image-content\" ><img loading=\"lazy\" decoding=\"async\" width=\"513\" height=\"410\" data-id=\"118182\" src=\"https:\/\/enolife.com.ar\/es\/wp-content\/uploads\/2024\/06\/about_05.jpg\" alt=\"\" class=\"wp-image-118182\" srcset=\"https:\/\/enolife.com.ar\/es\/wp-content\/uploads\/2024\/06\/about_05.jpg 513w, https:\/\/enolife.com.ar\/es\/wp-content\/uploads\/2024\/06\/about_05-300x240.jpg 300w\" sizes=\"auto, (max-width: 513px) 100vw, 513px\" \/><\/a><\/figure>\n<\/figure>\n\n\n\n<div style=\"height:30px\" aria-hidden=\"true\" class=\"wp-block-spacer\"><\/div>\n\n\n\n<p>Finalmente, los vinos pasan por barrica, 70% de roble franc\u00e9s y 30% americano, entre 6 y 24 meses de crianza, seg\u00fan el tipo de vino.<\/p>\n\n\n\n<div style=\"height:30px\" aria-hidden=\"true\" class=\"wp-block-spacer\"><\/div>\n\n\n\n<figure class=\"wp-block-gallery has-nested-images columns-default is-cropped wp-block-gallery-2 is-layout-flex wp-block-gallery-is-layout-flex\">\n<figure class=\"wp-block-image size-full\"><a href=\"https:\/\/enolife.com.ar\/es\/wp-content\/uploads\/2024\/06\/about_13-1.jpg\" data-rel=\"penci-gallery-image-content\" ><img loading=\"lazy\" decoding=\"async\" width=\"513\" height=\"410\" data-id=\"118184\" src=\"https:\/\/enolife.com.ar\/es\/wp-content\/uploads\/2024\/06\/about_13-1.jpg\" alt=\"\" class=\"wp-image-118184\" srcset=\"https:\/\/enolife.com.ar\/es\/wp-content\/uploads\/2024\/06\/about_13-1.jpg 513w, https:\/\/enolife.com.ar\/es\/wp-content\/uploads\/2024\/06\/about_13-1-300x240.jpg 300w\" sizes=\"auto, (max-width: 513px) 100vw, 513px\" \/><\/a><\/figure>\n\n\n\n<figure class=\"wp-block-image size-full\"><a href=\"https:\/\/enolife.com.ar\/es\/wp-content\/uploads\/2024\/06\/about_14.jpg\" data-rel=\"penci-gallery-image-content\" ><img loading=\"lazy\" decoding=\"async\" width=\"513\" height=\"410\" data-id=\"118185\" src=\"https:\/\/enolife.com.ar\/es\/wp-content\/uploads\/2024\/06\/about_14.jpg\" alt=\"\" class=\"wp-image-118185\" srcset=\"https:\/\/enolife.com.ar\/es\/wp-content\/uploads\/2024\/06\/about_14.jpg 513w, https:\/\/enolife.com.ar\/es\/wp-content\/uploads\/2024\/06\/about_14-300x240.jpg 300w\" sizes=\"auto, (max-width: 513px) 100vw, 513px\" \/><\/a><\/figure>\n<\/figure>\n\n\n\n<div style=\"height:35px\" aria-hidden=\"true\" class=\"wp-block-spacer\"><\/div>\n\n\n\n<blockquote class=\"wp-block-quote is-layout-flow wp-block-quote-is-layout-flow\">\n<p><em>Trabajamos de manera artesanal, respetando nuestra tierra, hacemos vinos que representan la energ\u00eda de nuestro lugar, la frescura de las sierras de C\u00f3rdoba, la tranquilidad de nuestros r\u00edos y la idiosincrasia de nuestra gente<\/em>\u00ab.<\/p>\n<cite><em>Gabriel Campana<\/em><\/cite><\/blockquote>\n\n\n\n<div style=\"height:35px\" aria-hidden=\"true\" class=\"wp-block-spacer\"><\/div>\n\n\n\n<p class=\"has-medium-font-size\"><strong>Comercializaci\u00f3n<\/strong><\/p>\n\n\n\n<p class=\"has-vivid-red-color has-text-color\">&#8211;<strong>\u00bfCu\u00e1ntas botellas producen al a\u00f1o y en qu\u00e9 mercados las venden?<\/strong><\/p>\n\n\n\n<p>La Bodega Estancia Las Ca\u00f1itas elabora entre 18.000 y 25.000 botellas al a\u00f1o, seg\u00fan la a\u00f1ada. Vendemos tanto en el mercado interno (90%) como externo, espec\u00edficamente a EEUU (10%). En Argentina la distribuci\u00f3n tiene su fuerte en las mejores vinotecas y restaurantes de C\u00f3rdoba y Buenos Aires, pero en Mendoza se pueden encontrar en la Vinoteca \u00abVino Bien\u00bb, o se pueden adquirir v\u00eda online a trav\u00e9s de <strong>Instagram<a href=\"https:\/\/www.instagram.com\/estancia.lascanitas\/?hl=es\" title=\"\"> @estancia.lascanitas<\/a><\/strong> o en su <strong>p\u00e1gina web: <a href=\"https:\/\/www.bodegalascanitas.com.ar\/\" title=\"\">www.bodegalascanitas.com.ar<\/a><\/strong>.<\/p>\n\n\n\n<div style=\"height:35px\" aria-hidden=\"true\" class=\"wp-block-spacer\"><\/div>\n\n\n\n<p class=\"has-medium-font-size\"><strong>Premios<\/strong><\/p>\n\n\n\n<p class=\"has-vivid-red-color has-text-color\">&#8211;<strong>\u00bfSe les abri\u00f3 un mundo con los puntajes de Tim Atkin?<\/strong><\/p>\n\n\n\n<p>-S\u00ed, estamos felices. Tim Atkin visit\u00f3 la bodega por primera vez en 2023, y los resultados en su reporte fueron gratificantes, una linda sorpresa: 96 Puntos para V\u00f3rtice Sauvignon Blanc-Reserva 2021, 95 Puntos para Familia Navarro Torre \u2013 Gran Medalla de Oro 2019 y&nbsp;93 Puntos para V\u00f3rtice Naranjo de sierras 2022.<\/p>\n\n\n\n<div style=\"height:30px\" aria-hidden=\"true\" class=\"wp-block-spacer\"><\/div>\n\n\n<div class=\"wp-block-image\">\n<figure class=\"aligncenter size-full is-resized\"><a href=\"https:\/\/enolife.com.ar\/es\/wp-content\/uploads\/2024\/06\/P5MYMK674BACZF4FGLSU5BFIRQ-1.jpg\" data-rel=\"penci-gallery-image-content\" ><img loading=\"lazy\" decoding=\"async\" src=\"https:\/\/enolife.com.ar\/es\/wp-content\/uploads\/2024\/06\/P5MYMK674BACZF4FGLSU5BFIRQ-1.jpg\" alt=\"\" class=\"wp-image-118204\" width=\"527\" height=\"420\" srcset=\"https:\/\/enolife.com.ar\/es\/wp-content\/uploads\/2024\/06\/P5MYMK674BACZF4FGLSU5BFIRQ-1.jpg 627w, https:\/\/enolife.com.ar\/es\/wp-content\/uploads\/2024\/06\/P5MYMK674BACZF4FGLSU5BFIRQ-1-300x239.jpg 300w, https:\/\/enolife.com.ar\/es\/wp-content\/uploads\/2024\/06\/P5MYMK674BACZF4FGLSU5BFIRQ-1-585x467.jpg 585w\" sizes=\"auto, (max-width: 527px) 100vw, 527px\" \/><\/a><figcaption class=\"wp-element-caption\"><strong><em>Juan Navarro, titular de la Bodega Las Ca\u00f1itas junto a los vinos elegidos por Tim Atkin en 2023<\/em><\/strong><\/figcaption><\/figure><\/div>\n\n\n<div style=\"height:30px\" aria-hidden=\"true\" class=\"wp-block-spacer\"><\/div>\n\n\n\n<p>Este a\u00f1o seguimos obteniendo puntajes hist\u00f3ricos no s\u00f3lo para nuestra bodega, sino tambi\u00e9n para la vitivinicultura cordobesa, que est\u00e1 <strong>&nbsp;<\/strong>en permanente desarrollo. Los elegidos de Tim Atkin en su visita en 2024 fueron: <strong>V\u00f3rtice Sauvignon Blanc Reserva 2022: Mejor Sauvignon Blanc con 96 puntos, Familia Navarro Torre-Gran Medalla de Oro 2020 Cabernet Sauvignon-Malbec, 94 puntos y el Familia Navarro Torre Sauvignon Blanc 2023 con 93 puntos.<\/strong><\/p>\n\n\n\n<div style=\"height:30px\" aria-hidden=\"true\" class=\"wp-block-spacer\"><\/div>\n\n\n\n<blockquote class=\"wp-block-quote is-layout-flow wp-block-quote-is-layout-flow\">\n<p>\u00abNos enorgullece decir que el mejor Sauvignon Blanc de Argentina -y dentro de los mejores del Hemisferio Sur- es de un vi\u00f1edo extremo, en plena sierras cordobesas, a casi 1.300 msnm, donde el paisaje es tan inmensamente hermoso y el clima, el suelo pedregoso (cuarzo, granito, mica, etc), la flora y las energ\u00edas, dan una impronta \u00fanica\u00bb<\/p>\n<cite>Gabriel Campana<\/cite><\/blockquote>\n\n\n\n<div style=\"height:35px\" aria-hidden=\"true\" class=\"wp-block-spacer\"><\/div>\n\n\n\n<p class=\"has-medium-font-size\"><strong>Los elegidos 2024<\/strong><\/p>\n\n\n<div class=\"wp-block-image\">\n<figure class=\"aligncenter size-full is-resized\"><a href=\"https:\/\/enolife.com.ar\/es\/wp-content\/uploads\/2024\/06\/Imagen3-5.jpg\" data-rel=\"penci-gallery-image-content\" ><img loading=\"lazy\" decoding=\"async\" src=\"https:\/\/enolife.com.ar\/es\/wp-content\/uploads\/2024\/06\/Imagen3-5.jpg\" alt=\"\" class=\"wp-image-117871\" width=\"464\" height=\"357\" srcset=\"https:\/\/enolife.com.ar\/es\/wp-content\/uploads\/2024\/06\/Imagen3-5.jpg 650w, https:\/\/enolife.com.ar\/es\/wp-content\/uploads\/2024\/06\/Imagen3-5-300x231.jpg 300w, https:\/\/enolife.com.ar\/es\/wp-content\/uploads\/2024\/06\/Imagen3-5-585x450.jpg 585w\" sizes=\"auto, (max-width: 464px) 100vw, 464px\" \/><\/a><\/figure><\/div>\n\n\n<div style=\"height:30px\" aria-hidden=\"true\" class=\"wp-block-spacer\"><\/div>\n\n\n<div class=\"wp-block-image\">\n<figure class=\"aligncenter size-large is-resized\"><a href=\"https:\/\/enolife.com.ar\/es\/wp-content\/uploads\/2024\/06\/image-52.png\" data-rel=\"penci-gallery-image-content\" ><img loading=\"lazy\" decoding=\"async\" src=\"https:\/\/enolife.com.ar\/es\/wp-content\/uploads\/2024\/06\/image-52-1024x183.png\" alt=\"\" class=\"wp-image-117867\" width=\"578\" height=\"103\" srcset=\"https:\/\/enolife.com.ar\/es\/wp-content\/uploads\/2024\/06\/image-52-1024x183.png 1024w, https:\/\/enolife.com.ar\/es\/wp-content\/uploads\/2024\/06\/image-52-300x54.png 300w, https:\/\/enolife.com.ar\/es\/wp-content\/uploads\/2024\/06\/image-52-768x138.png 768w, https:\/\/enolife.com.ar\/es\/wp-content\/uploads\/2024\/06\/image-52-585x105.png 585w, https:\/\/enolife.com.ar\/es\/wp-content\/uploads\/2024\/06\/image-52.png 1094w\" sizes=\"auto, (max-width: 578px) 100vw, 578px\" \/><\/a><\/figure><\/div>\n\n\n<p class=\"has-text-align-center has-background\" style=\"background-color:#abb7c259\"><strong>Descargar ficha t\u00e9cnica: <a href=\"https:\/\/enolife.com.ar\/es\/wp-content\/uploads\/2024\/06\/Ficha-tecnica-Vortice-Sauv-Blanc-Reserva-2022.pdf\" title=\"\">AQU\u00cd<\/a><\/strong><\/p>\n\n\n\n<div style=\"height:15px\" aria-hidden=\"true\" class=\"wp-block-spacer\"><\/div>\n\n\n<div class=\"wp-block-image\">\n<figure class=\"aligncenter size-large is-resized\"><a href=\"https:\/\/enolife.com.ar\/es\/wp-content\/uploads\/2024\/06\/image-53.png\" data-rel=\"penci-gallery-image-content\" ><img loading=\"lazy\" decoding=\"async\" src=\"https:\/\/enolife.com.ar\/es\/wp-content\/uploads\/2024\/06\/image-53-1024x232.png\" alt=\"\" class=\"wp-image-117868\" width=\"551\" height=\"125\" srcset=\"https:\/\/enolife.com.ar\/es\/wp-content\/uploads\/2024\/06\/image-53-1024x232.png 1024w, https:\/\/enolife.com.ar\/es\/wp-content\/uploads\/2024\/06\/image-53-300x68.png 300w, https:\/\/enolife.com.ar\/es\/wp-content\/uploads\/2024\/06\/image-53-768x174.png 768w, https:\/\/enolife.com.ar\/es\/wp-content\/uploads\/2024\/06\/image-53-585x133.png 585w, https:\/\/enolife.com.ar\/es\/wp-content\/uploads\/2024\/06\/image-53.png 1094w\" sizes=\"auto, (max-width: 551px) 100vw, 551px\" \/><\/a><\/figure><\/div>\n\n\n<p class=\"has-text-align-center has-background\" style=\"background-color:#abb7c259\"><strong>Descargar ficha t\u00e9cnica: <a href=\"https:\/\/enolife.com.ar\/es\/wp-content\/uploads\/2024\/06\/Ficha-tecnica-Familia-Gran-Oro-2020.pdf\" title=\"\">AQU\u00cd<\/a><\/strong><\/p>\n\n\n\n<div style=\"height:15px\" aria-hidden=\"true\" class=\"wp-block-spacer\"><\/div>\n\n\n<div class=\"wp-block-image\">\n<figure class=\"aligncenter size-large is-resized\"><a href=\"https:\/\/enolife.com.ar\/es\/wp-content\/uploads\/2024\/06\/image-54.png\" data-rel=\"penci-gallery-image-content\" ><img loading=\"lazy\" decoding=\"async\" src=\"https:\/\/enolife.com.ar\/es\/wp-content\/uploads\/2024\/06\/image-54-1024x184.png\" alt=\"\" class=\"wp-image-117869\" width=\"581\" height=\"103\" srcset=\"https:\/\/enolife.com.ar\/es\/wp-content\/uploads\/2024\/06\/image-54-1024x184.png 1024w, https:\/\/enolife.com.ar\/es\/wp-content\/uploads\/2024\/06\/image-54-300x54.png 300w, https:\/\/enolife.com.ar\/es\/wp-content\/uploads\/2024\/06\/image-54-768x138.png 768w, https:\/\/enolife.com.ar\/es\/wp-content\/uploads\/2024\/06\/image-54-585x105.png 585w, https:\/\/enolife.com.ar\/es\/wp-content\/uploads\/2024\/06\/image-54.png 1071w\" sizes=\"auto, (max-width: 581px) 100vw, 581px\" \/><\/a><\/figure><\/div>\n\n\n<p class=\"has-text-align-center has-background\" style=\"background-color:#abb7c259\"><strong>Descargar ficha t\u00e9cnica: <a href=\"https:\/\/enolife.com.ar\/es\/wp-content\/uploads\/2024\/06\/Ficha-tecnica-Familia-Sauv-Blanc-2023.pdf\" title=\"\">AQU\u00cd<\/a><\/strong><\/p>\n\n\n\n<div style=\"height:30px\" aria-hidden=\"true\" class=\"wp-block-spacer\"><\/div>\n","protected":false},"excerpt":{"rendered":"<p>El en\u00f3logo cordob\u00e9s de la bodega Estancia Las Ca\u00f1itas cuenta en esta nota c\u00f3mo obtuvo&hellip;<\/p>\n","protected":false},"author":3,"featured_media":118207,"comment_status":"open","ping_status":"open","sticky":false,"template":"","format":"standard","meta":{"footnotes":""},"categories":[4],"tags":[],"class_list":["post-117864","post","type-post","status-publish","format-standard","has-post-thumbnail","hentry","category-protagonistas"],"_links":{"self":[{"href":"https:\/\/enolife.com.ar\/es\/wp-json\/wp\/v2\/posts\/117864","targetHints":{"allow":["GET"]}}],"collection":[{"href":"https:\/\/enolife.com.ar\/es\/wp-json\/wp\/v2\/posts"}],"about":[{"href":"https:\/\/enolife.com.ar\/es\/wp-json\/wp\/v2\/types\/post"}],"author":[{"embeddable":true,"href":"https:\/\/enolife.com.ar\/es\/wp-json\/wp\/v2\/users\/3"}],"replies":[{"embeddable":true,"href":"https:\/\/enolife.com.ar\/es\/wp-json\/wp\/v2\/comments?post=117864"}],"version-history":[{"count":0,"href":"https:\/\/enolife.com.ar\/es\/wp-json\/wp\/v2\/posts\/117864\/revisions"}],"wp:featuredmedia":[{"embeddable":true,"href":"https:\/\/enolife.com.ar\/es\/wp-json\/wp\/v2\/media\/118207"}],"wp:attachment":[{"href":"https:\/\/enolife.com.ar\/es\/wp-json\/wp\/v2\/media?parent=117864"}],"wp:term":[{"taxonomy":"category","embeddable":true,"href":"https:\/\/enolife.com.ar\/es\/wp-json\/wp\/v2\/categories?post=117864"},{"taxonomy":"post_tag","embeddable":true,"href":"https:\/\/enolife.com.ar\/es\/wp-json\/wp\/v2\/tags?post=117864"}],"curies":[{"name":"wp","href":"https:\/\/api.w.org\/{rel}","templated":true}]}}