{"id":117829,"date":"2024-06-20T22:25:29","date_gmt":"2024-06-20T22:25:29","guid":{"rendered":"https:\/\/enolife.com.ar\/es\/?p=117829"},"modified":"2024-06-22T16:11:46","modified_gmt":"2024-06-22T16:11:46","slug":"nahuel-pennisi-y-maggie-cullen-sorprendieron-en-aeroparque-con-la-cancion-a-la-bandera-argentina","status":"publish","type":"post","link":"https:\/\/enolife.com.ar\/es\/nahuel-pennisi-y-maggie-cullen-sorprendieron-en-aeroparque-con-la-cancion-a-la-bandera-argentina\/","title":{"rendered":"Nahuel Pennisi y Maggie Cullen sorprendieron en Aeroparque con la canci\u00f3n a la Bandera Argentina"},"content":{"rendered":"\n<h4 class=\"wp-block-heading\"><em><strong>El famoso cantante argentino no vidente, junto a la tambi\u00e9n reconocida int\u00e9rprete y un cuarteto de cuerdas, interpretaron el \u00abSaludo a la Bandera\u00bb en pleno Aeroparque metropolitano de la Ciudad de Buenos Aires ante el asombro de los pasajeros, que registraron con sus tel\u00e9fonos el emotivo momento. \u00abComo el vino, la bandera nos une\u00bb, resaltaron desde el Fondo Vitivin\u00edcola Mendoza, organizadores de la actividad junto a Aeropuertos Argentina.<\/strong><\/em> <\/h4>\n\n\n\n<div style=\"height:35px\" aria-hidden=\"true\" class=\"wp-block-spacer\"><\/div>\n\n\n\n\n\n<div style=\"height:45px\" aria-hidden=\"true\" class=\"wp-block-spacer\"><\/div>\n\n\n\n<p>Pocos s\u00edmbolos en <strong>Argentina<\/strong> como la <strong>bandera nacional<\/strong> tienen tanta capacidad de emocionar. El <strong>celeste y blanco<\/strong> que flamea en las escuelas, que se luce en el pecho, que ti\u00f1e los eventos deportivos y que se cuelga de los balcones, es uno de los <strong>s\u00edmbolos de argentinidad<\/strong> m\u00e1s potentes, que reafirma nuestra cultura e identidad.&nbsp; Emoci\u00f3n, orgullo e identidad fueron los denominadores comunes en la acci\u00f3n que propuso el Fondo Vitivin\u00edcola con el vino argentino junto a la bandera como protagonista. En Aeroparque, la <strong>Bebida Nacional <\/strong>uni\u00f3 en un brindis las voces de los reconocidos int\u00e9rpretes <strong>Nahuel Pennisi<\/strong> y Maggie Cullen en un momento art\u00edstico que capt\u00f3 la atenci\u00f3n de miles de pasajeros.<\/p>\n\n\n\n<p>Las primeras notas de un <strong>cuarteto de cuerdas<\/strong> generaron sorpresa y expectativa en la gente que aguardaba el llamado de sus vuelos. All\u00ed aparecieron Maggie Cullen y Nahuel Pennisi para protagonizar un momento \u00fanico homenajeando a la bandera argentina en su d\u00eda. El <strong>\u201cSaludo a la bandera\u201d <\/strong>se hizo himno y los colores patrios poblaron la escena y desbordaron de emoci\u00f3n a quienes -celular en mano- pudieron captar la magia del momento.<\/p>\n\n\n\n<div style=\"height:40px\" aria-hidden=\"true\" class=\"wp-block-spacer\"><\/div>\n\n\n\n<figure class=\"wp-block-embed aligncenter is-type-video is-provider-youtube wp-block-embed-youtube wp-embed-aspect-16-9 wp-has-aspect-ratio\"><div class=\"wp-block-embed__wrapper\">\n<iframe loading=\"lazy\" title=\"Saludo a la Bandera - Nahuel Pennisi y Maggie Cullen\" width=\"1170\" height=\"658\" src=\"https:\/\/www.youtube.com\/embed\/vU10TOi797I?feature=oembed\" frameborder=\"0\" allow=\"accelerometer; autoplay; clipboard-write; encrypted-media; gyroscope; picture-in-picture; web-share\" referrerpolicy=\"strict-origin-when-cross-origin\" allowfullscreen><\/iframe>\n<\/div><\/figure>\n\n\n\n<div style=\"height:40px\" aria-hidden=\"true\" class=\"wp-block-spacer\"><\/div>\n\n\n\n<p><em>\u201cComo el vino, la bandera nos une; es un s\u00edmbolo de argentinidad compartido y admirado en todos los rincones del pa\u00eds y tambi\u00e9n fronteras afuera. Por eso nos pareci\u00f3 oportuno homenajear a la bandera con estos dos grandes artistas y reafirmar su valor como elemento de uni\u00f3n\u201d<\/em>, resaltaron desde el Fondo Vitivin\u00edcola, la instituci\u00f3n responsable de la iniciativa que cont\u00f3 con la colaboraci\u00f3n de Aeropuertos Argentina.<\/p>\n\n\n\n<p>Junto a Nahuel y Maggie, el cuarteto de cuerdas estuvo integrado por <strong>Natalia Cabello<\/strong>, <strong>Elizabeth Ridolfi<\/strong>, <strong>Karmen Rencsar<\/strong>, <strong>Mar\u00eda Laura Bertero<\/strong> y la direcci\u00f3n de <strong>Popi Spatocco<\/strong>.<\/p>\n\n\n\n<div style=\"height:28px\" aria-hidden=\"true\" class=\"wp-block-spacer\"><\/div>\n","protected":false},"excerpt":{"rendered":"<p>El famoso cantante argentino no vidente, junto a la tambi\u00e9n reconocida int\u00e9rprete y un cuarteto&hellip;<\/p>\n","protected":false},"author":3,"featured_media":117839,"comment_status":"open","ping_status":"open","sticky":false,"template":"","format":"standard","meta":{"footnotes":""},"categories":[14],"tags":[],"class_list":["post-117829","post","type-post","status-publish","format-standard","has-post-thumbnail","hentry","category-news"],"_links":{"self":[{"href":"https:\/\/enolife.com.ar\/es\/wp-json\/wp\/v2\/posts\/117829","targetHints":{"allow":["GET"]}}],"collection":[{"href":"https:\/\/enolife.com.ar\/es\/wp-json\/wp\/v2\/posts"}],"about":[{"href":"https:\/\/enolife.com.ar\/es\/wp-json\/wp\/v2\/types\/post"}],"author":[{"embeddable":true,"href":"https:\/\/enolife.com.ar\/es\/wp-json\/wp\/v2\/users\/3"}],"replies":[{"embeddable":true,"href":"https:\/\/enolife.com.ar\/es\/wp-json\/wp\/v2\/comments?post=117829"}],"version-history":[{"count":0,"href":"https:\/\/enolife.com.ar\/es\/wp-json\/wp\/v2\/posts\/117829\/revisions"}],"wp:featuredmedia":[{"embeddable":true,"href":"https:\/\/enolife.com.ar\/es\/wp-json\/wp\/v2\/media\/117839"}],"wp:attachment":[{"href":"https:\/\/enolife.com.ar\/es\/wp-json\/wp\/v2\/media?parent=117829"}],"wp:term":[{"taxonomy":"category","embeddable":true,"href":"https:\/\/enolife.com.ar\/es\/wp-json\/wp\/v2\/categories?post=117829"},{"taxonomy":"post_tag","embeddable":true,"href":"https:\/\/enolife.com.ar\/es\/wp-json\/wp\/v2\/tags?post=117829"}],"curies":[{"name":"wp","href":"https:\/\/api.w.org\/{rel}","templated":true}]}}