{"id":117791,"date":"2024-06-19T23:32:08","date_gmt":"2024-06-19T23:32:08","guid":{"rendered":"https:\/\/enolife.com.ar\/es\/?p=117791"},"modified":"2024-06-20T22:25:53","modified_gmt":"2024-06-20T22:25:53","slug":"el-festival-del-envero-celebra-la-olivicultura-con-gastronomia-y-folclore-el-22-y-23-6-en-san-martin","status":"publish","type":"post","link":"https:\/\/enolife.com.ar\/es\/el-festival-del-envero-celebra-la-olivicultura-con-gastronomia-y-folclore-el-22-y-23-6-en-san-martin\/","title":{"rendered":"El Festival del Envero celebra la olivicultura con gastronom\u00eda y folclore, el 22 y 23\/6 en San Mart\u00edn"},"content":{"rendered":"\n<h4 class=\"wp-block-heading\"><em><strong>El encuentro que pone en valor la producci\u00f3n del aceite de oliva y todas las tareas culturales asociadas a la cosecha de la aceituna -actividad hermana de la vitivinicultura, en franca recuperaci\u00f3n en Mendoza- tendr\u00e1 lugar los d\u00edas 22 y 23 de junio en el museo Las B\u00f3vedas de San Mart\u00edn, Mendoza. El festival est\u00e1 organizado por el Ente Mendoza Turismo (Emetur), el Instituto de Desarrollo Rural (IDR) y la Asociaci\u00f3n Oliv\u00edcola de Mendoza (Asolmen). Toma el nombre simb\u00f3lico de envero porque esa palabra designa al momento en que la aceituna pasa de verde a negra, o sea cuando la fruta est\u00e1 en su estado ideal para elaborar el aceite de oliva virgen extra (AOVE) con la Identificaci\u00f3n Geogr\u00e1fica Mendoza.<\/strong><\/em><\/h4>\n\n\n\n<div style=\"height:23px\" aria-hidden=\"true\" class=\"wp-block-spacer\"><\/div>\n\n\n<a href=\"https:\/\/www.dellatoffola.com.ar\/es\/home\" aria-label=\"della toffolla 1700&#215;500\"><img loading=\"lazy\" decoding=\"async\" src=\"https:\/\/enolife.com.ar\/es\/wp-content\/uploads\/2023\/10\/della-toffolla-1700x500-2.png\" alt=\"\"  srcset=\"https:\/\/enolife.com.ar\/es\/wp-content\/uploads\/2023\/10\/della-toffolla-1700x500-2.png 1699w, https:\/\/enolife.com.ar\/es\/wp-content\/uploads\/2023\/10\/della-toffolla-1700x500-2-300x88.png 300w, https:\/\/enolife.com.ar\/es\/wp-content\/uploads\/2023\/10\/della-toffolla-1700x500-2-1024x301.png 1024w, https:\/\/enolife.com.ar\/es\/wp-content\/uploads\/2023\/10\/della-toffolla-1700x500-2-768x226.png 768w, https:\/\/enolife.com.ar\/es\/wp-content\/uploads\/2023\/10\/della-toffolla-1700x500-2-1536x451.png 1536w, https:\/\/enolife.com.ar\/es\/wp-content\/uploads\/2023\/10\/della-toffolla-1700x500-2-1170x344.png 1170w, https:\/\/enolife.com.ar\/es\/wp-content\/uploads\/2023\/10\/della-toffolla-1700x500-2-585x172.png 585w\" sizes=\"auto, (max-width: 1699px) 100vw, 1699px\" width=\"1699\" height=\"499\"   \/><\/a>\n\n\n<div style=\"height:45px\" aria-hidden=\"true\" class=\"wp-block-spacer\"><\/div>\n\n\n\n<p>En el marco del fin de semana extra largo por el D\u00eda de la Bandera, que ir\u00e1 del 20 al 23 de junio en toda <strong>Argentina<\/strong>, se realizar\u00e1 el <strong>Festival Provincial del Envero<\/strong>, encuentro que nuclear\u00e1 a productores oliv\u00edcolas de la provincia y permitir\u00e1 al p\u00fablico local y al turismo apreciar las virtudes de la segunda actividad agr\u00edcola de la provincia de <strong>Mendoza<\/strong> despu\u00e9s de la vitivinicultura.<\/p>\n\n\n\n<p>El festival ofrecer\u00e1 patios de comidas, catas y degustaci\u00f3n de aceites de oliva virgen extra. En la previa de la apertura se plantar\u00e1n olivos en el <strong>Centro de Congresos Francisco<\/strong>, ubicado en el <strong>Parque Agnesi de San Mart\u00edn.<\/strong><\/p>\n\n\n\n<div style=\"height:19px\" aria-hidden=\"true\" class=\"wp-block-spacer\"><\/div>\n\n\n\n<h3 class=\"wp-block-heading has-text-color\" style=\"color:#29976f\">El Festival del Envero ofrecer\u00e1 espect\u00e1culos con el folclore argentino en general y el Cancionero Cuyano en paticular, con las actuaciones de Marcelino Azaguate, el Ballet Municipal Ra\u00edces Huarpes, Rosa Chiquini, D\u00fao Busto-\/Mercado, Cara y Cepa y Roberto Mercado. Los departamentos que participar\u00e1n en este primer encuentro ser\u00e1n San Mart\u00edn, Maip\u00fa, Guaymall\u00e9n, Lavalle, Jun\u00edn, Rivadavia, San Rafael y Luj\u00e1n de Cuyo.<\/h3>\n\n\n\n<div style=\"height:19px\" aria-hidden=\"true\" class=\"wp-block-spacer\"><\/div>\n\n\n\n<p>Cuando se present\u00f3 el festival en abril, la presidenta del Ente Mendoza Turismo (Emetur), Gabriela Testa, coment\u00f3 que este encuentro <em>\u201cpone en valor la fuerza que tiene la industria, c\u00f3mo viene creciendo la producci\u00f3n y las instituciones como las asociaciones de oliv\u00edcolas privadas, que tambi\u00e9n nos est\u00e1n acompa\u00f1ando en este proceso\u201d.<\/em><\/p>\n\n\n\n<p>La funcionaria destac\u00f3 que esta actividad se enmarca en el programa <strong>Vivencias Mendocinas<\/strong> del Emetur y que <em>\u201ctiene por objeto diversificar la oferta tur\u00edstica de Mendoza con temas identitarios, como puede ser el oliva; Patios Cuyanos, con la m\u00fasica propia de nuestra tierra, y una serie de programas que ponen en valor temas identitarios y que buscan dar oportunidades laborales, para emprendedores o para peque\u00f1os, medianos y grandes empresarios\u201d.<\/em><\/p>\n\n\n\n<div style=\"height:35px\" aria-hidden=\"true\" class=\"wp-block-spacer\"><\/div>\n\n\n\n<p class=\"has-medium-font-size\"><strong>Una fiesta para los sentidos<\/strong><\/p>\n\n\n\n<p>La provincia de Mendoza es una regi\u00f3n oliv\u00edcola importante de Argentina y concentra gran cantidad de productores y empresas que cultivan olivos, elaboran aceitunas en conserva, aceites de oliva y productos derivados de la aceituna.<\/p>\n\n\n\n<div style=\"height:18px\" aria-hidden=\"true\" class=\"wp-block-spacer\"><\/div>\n\n\n\n<h3 class=\"wp-block-heading has-text-color\" style=\"color:#1e7757\">El envero es el proceso en el que la aceituna pasa de ser verde a tomar tonos viol\u00e1ceos o negros y es el momento en el que la oliva ya se encuentra para comenzar a producir los aceites de oliva virgen extra de manera temprana y antes de alcanzar su punto de madurez total.<\/h3>\n\n\n\n<div style=\"height:19px\" aria-hidden=\"true\" class=\"wp-block-spacer\"><\/div>\n\n\n\n<p>Las oliv\u00edcolas que participar\u00e1n en esta primera edici\u00f3n ser\u00e1n <strong>Familia Minotto<\/strong> (Maip\u00fa), <strong>Domingo Lo Vecchio<\/strong> (Maip\u00fa), <strong>Azaguate<\/strong> (Maip\u00fa), <strong>Quatrolivas<\/strong> (Guaymall\u00e9n), <strong>\u00c1nforas de Atenea<\/strong> (San Rafael),<strong> Laur<\/strong> (Maip\u00fa), <strong>IG Mendoza<\/strong>, <strong>Exigente <\/strong>(Maip\u00fa), <strong>Finca Familia Robles<\/strong> (Rivadavia), <strong>Flor M\u00eda<\/strong> (San Mart\u00edn), <strong>Molino la Tebaida <\/strong>(San Mart\u00edn), <strong>Envero<\/strong> (Lavalle), <strong>Campo Re<\/strong> (Maip\u00fa), Mar\u00eda Ravida (Rivadavia), <strong>Pisi<\/strong> (San Mart\u00edn), <strong>Inta Este<\/strong> (vivero y elaboraci\u00f3n AOVE) y <strong>Aceites Lesilem<\/strong> (Guaymall\u00e9n).<\/p>\n\n\n\n<p>Entre las propuestas gastron\u00f3micas que estar\u00e1n en el festival se encuentran <strong>Maximiliano Hern\u00e1ndez<\/strong> (Rivadavia), <strong>Catering Di Carlo <\/strong>(Rivadavia), <strong>Sabores del Secano<\/strong> (Lavalle), <strong>Romina Paredes<\/strong> (Guaymall\u00e9n), <strong>El metraje<\/strong> (Guaymall\u00e9n),&nbsp;<strong>Street Food<\/strong>&nbsp;(San Mart\u00edn), <strong>Sabores del Este<\/strong> (Jun\u00edn) y <strong>La Focacher\u00eda<\/strong> (Jun\u00edn).<\/p>\n\n\n\n<p>Adem\u00e1s, mendocinos y turistas podr\u00e1n recorrer puestos de los emprendedores de <strong>Guardiana de tejidos <\/strong>(Lavalle), <strong>Manos del Arenal Cer\u00e1mica<\/strong> (Lavalle), <strong>Alfajores Malambo<\/strong> (Guaymall\u00e9n),<strong> Viento bot\u00e1nico <\/strong>(Guaymall\u00e9n), <strong>M\u00e1s que maderas<\/strong> (Guaymall\u00e9n), <strong>Clave de Luna malabar <\/strong>(Guaymall\u00e9n), <strong>Culto Olibec<\/strong> (Guaymall\u00e9n) y <strong>Bomb\u00f3n Cydonia<\/strong> (Jun\u00edn).<\/p>\n\n\n\n<div style=\"height:35px\" aria-hidden=\"true\" class=\"wp-block-spacer\"><\/div>\n\n\n\n<p class=\"has-medium-font-size\"><strong>Cronograma Festival Provincial del Envero 2024<\/strong><\/p>\n\n\n\n<p class=\"has-background\" style=\"background-color:#abb7c257\"><strong>S\u00e1bado 22 \u2013 Museo Las B\u00f3vedas<\/strong><\/p>\n\n\n\n<ul class=\"wp-block-list\">\n<li>11.30 Plantando olivos en el Centro de Congresos Francisco.<\/li>\n\n\n\n<li>13.15 Palabras de apertura Dr. Ra\u00fal Rufeil \u2013 Museo Las B\u00f3vedas.<\/li>\n\n\n\n<li>13.30 Presentaci\u00f3n de los Caminos del Olivo \u2013 Gabriela Testa \u2013 Museo Las B\u00f3vedas.<\/li>\n\n\n\n<li>13.45 Presentaci\u00f3n de El Canto de Cuyo \u2013 Diego Gareca \u2013 Museo Las B\u00f3vedas.<\/li>\n\n\n\n<li>15.00 Marcelino Azaguate<\/li>\n\n\n\n<li>16.00 Rosa Chiquini<\/li>\n\n\n\n<li>16.20 Presentaci\u00f3n Libro IDR \u2013 Recetario<\/li>\n\n\n\n<li>16.30 D\u00fao Bustos Mercado<\/li>\n<\/ul>\n\n\n\n<div style=\"height:30px\" aria-hidden=\"true\" class=\"wp-block-spacer\"><\/div>\n\n\n\n<p class=\"has-background\" style=\"background-color:#abb7c257\"><strong>Domingo 23 \u2013 Museo Las B\u00f3vedas<\/strong><\/p>\n\n\n\n<ul class=\"wp-block-list\">\n<li>14.00 Roberto Mercado<\/li>\n\n\n\n<li>17.15 Show Grupo Cara y Cepa \/ Ballet Ra\u00edces Huarpes.<\/li>\n<\/ul>\n\n\n\n<div style=\"height:30px\" aria-hidden=\"true\" class=\"wp-block-spacer\"><\/div>\n","protected":false},"excerpt":{"rendered":"<p>El encuentro que pone en valor la producci\u00f3n del aceite de oliva y todas las&hellip;<\/p>\n","protected":false},"author":3,"featured_media":117794,"comment_status":"open","ping_status":"open","sticky":false,"template":"","format":"standard","meta":{"footnotes":""},"categories":[47],"tags":[],"class_list":["post-117791","post","type-post","status-publish","format-standard","has-post-thumbnail","hentry","category-agenda"],"_links":{"self":[{"href":"https:\/\/enolife.com.ar\/es\/wp-json\/wp\/v2\/posts\/117791","targetHints":{"allow":["GET"]}}],"collection":[{"href":"https:\/\/enolife.com.ar\/es\/wp-json\/wp\/v2\/posts"}],"about":[{"href":"https:\/\/enolife.com.ar\/es\/wp-json\/wp\/v2\/types\/post"}],"author":[{"embeddable":true,"href":"https:\/\/enolife.com.ar\/es\/wp-json\/wp\/v2\/users\/3"}],"replies":[{"embeddable":true,"href":"https:\/\/enolife.com.ar\/es\/wp-json\/wp\/v2\/comments?post=117791"}],"version-history":[{"count":0,"href":"https:\/\/enolife.com.ar\/es\/wp-json\/wp\/v2\/posts\/117791\/revisions"}],"wp:featuredmedia":[{"embeddable":true,"href":"https:\/\/enolife.com.ar\/es\/wp-json\/wp\/v2\/media\/117794"}],"wp:attachment":[{"href":"https:\/\/enolife.com.ar\/es\/wp-json\/wp\/v2\/media?parent=117791"}],"wp:term":[{"taxonomy":"category","embeddable":true,"href":"https:\/\/enolife.com.ar\/es\/wp-json\/wp\/v2\/categories?post=117791"},{"taxonomy":"post_tag","embeddable":true,"href":"https:\/\/enolife.com.ar\/es\/wp-json\/wp\/v2\/tags?post=117791"}],"curies":[{"name":"wp","href":"https:\/\/api.w.org\/{rel}","templated":true}]}}