{"id":117760,"date":"2024-06-18T16:56:55","date_gmt":"2024-06-18T16:56:55","guid":{"rendered":"https:\/\/enolife.com.ar\/es\/?p=117760"},"modified":"2024-06-20T12:25:56","modified_gmt":"2024-06-20T12:25:56","slug":"vinateros-mendocinos-rechazan-derogar-la-ley-que-permite-registrar-los-contratos-de-compra-venta","status":"publish","type":"post","link":"https:\/\/enolife.com.ar\/es\/vinateros-mendocinos-rechazan-derogar-la-ley-que-permite-registrar-los-contratos-de-compra-venta\/","title":{"rendered":"Vi\u00f1ateros mendocinos rechazan derogar la ley que permite registrar los contratos de compra-venta"},"content":{"rendered":"\n<h4 class=\"wp-block-heading\"><em><strong>El pasado 6\/6\/2024, el Poder Ejecutivo de Mendoza present\u00f3 en la Legislatura provincial un proyecto de derogaci\u00f3n de la Ley N\u00b0 9133, que obliga al registro de contratos de compra-venta de materias primas agr\u00edcolas. Para el gobierno, la ley implica \u00abuna tarea burocr\u00e1tica y una erogaci\u00f3n de contratos y sellos, dinero que se le quita a la actividad privada\u00bb. Sin embargo, varias entidades que representan a productores vitivin\u00edcolas del Este, centro y Valle de Uco de Mendoza consideran que esa ley es \u00abuna herramienta que permite al productor vit\u00edcola gozar de cierta seguridad jur\u00eddica a la hora de entregar su producci\u00f3n\u00bb. Por tal motivo, emitieron 18\/6\/24 hoy un comunicado que a continuaci\u00f3n replicamos. <\/strong><\/em><\/h4>\n\n\n\n<div style=\"height:35px\" aria-hidden=\"true\" class=\"wp-block-spacer\"><\/div>\n\n\n<a href=\"https:\/\/www.facebook.com\/SindicatoContratitas\/\" aria-label=\"banner contratistas 1700&#215;500\"><img loading=\"lazy\" decoding=\"async\" src=\"https:\/\/enolife.com.ar\/es\/wp-content\/uploads\/2020\/08\/banner-contratistas-1700x500-1.jpg\" alt=\"\"  srcset=\"https:\/\/enolife.com.ar\/es\/wp-content\/uploads\/2020\/08\/banner-contratistas-1700x500-1.jpg 1700w, https:\/\/enolife.com.ar\/es\/wp-content\/uploads\/2020\/08\/banner-contratistas-1700x500-1-300x88.jpg 300w, https:\/\/enolife.com.ar\/es\/wp-content\/uploads\/2020\/08\/banner-contratistas-1700x500-1-1024x301.jpg 1024w, https:\/\/enolife.com.ar\/es\/wp-content\/uploads\/2020\/08\/banner-contratistas-1700x500-1-768x226.jpg 768w, https:\/\/enolife.com.ar\/es\/wp-content\/uploads\/2020\/08\/banner-contratistas-1700x500-1-1536x452.jpg 1536w, https:\/\/enolife.com.ar\/es\/wp-content\/uploads\/2020\/08\/banner-contratistas-1700x500-1-1170x344.jpg 1170w, https:\/\/enolife.com.ar\/es\/wp-content\/uploads\/2020\/08\/banner-contratistas-1700x500-1-585x172.jpg 585w\" sizes=\"auto, (max-width: 1700px) 100vw, 1700px\" width=\"1700\" height=\"500\"   \/><\/a>\n\n\n<div style=\"height:25px\" aria-hidden=\"true\" class=\"wp-block-spacer\"><\/div>\n\n\n\n<p>El pasado <strong>6 de junio de 2024<\/strong>, el ministro de Producci\u00f3n de Mendoza, <strong>Rodolfo Vargas Arizu<\/strong>, present\u00f3 en la Legislatura el proyecto de derogaci\u00f3n de la <strong>Ley N\u00b0 9133<\/strong>, que obliga al registro de contratos de compra-venta de materias primas agr\u00edcolas. El funcionario sostuvo que dicha Ley hab\u00eda resultado en una carga burocr\u00e1tica innecesaria para el sector industrial.<\/p>\n\n\n\n<div style=\"height:16px\" aria-hidden=\"true\" class=\"wp-block-spacer\"><\/div>\n\n\n\n<blockquote class=\"wp-block-quote is-layout-flow wp-block-quote-is-layout-flow\">\n<p>\u201cDe los 43.000 contratos registrados en 4 a\u00f1os, s\u00f3lo 397 fueron infraccionados, todos por formalismos, sin denuncias por problemas de pago o entrega de mercader\u00eda. Esta ley significaba una tarea burocr\u00e1tica y una erogaci\u00f3n de contratos y sellos, dinero que se le quita a la actividad privada\u201d.<\/p>\n<cite>Rodolfo Vargas Arizu, ministro de Producci\u00f3n de Mendoza<\/cite><\/blockquote>\n\n\n\n<div style=\"height:18px\" aria-hidden=\"true\" class=\"wp-block-spacer\"><\/div>\n\n\n\n<p>Tras esa presentaci\u00f3n, varias entidades que nuclean a productores vit\u00edcolas mendocinos manifestaron su oposici\u00f3n a la iniciativa, divulgando <strong>el comunicado que replicamos:<\/strong><\/p>\n\n\n\n<p><em>\u00abDesde las c\u00e1maras abajo firmantes, en representaci\u00f3n de la mayor\u00eda de los productores primarios vitivin\u00edcolas de la provincia de Mendoza, queremos expresar nuestra firme oposici\u00f3n y gran preocupaci\u00f3n ante los intentos inconsultos de derogaci\u00f3n de la Ley N\u00b0 9.133 por parte del gobierno provincial, bajo la falsa premisa de desregular, algo que en realidad nada regula.<\/em> <\/p>\n\n\n\n<div style=\"height:12px\" aria-hidden=\"true\" class=\"wp-block-spacer\"><\/div>\n\n\n\n<blockquote class=\"wp-block-quote is-layout-flow wp-block-quote-is-layout-flow\">\n<p>Seguimos insistiendo sobre que la ley 9.133 es una herramienta que permite al productor vit\u00edcola gozar de cierta seguridad jur\u00eddica a la hora de entregar su producci\u00f3n y como tal, siempre es perfectible, siendo este el camino y no su derogaci\u00f3n lisa y llana. <\/p>\n<cite>Del comunicado de las C\u00e1maras vitivin\u00edcolas<\/cite><\/blockquote>\n\n\n\n<div style=\"height:14px\" aria-hidden=\"true\" class=\"wp-block-spacer\"><\/div>\n\n\n\n<p><em>\u00abEs importante recordar que si la aplicaci\u00f3n de dicha ley tiene objeciones se debe exclusivamente a las modificaciones, reglamentaciones e intentos recaudatorios de sumar otras actividades agr\u00edcolas por parte del poder pol\u00edtico, haciendo caso omiso a los pedidos de los vi\u00f1ateros de limitar su aplicaci\u00f3n al rubro vit\u00edcola.<\/em><\/p>\n\n\n\n<p><em>\u00abLlama poderosamente la atenci\u00f3n que el gobierno provincial busque derogar esta ley en un mundo totalmente globalizado, con mercados internacionales que exigen cada vez m\u00e1s una certificaci\u00f3n econ\u00f3mica que apunte a que las partes tengan igualdad de condiciones a la hora de negociar sus productos. <\/em><\/p>\n\n\n\n<p><em>\u00abPor ello estamos obligados a comenzar a trabajar con todas las certificadoras en nuestro pa\u00eds a fin de hacer conocer nuestra problem\u00e1tica en el tema del triple impacto y la sustentabilidad econ\u00f3mica de la cadena, haciendo visible las permanentes desventajas que sufre el productor frente a los otros eslabones de la cadena.<\/em><\/p>\n\n\n\n<p><em>\u00abNadie pretende complicar al industrial en la gesti\u00f3n de su negocio; pero es necesario contar con un contrato que permita al productor tener reglas claras para actuar con libertad comercial ante la demanda de su producto; disponiendo de la seguridad jur\u00eddica necesaria para equilibrar los actores en la compra-venta de uva.<\/em><\/p>\n\n\n\n<p>\u00ab<em>Desde las C\u00e1maras estamos convencidos que el camino es trabajar de forma propositiva sobre la Ley N\u00b0 9.133 para que la misma funcione de forma eficiente acorde a su objeto, y no derogarla en forma unilateral, lo que dejar\u00e1 al productor totalmente indefenso frente a la bodega que establece las condiciones comerciales luego de recibir la uva.<\/em> <\/p>\n\n\n\n<p><em>\u00abPor ello las entidades continuaremos trabajando en la protecci\u00f3n y promoci\u00f3n de los intereses de los vi\u00f1ateros, velando por una justa distribuci\u00f3n para todos los actores involucrados en la industria vitivin\u00edcola de la regi\u00f3n\u00bb.<\/em><\/p>\n\n\n\n<div style=\"height:11px\" aria-hidden=\"true\" class=\"wp-block-spacer\"><\/div>\n\n\n\n<p class=\"has-background\" style=\"background-color:#c7b3d9\"><strong>Las entidades firmantes<\/strong><br><br><em><strong>Asociaci\u00f3n de Productores del Oasis Este de Mendoza (Aproem)<\/strong><br><strong>Asociaci\u00f3n de Vi\u00f1ateros de Mendoza (AVM)<\/strong><br><strong>C\u00e1mara de Agricultura, Industria, Comercio y Turismo del Valle de Tupungato<\/strong><br><strong>Sociedad Rural de Valle de Uco<\/strong><\/em><\/p>\n\n\n\n<div style=\"height:20px\" aria-hidden=\"true\" class=\"wp-block-spacer\"><\/div>\n","protected":false},"excerpt":{"rendered":"<p>El pasado 6\/6\/2024, el Poder Ejecutivo de Mendoza present\u00f3 en la Legislatura provincial un proyecto&hellip;<\/p>\n","protected":false},"author":3,"featured_media":117762,"comment_status":"open","ping_status":"open","sticky":false,"template":"","format":"standard","meta":{"footnotes":""},"categories":[14],"tags":[],"class_list":["post-117760","post","type-post","status-publish","format-standard","has-post-thumbnail","hentry","category-news"],"_links":{"self":[{"href":"https:\/\/enolife.com.ar\/es\/wp-json\/wp\/v2\/posts\/117760","targetHints":{"allow":["GET"]}}],"collection":[{"href":"https:\/\/enolife.com.ar\/es\/wp-json\/wp\/v2\/posts"}],"about":[{"href":"https:\/\/enolife.com.ar\/es\/wp-json\/wp\/v2\/types\/post"}],"author":[{"embeddable":true,"href":"https:\/\/enolife.com.ar\/es\/wp-json\/wp\/v2\/users\/3"}],"replies":[{"embeddable":true,"href":"https:\/\/enolife.com.ar\/es\/wp-json\/wp\/v2\/comments?post=117760"}],"version-history":[{"count":0,"href":"https:\/\/enolife.com.ar\/es\/wp-json\/wp\/v2\/posts\/117760\/revisions"}],"wp:featuredmedia":[{"embeddable":true,"href":"https:\/\/enolife.com.ar\/es\/wp-json\/wp\/v2\/media\/117762"}],"wp:attachment":[{"href":"https:\/\/enolife.com.ar\/es\/wp-json\/wp\/v2\/media?parent=117760"}],"wp:term":[{"taxonomy":"category","embeddable":true,"href":"https:\/\/enolife.com.ar\/es\/wp-json\/wp\/v2\/categories?post=117760"},{"taxonomy":"post_tag","embeddable":true,"href":"https:\/\/enolife.com.ar\/es\/wp-json\/wp\/v2\/tags?post=117760"}],"curies":[{"name":"wp","href":"https:\/\/api.w.org\/{rel}","templated":true}]}}