{"id":117453,"date":"2024-06-14T14:50:46","date_gmt":"2024-06-14T14:50:46","guid":{"rendered":"https:\/\/enolife.com.ar\/es\/?p=117453"},"modified":"2024-06-16T13:51:57","modified_gmt":"2024-06-16T13:51:57","slug":"promendoza-ofrece-a-coviar-capacitacion-y-opciones-de-credito-para-que-mas-bodegas-exporten","status":"publish","type":"post","link":"https:\/\/enolife.com.ar\/es\/promendoza-ofrece-a-coviar-capacitacion-y-opciones-de-credito-para-que-mas-bodegas-exporten\/","title":{"rendered":"ProMendoza ofrece a Coviar capacitaci\u00f3n y opciones de cr\u00e9dito para que m\u00e1s bodegas exporten"},"content":{"rendered":"\n<h4 class=\"wp-block-heading\"><em><strong>Con el objetivo de que la vitivinicultura nacional incremente su participaci\u00f3n en el mercado internacional y que m\u00e1s empresas y bodegas mendocinas vendan sus vinos al exterior, directivos de la agencia de promoci\u00f3n provincial y de la Corporaci\u00f3n Vitivin\u00edcola Argentina (Coviar) se reunieron para acordar acciones en conjunto, en direcci\u00f3n a concretar las metas del Plan Estrat\u00e9gico Vitivin\u00edcola (PEVI), en su actualizaci\u00f3n al 2030.<\/strong><\/em><\/h4>\n\n\n\n<div style=\"height:35px\" aria-hidden=\"true\" class=\"wp-block-spacer\"><\/div>\n\n\n<a href=\"https:\/\/www.instagram.com\/vinventions.sudamerica\/\" aria-label=\"Banner_Subr_1700x500\"><img loading=\"lazy\" decoding=\"async\" src=\"https:\/\/enolife.com.ar\/es\/wp-content\/uploads\/2019\/07\/Banner_Subr_1700x500.gif\" alt=\"\"  width=\"1700\" height=\"501\"   \/><\/a>\n\n\n<div style=\"height:45px\" aria-hidden=\"true\" class=\"wp-block-spacer\"><\/div>\n\n\n\n<p>Directivos de <strong>ProMendoza<\/strong> -la agencia gubernamental de promoci\u00f3n de las exportaciones provinciales- se reunieron con sus pares de la <strong>Corporaci\u00f3n Vitivin\u00edcola Argentina (Coviar)<\/strong> para acordar una agenda abierta de trabajo. <strong>Patricia Gim\u00e9nez<\/strong>, presidenta de la agencia, inform\u00f3 a los dirigentes de Coviar sobre los programas vigentes para exportar y las capacitaciones para nuevos exportadores, sobre todo de peque\u00f1as y medianas empresas (pymes).<\/p>\n\n\n\n<p>Adem\u00e1s, se present\u00f3 el cronograma de ferias internacionales, encuentros a los que se est\u00e1 invitando a bodegas locales, para participar con sus vinos. Tambi\u00e9n, los programas de cr\u00e9dito y financiamiento vigentes para promover las exportaciones.<\/p>\n\n\n\n<p>Gim\u00e9nez estuvo acompa\u00f1ada por <strong>Fernando Urdaniz<\/strong>, coordinador de Promoci\u00f3n Comercial de ProMendoza. Por Coviar estuvieron presentes <strong>Adolfo Brennan<\/strong>, miembro del Directorio y responsable de la Unidad Ejecutora de Pymes Exportadoras; <strong>Carlos Tizio<\/strong>, presidente del <strong>Instituto Nacional de Vitivinicultura (INV)<\/strong> y tambi\u00e9n miembro del Directorio de Coviar; <strong>Jos\u00e9 Bartolucci<\/strong>, presidente de la <strong>C\u00e1mara Argentina de Vinos a Granel<\/strong>; y <strong>Carlos Fiochetta<\/strong>, gerente de esa corporaci\u00f3n.<\/p>\n\n\n\n<div style=\"height:19px\" aria-hidden=\"true\" class=\"wp-block-spacer\"><\/div>\n\n\n\n<blockquote class=\"wp-block-quote is-layout-flow wp-block-quote-is-layout-flow\">\n<p>Estamos analizando nuestros principales destinos de exportaci\u00f3n y detectando una gran cantidad de mercados, sobre todo regionales, que est\u00e1n ofreciendo buenas oportunidades en especial para las bodegas pymes. Estamos decididos a trabajar para llegar a m\u00e1s mercados con nuestros vinos\u00bb.<\/p>\n<cite>Patricia Gim\u00e9nez, presidenta de ProMendoza<\/cite><\/blockquote>\n\n\n\n<div style=\"height:30px\" aria-hidden=\"true\" class=\"wp-block-spacer\"><\/div>\n\n\n<div class=\"wp-block-image\">\n<figure class=\"aligncenter size-full\"><a href=\"https:\/\/enolife.com.ar\/es\/wp-content\/uploads\/2024\/06\/6d01c602-3786-1dd0-b6b7-19b39353c462.jpg\" data-rel=\"penci-gallery-image-content\" ><img loading=\"lazy\" decoding=\"async\" width=\"600\" height=\"375\" src=\"https:\/\/enolife.com.ar\/es\/wp-content\/uploads\/2024\/06\/6d01c602-3786-1dd0-b6b7-19b39353c462.jpg\" alt=\"\" class=\"wp-image-117557\" srcset=\"https:\/\/enolife.com.ar\/es\/wp-content\/uploads\/2024\/06\/6d01c602-3786-1dd0-b6b7-19b39353c462.jpg 600w, https:\/\/enolife.com.ar\/es\/wp-content\/uploads\/2024\/06\/6d01c602-3786-1dd0-b6b7-19b39353c462-300x188.jpg 300w, https:\/\/enolife.com.ar\/es\/wp-content\/uploads\/2024\/06\/6d01c602-3786-1dd0-b6b7-19b39353c462-585x366.jpg 585w\" sizes=\"auto, (max-width: 600px) 100vw, 600px\" \/><\/a><\/figure><\/div>\n\n\n<div style=\"height:30px\" aria-hidden=\"true\" class=\"wp-block-spacer\"><\/div>\n\n\n\n<p><em>\u00abAgradecemos la presencia a ProMendoza y a su equipo consolidado de trabajo. Aqu\u00ed el objetivo com\u00fan es que crezca la vitivinicultura y darle apoyo a quienes no tienen la estructura o el conocimiento para exportar m\u00e1s y con mayor valor agregado\u00bb<\/em>, resalt\u00f3 por su parte Brennan, quien lidera el trabajo de <strong>Pymes Exportadoras<\/strong>, una unidad ejecutora que se cre\u00f3 dentro de Coviar para ayudar a internacionalizar a m\u00e1s bodegas.<\/p>\n\n\n\n<div style=\"height:15px\" aria-hidden=\"true\" class=\"wp-block-spacer\"><\/div>\n\n\n\n<blockquote class=\"wp-block-quote is-layout-flow wp-block-quote-is-layout-flow\">\n<p>Estamos a disposici\u00f3n para seguir ayudando y trabajando para posicionar m\u00e1s y mejor al vino argentino, en nuestro caso los vinos a granel, en los mercados internacionales y agradecemos al Gobierno de Mendoza por el apoyo\u00bb.<\/p>\n<cite>Jos\u00e9 Bartolucci, presidente de la C\u00e1mara Argentina de Vinos a Granel<\/cite><\/blockquote>\n\n\n\n<div style=\"height:17px\" aria-hidden=\"true\" class=\"wp-block-spacer\"><\/div>\n\n\n\n<p>Durante la reuni\u00f3n, en la que tambi\u00e9n estuvieron presentes los equipos t\u00e9cnicos de ProMendoza y Coviar, se acord\u00f3 seguir trabajando de forma articulada con el objetivo de integrar acciones para fortalecer la promoci\u00f3n de las exportaciones vitivin\u00edcolas.<\/p>\n\n\n\n<div style=\"height:23px\" aria-hidden=\"true\" class=\"wp-block-spacer\"><\/div>\n","protected":false},"excerpt":{"rendered":"<p>Con el objetivo de que la vitivinicultura nacional incremente su participaci\u00f3n en el mercado internacional&hellip;<\/p>\n","protected":false},"author":3,"featured_media":117558,"comment_status":"open","ping_status":"open","sticky":false,"template":"","format":"standard","meta":{"footnotes":""},"categories":[56,14],"tags":[],"class_list":["post-117453","post","type-post","status-publish","format-standard","has-post-thumbnail","hentry","category-destacado","category-news"],"_links":{"self":[{"href":"https:\/\/enolife.com.ar\/es\/wp-json\/wp\/v2\/posts\/117453","targetHints":{"allow":["GET"]}}],"collection":[{"href":"https:\/\/enolife.com.ar\/es\/wp-json\/wp\/v2\/posts"}],"about":[{"href":"https:\/\/enolife.com.ar\/es\/wp-json\/wp\/v2\/types\/post"}],"author":[{"embeddable":true,"href":"https:\/\/enolife.com.ar\/es\/wp-json\/wp\/v2\/users\/3"}],"replies":[{"embeddable":true,"href":"https:\/\/enolife.com.ar\/es\/wp-json\/wp\/v2\/comments?post=117453"}],"version-history":[{"count":0,"href":"https:\/\/enolife.com.ar\/es\/wp-json\/wp\/v2\/posts\/117453\/revisions"}],"wp:featuredmedia":[{"embeddable":true,"href":"https:\/\/enolife.com.ar\/es\/wp-json\/wp\/v2\/media\/117558"}],"wp:attachment":[{"href":"https:\/\/enolife.com.ar\/es\/wp-json\/wp\/v2\/media?parent=117453"}],"wp:term":[{"taxonomy":"category","embeddable":true,"href":"https:\/\/enolife.com.ar\/es\/wp-json\/wp\/v2\/categories?post=117453"},{"taxonomy":"post_tag","embeddable":true,"href":"https:\/\/enolife.com.ar\/es\/wp-json\/wp\/v2\/tags?post=117453"}],"curies":[{"name":"wp","href":"https:\/\/api.w.org\/{rel}","templated":true}]}}