{"id":117437,"date":"2024-06-13T21:57:09","date_gmt":"2024-06-13T21:57:09","guid":{"rendered":"https:\/\/enolife.com.ar\/es\/?p=117437"},"modified":"2024-06-17T15:14:22","modified_gmt":"2024-06-17T15:14:22","slug":"edgardo-lera-lider-de-los-contratistas-de-vina-los-obreros-no-son-reconocidos-en-su-salario","status":"publish","type":"post","link":"https:\/\/enolife.com.ar\/es\/edgardo-lera-lider-de-los-contratistas-de-vina-los-obreros-no-son-reconocidos-en-su-salario\/","title":{"rendered":"Edgardo Lera, l\u00edder de los contratistas de vi\u00f1a: \u00abLos obreros no son reconocidos en su salario\u00bb"},"content":{"rendered":"\n<h4 class=\"wp-block-heading\"><em><strong>En una nota de la Agencia Solidaria de Noticias (Ansol), publicada el pasado 6\/6\/24, el secretario general del Sindicato de Contratistas de Vi\u00f1as y Frutales se refiri\u00f3 a la crisis de precios en la producci\u00f3n de uva y vino, como producto de la alta inflaci\u00f3n y los desequilibrios en la macroeconom\u00eda argentina, lo que a su vez causa un fuerte deterioro en el salario de los trabajadores de la vi\u00f1a.<\/strong><\/em><\/h4>\n\n\n\n<div style=\"height:35px\" aria-hidden=\"true\" class=\"wp-block-spacer\"><\/div>\n\n\n<a href=\"https:\/\/www.facebook.com\/SindicatoContratitas\/\" aria-label=\"banner contratistas 1700&#215;500\"><img loading=\"lazy\" decoding=\"async\" src=\"https:\/\/enolife.com.ar\/es\/wp-content\/uploads\/2020\/08\/banner-contratistas-1700x500-1.jpg\" alt=\"\"  srcset=\"https:\/\/enolife.com.ar\/es\/wp-content\/uploads\/2020\/08\/banner-contratistas-1700x500-1.jpg 1700w, https:\/\/enolife.com.ar\/es\/wp-content\/uploads\/2020\/08\/banner-contratistas-1700x500-1-300x88.jpg 300w, https:\/\/enolife.com.ar\/es\/wp-content\/uploads\/2020\/08\/banner-contratistas-1700x500-1-1024x301.jpg 1024w, https:\/\/enolife.com.ar\/es\/wp-content\/uploads\/2020\/08\/banner-contratistas-1700x500-1-768x226.jpg 768w, https:\/\/enolife.com.ar\/es\/wp-content\/uploads\/2020\/08\/banner-contratistas-1700x500-1-1536x452.jpg 1536w, https:\/\/enolife.com.ar\/es\/wp-content\/uploads\/2020\/08\/banner-contratistas-1700x500-1-1170x344.jpg 1170w, https:\/\/enolife.com.ar\/es\/wp-content\/uploads\/2020\/08\/banner-contratistas-1700x500-1-585x172.jpg 585w\" sizes=\"auto, (max-width: 1700px) 100vw, 1700px\" width=\"1700\" height=\"500\"   \/><\/a>\n\n\n<div style=\"height:45px\" aria-hidden=\"true\" class=\"wp-block-spacer\"><\/div>\n\n\n\n<p><a href=\"https:\/\/www.facebook.com\/sharer\/sharer.php?u=https%3A%2F%2Fansol.com.ar%2Fmendoza-crisis-de-precios-en-la-produccion-de-uva-y-vino%2Fgenerales%2Feconomia%2F\"><\/a><a href=\"https:\/\/twitter.com\/intent\/tweet?url=https%3A%2F%2Fansol.com.ar%2Fmendoza-crisis-de-precios-en-la-produccion-de-uva-y-vino%2Fgenerales%2Feconomia%2F&amp;text=Mendoza%3A%20crisis%20de%20precios%20en%20la%20producci%C3%B3n%20de%20uva%20y%20vino\"><\/a><a href=\"whatsapp:\/\/send?text=https%3A%2F%2Fansol.com.ar%2Fmendoza-crisis-de-precios-en-la-produccion-de-uva-y-vino%2Fgenerales%2Feconomia%2F\"><\/a><a href=\"mailto:?subject=Mendoza%3A%20crisis%20de%20precios%20en%20la%20producci%C3%B3n%20de%20uva%20y%20vino&amp;body=https%3A%2F%2Fansol.com.ar%2Fmendoza-crisis-de-precios-en-la-produccion-de-uva-y-vino%2Fgenerales%2Feconomia%2F\"><\/a>La industria vitivin\u00edcola de&nbsp;<strong>Mendoza<\/strong>, una de las principales regiones productoras de vino en Argentina, atraviesa conflictos marcados por la discrepancia entre los precios de la uva y la inflaci\u00f3n, los que a su vez impactan en los ingresos de los productores asociados a las distintas cooperativas vitivin\u00edcolas. Sumado a esto, seg\u00fan advirti\u00f3 <strong>Edgardo Lera<\/strong> -secretario general del <strong>Sindicato de Contratistas de Vi\u00f1as y Frutales<\/strong> y socio fundador de la <strong>Cooperativa Cootraavi Ltda<\/strong>, que lleva adelante la producci\u00f3n de la bodega cooperativa <strong>No me olvides<\/strong>&#8211; \u00abuna reciente importaci\u00f3n de vino desde Chile por parte de distintas bodegas, devino en una importante baja del precio de la uva y del volumen de demanda para con los productores\u00bb.<\/p>\n\n\n\n<p>En di\u00e1logo con&nbsp;<strong>la Agencia de Noticias Solidaria (Ansol), <\/strong>Lera afirm\u00f3 que el conflicto vi\u00f1atero se ha trasladado tambi\u00e9n a la zona del <strong>Valle de Uco<\/strong> de <strong>Mendoza<\/strong> (departamentos de <strong>Tupungato<\/strong>, <strong>Tunuy\u00e1n<\/strong> y <strong>San Carlos<\/strong>)como producto del crecimiento desigual en la producci\u00f3n de uva en la regi\u00f3n: <em>\u00abEn estos \u00faltimos a\u00f1os, todo lo que es producci\u00f3n de uva, de vi\u00f1a, de diferentes variedades, no ha crecido mucho en algunas zonas puntuales. Lo que llaman &#8216;Primera Zona&#8217;, es un lugar donde ha crecido mucho la producci\u00f3n vitivin\u00edcola y tambi\u00e9n la instalaci\u00f3n de bodegas. Pero tambi\u00e9n tenemos, por ejemplo, el valle de Uco, donde hay fincas abandonadas y bodegas cerradas\u00bb.<\/em><\/p>\n\n\n\n<div style=\"height:20px\" aria-hidden=\"true\" class=\"wp-block-spacer\"><\/div>\n\n\n\n<blockquote class=\"wp-block-quote is-layout-flow wp-block-quote-is-layout-flow\">\n<p>Da impotencia ver que los vinos en g\u00f3ndola han subido m\u00e1s de un 300% en un a\u00f1o y eso no se refleja en los ingresos del productor o del trabajador\u00bb.<\/p>\n<cite>Edgardo Lera<\/cite><\/blockquote>\n\n\n\n<div style=\"height:20px\" aria-hidden=\"true\" class=\"wp-block-spacer\"><\/div>\n\n\n\n<p>Mendoza, en particular, ha tenido un crecimiento importante debido al turismo y el enoturismo. Sin embargo, Lera destac\u00f3 una contradicci\u00f3n: <em>\u00abA pesar del auge de la industria, los salarios de los trabajadores no reflejan este crecimiento; las exportaciones siempre traen nuestro reclamo de que&nbsp;los obreros no son reconocidos en su salario&nbsp;por c\u00f3mo ha crecido la industria, que es una de las principales fuentes de trabajo en la zona rural\u00bb.<\/em><\/p>\n\n\n\n<div style=\"height:17px\" aria-hidden=\"true\" class=\"wp-block-spacer\"><\/div>\n\n\n<div class=\"wp-block-image\">\n<figure class=\"aligncenter is-resized\"><img loading=\"lazy\" decoding=\"async\" src=\"https:\/\/ansol.com.ar\/wp-content\/uploads\/2024\/06\/Edgardo-Lera-Cotraavi-1024x768.jpeg\" alt=\"Mendoza: crisis de precios en la producci\u00f3n de uva y vino\" class=\"wp-image-38106\" width=\"502\" height=\"377\"\/><figcaption class=\"wp-element-caption\"><em><strong>Edgardo Lera, secretario general del Sindicato de Contratistas de Vi\u00f1a y Frutales.<\/strong><\/em><\/figcaption><\/figure><\/div>\n\n\n<div style=\"height:30px\" aria-hidden=\"true\" class=\"wp-block-spacer\"><\/div>\n\n\n\n<p>Seg\u00fan record\u00f3 Lera, <em>\u00abrecientemente, un grupo de productores mendocinos se enfrent\u00f3 a una gran bodega que decidi\u00f3 comprar vino m\u00e1s barato de Chile. Este hecho, en un contexto donde los precios de la uva aumentaron solo un 100% en comparaci\u00f3n con el a\u00f1o pasado, gener\u00f3 un fuerte reclamo de peque\u00f1os productores y trabajadores contratistas. Es impotente ver que los vinos en g\u00f3ndola han subido m\u00e1s de un 300% en un a\u00f1o y eso no se refleja en los ingresos del productor o del trabajador\u00bb.<\/em><\/p>\n\n\n\n<div style=\"height:30px\" aria-hidden=\"true\" class=\"wp-block-spacer\"><\/div>\n\n\n\n<p class=\"has-background\" style=\"background-color:#abb7c24a\">La <strong>Agencia de Noticias Solidarias (Ansol)<\/strong> lleva 14 a\u00f1os desde su fundaci\u00f3n, buscando visibilizar al sector de la <strong>Econom\u00eda Social y Solidaria<\/strong> que en la Argentina representa a m\u00e1s de <strong>28.000 cooperativas<\/strong> y sus 15.000.000 de asociados; 5.000 mutuales con sus 5.500.000 asociados y los 4.000.000 de trabajadores del sector de la <strong>Econom\u00eda Popular<\/strong>, seg\u00fan el \u00faltimo censo estad\u00edstico del <strong>Inaes en 2019<\/strong> y otros complementarios.<\/p>\n\n\n\n<div style=\"height:30px\" aria-hidden=\"true\" class=\"wp-block-spacer\"><\/div>\n\n\n\n<p>Por otro lado, seg\u00fan manifest\u00f3 el representante de los contratistas y tambi\u00e9n productor vitivin\u00edcola, <em>\u00aba esta problem\u00e1tica se le suma el aumento en el costo de exportaci\u00f3n debido a la reimplantaci\u00f3n del Impuesto Pa\u00eds a las exportaciones. Esta medida encarece a\u00fan m\u00e1s la producci\u00f3n de vino, haciendo que exportar sea considerablemente m\u00e1s caro.&nbsp;La cosecha de este a\u00f1o es mayor a la del 2023, y la disminuci\u00f3n de la demanda del mercado interno debido a la recesi\u00f3n deber\u00eda favorecer a la capacidad exportadora del sector&#8230; Esta situaci\u00f3n tambi\u00e9n afecta directamente a los precios, que bajan proporcionalmente en el costo de la uva profundizando la crisis en la capacidad productiva\u00bb.<\/em><\/p>\n\n\n\n<div style=\"height:30px\" aria-hidden=\"true\" class=\"wp-block-spacer\"><\/div>\n","protected":false},"excerpt":{"rendered":"<p>En una nota de la Agencia Solidaria de Noticias (Ansol), publicada el pasado 6\/6\/24, el&hellip;<\/p>\n","protected":false},"author":3,"featured_media":117444,"comment_status":"open","ping_status":"open","sticky":false,"template":"","format":"standard","meta":{"footnotes":""},"categories":[56,4],"tags":[],"class_list":["post-117437","post","type-post","status-publish","format-standard","has-post-thumbnail","hentry","category-destacado","category-protagonistas"],"_links":{"self":[{"href":"https:\/\/enolife.com.ar\/es\/wp-json\/wp\/v2\/posts\/117437","targetHints":{"allow":["GET"]}}],"collection":[{"href":"https:\/\/enolife.com.ar\/es\/wp-json\/wp\/v2\/posts"}],"about":[{"href":"https:\/\/enolife.com.ar\/es\/wp-json\/wp\/v2\/types\/post"}],"author":[{"embeddable":true,"href":"https:\/\/enolife.com.ar\/es\/wp-json\/wp\/v2\/users\/3"}],"replies":[{"embeddable":true,"href":"https:\/\/enolife.com.ar\/es\/wp-json\/wp\/v2\/comments?post=117437"}],"version-history":[{"count":0,"href":"https:\/\/enolife.com.ar\/es\/wp-json\/wp\/v2\/posts\/117437\/revisions"}],"wp:featuredmedia":[{"embeddable":true,"href":"https:\/\/enolife.com.ar\/es\/wp-json\/wp\/v2\/media\/117444"}],"wp:attachment":[{"href":"https:\/\/enolife.com.ar\/es\/wp-json\/wp\/v2\/media?parent=117437"}],"wp:term":[{"taxonomy":"category","embeddable":true,"href":"https:\/\/enolife.com.ar\/es\/wp-json\/wp\/v2\/categories?post=117437"},{"taxonomy":"post_tag","embeddable":true,"href":"https:\/\/enolife.com.ar\/es\/wp-json\/wp\/v2\/tags?post=117437"}],"curies":[{"name":"wp","href":"https:\/\/api.w.org\/{rel}","templated":true}]}}