{"id":117309,"date":"2024-06-10T19:58:36","date_gmt":"2024-06-10T19:58:36","guid":{"rendered":"https:\/\/enolife.com.ar\/es\/?p=117309"},"modified":"2024-06-11T14:30:12","modified_gmt":"2024-06-11T14:30:12","slug":"hasta-el-31-7-24-inscriben-al-concurso-chileno-carmenere-al-mundo-2024-en-el-valle-del-maipo","status":"publish","type":"post","link":"https:\/\/enolife.com.ar\/es\/hasta-el-31-7-24-inscriben-al-concurso-chileno-carmenere-al-mundo-2024-en-el-valle-del-maipo\/","title":{"rendered":"Hasta el 31\/7\/24 inscriben al concurso chileno \u00abCarmen\u00e8re al Mundo 2024\u00bb, en el Valle del Maipo"},"content":{"rendered":"\n<h4 class=\"wp-block-heading\"><em><strong>Desde hace 18 a\u00f1os, la Asociaci\u00f3n Nacional de Ingenieros Agr\u00f3nomos En\u00f3logos de Chile (Aniae) organiza el vino que pone en escena global la variedad emblem\u00e1tica del pa\u00eds trasandino, el Carmen\u00e8re. Este a\u00f1o, la cata de los jurados se realizar\u00e1 los d\u00edas 7 y 8 de agosto, y la premiaci\u00f3n el 9 de agosto. El costo de participaci\u00f3n por muestra desde el exterior de Chile es de U$S 120, y los los vinos deber\u00e1n ser enviados antes del 2 de agosto.<\/strong><\/em><\/h4>\n\n\n\n<div style=\"height:35px\" aria-hidden=\"true\" class=\"wp-block-spacer\"><\/div>\n\n\n<a href=\"https:\/\/www.dellatoffola.com.ar\/es\/home\" aria-label=\"della toffolla 1700&#215;500\"><img loading=\"lazy\" decoding=\"async\" src=\"https:\/\/enolife.com.ar\/es\/wp-content\/uploads\/2023\/10\/della-toffolla-1700x500-2.png\" alt=\"\"  srcset=\"https:\/\/enolife.com.ar\/es\/wp-content\/uploads\/2023\/10\/della-toffolla-1700x500-2.png 1699w, https:\/\/enolife.com.ar\/es\/wp-content\/uploads\/2023\/10\/della-toffolla-1700x500-2-300x88.png 300w, https:\/\/enolife.com.ar\/es\/wp-content\/uploads\/2023\/10\/della-toffolla-1700x500-2-1024x301.png 1024w, https:\/\/enolife.com.ar\/es\/wp-content\/uploads\/2023\/10\/della-toffolla-1700x500-2-768x226.png 768w, https:\/\/enolife.com.ar\/es\/wp-content\/uploads\/2023\/10\/della-toffolla-1700x500-2-1536x451.png 1536w, https:\/\/enolife.com.ar\/es\/wp-content\/uploads\/2023\/10\/della-toffolla-1700x500-2-1170x344.png 1170w, https:\/\/enolife.com.ar\/es\/wp-content\/uploads\/2023\/10\/della-toffolla-1700x500-2-585x172.png 585w\" sizes=\"auto, (max-width: 1699px) 100vw, 1699px\" width=\"1699\" height=\"499\"   \/><\/a>\n\n\n<div style=\"height:45px\" aria-hidden=\"true\" class=\"wp-block-spacer\"><\/div>\n\n\n\n<p>El 1 de junio pasado, la <strong>Asociaci\u00f3n Nacional de Ingenieros Agr\u00f3nomos En\u00f3logos de Chile (Aniae)<\/strong>, abri\u00f3 las inscripciones para el <strong>Concurso Internacional de Vinos \u00abCarmen\u00e8re al Mundo\u00bb<\/strong> que organiza desde hace 18 a\u00f1os. Hay tiempo para anotarse hasta el 31\/7\/24, pero quienes lo hagan antes del 30\/6\/24 podr\u00e1n gozar de un 15% de descuento.<\/p>\n\n\n<div class=\"wp-block-image\">\n<figure class=\"alignleft size-full is-resized\"><a href=\"https:\/\/enolife.com.ar\/es\/wp-content\/uploads\/2024\/06\/image-24.png\" data-rel=\"penci-gallery-image-content\" ><img loading=\"lazy\" decoding=\"async\" src=\"https:\/\/enolife.com.ar\/es\/wp-content\/uploads\/2024\/06\/image-24.png\" alt=\"\" class=\"wp-image-117349\" width=\"294\" height=\"185\" srcset=\"https:\/\/enolife.com.ar\/es\/wp-content\/uploads\/2024\/06\/image-24.png 1024w, https:\/\/enolife.com.ar\/es\/wp-content\/uploads\/2024\/06\/image-24-300x189.png 300w, https:\/\/enolife.com.ar\/es\/wp-content\/uploads\/2024\/06\/image-24-768x483.png 768w, https:\/\/enolife.com.ar\/es\/wp-content\/uploads\/2024\/06\/image-24-585x368.png 585w\" sizes=\"auto, (max-width: 294px) 100vw, 294px\" \/><\/a><\/figure><\/div>\n\n\n<p>El Concurso Internacional de Vinos Carmen\u00e8re al Mundo est\u00e1 abierto a todos los vinos conformes con la definici\u00f3n del C\u00f3digo Internacional de la <strong>Organizaci\u00f3n Internacional de la Vid y el Vino (OIV)<\/strong>, presentados por empresas productoras, y elaborados con la variedad <strong>Carmen\u00e8re<\/strong> o cualquiera de sus sinonimias (por ejemplo: <strong>Grande Vidure<\/strong>).<\/p>\n\n\n\n<p>Los objetivos del concurso son: evidenciar la alta calidad enol\u00f3gica de la variedad Carmen\u00e8re en Chile y darla a conocer a consumidores y especialistas nacionales y extranjeros; contribuir a la expansi\u00f3n de la cultura del vino; convertirse en una ventana al vino chileno y evidenciar el gran nivel t\u00e9cnico de Aniae.<\/p>\n\n\n\n<p>Con todos estos desaf\u00edos, Carmen\u00e8re al Mundo ha logrado realizar exitosas versiones, con una alt\u00edsima participaci\u00f3n de vi\u00f1as de todo el pa\u00eds. Tambi\u00e9n se convirti\u00f3 en el primer certamen chileno en lograr el aval de la OIV y de la <strong>Uni\u00f3n Internacional de En\u00f3logos (UIOE)<\/strong>, m\u00e1ximos organismos t\u00e9cnicos y profesionales en el medio vitivin\u00edcola internacional.<\/p>\n\n\n\n<div style=\"height:20px\" aria-hidden=\"true\" class=\"wp-block-spacer\"><\/div>\n\n\n\n<blockquote class=\"wp-block-quote is-layout-flow wp-block-quote-is-layout-flow\">\n<p>Este concurso es uno de los hitos mas importantes de nuestra Asociaci\u00f3n, dado que adem\u00e1s de mostrar al mundo la calidad de nuestros vinos, tambi\u00e9n visibiliza la calidad profesional del rubro enol\u00f3gico nacional,&nbsp; marcando una importante diferencia en t\u00e9rminos t\u00e9cnicos con otros eventos de similares caracter\u00edsticas\u00bb.<\/p>\n<cite>Manuela Astaburuaga, pr<em>esidenta de Aniae<\/em><\/cite><\/blockquote>\n\n\n\n<div style=\"height:20px\" aria-hidden=\"true\" class=\"wp-block-spacer\"><\/div>\n\n\n\n<p>El concurso ha recorrido distintos valles chilenos:  <strong>Valle de Colchagua<\/strong> (2006); <strong>Maule<\/strong> (2008), <strong>Maipo<\/strong> (2011), <strong>Cachapoal<\/strong> (2014), <strong>Curic\u00f3<\/strong> (2016), <strong>Colchagua<\/strong> (2018) y <strong>Cachapoal<\/strong> (2022). Este 2024 el valle elegido es <strong>Maipo<\/strong>.<\/p>\n\n\n\n<div style=\"height:35px\" aria-hidden=\"true\" class=\"wp-block-spacer\"><\/div>\n\n\n\n<p class=\"has-medium-font-size\"><strong>Historia<\/strong><\/p>\n\n\n\n<p>El 2006, un grupo de directores de la Aniae gest\u00f3 la idea de celebrar el vino chileno, a trav\u00e9s de la cepa considerada como la emblem\u00e1tica a nivel nacional, el Carmen\u00e8re. De ese modo surgi\u00f3 la idea de organizar el primer concurso de vinos hecho por en\u00f3logos, con normativas de la OIV, obedeciendo a los m\u00e1s altos est\u00e1ndares internacionales. El objetivo era abrir una ventana a la gran diversidad y versatilidad del vino chileno, usando el Carmen\u00e8re como excusa para mostrar al mundo el alt\u00edsimo nivel t\u00e9cnico de la industria vitivin\u00edcola de Chile.<\/p>\n\n\n\n<p>La historia del redescubrimiento de esta variedad en este rinc\u00f3n del mundo por parte de <strong>Jean Michel Boursiquot<\/strong>, ya era por todos conocida cuando los en\u00f3logos <strong>Eduardo Alemparte<\/strong>, <strong>Hern\u00e1n Amen\u00e1bar,<\/strong> <strong>Carolina Arnello<\/strong> y <strong>Klaus Schr\u00f6der<\/strong> pensaron en un concurso monovarietal que mostrara todo el potencial del Carmen\u00e8re.<\/p>\n\n\n\n<p>A ellos se les fueron sumando los siguientes directorios para continuar la ardua tarea, organizar un evento de gran magnitud, con tres a cuatro d\u00edas de duraci\u00f3n -entre sesiones de cata y actividades paralelas-, m\u00e1s de 30 jurados entre nacionales e internacionales, y en los mismos valles donde se cultiva la cepa Carmen\u00e8re.<\/p>\n\n\n\n<div style=\"height:30px\" aria-hidden=\"true\" class=\"wp-block-spacer\"><\/div>\n\n\n\n<blockquote class=\"wp-block-quote is-layout-flow wp-block-quote-is-layout-flow\">\n<p>La variedad que nos abre una ventana para proyectar a Chile al exterior. Sus vinos, \u00fanicos, vers\u00e1tiles, l\u00fadicos y elegantes hacen de \u00e9l un exponente de su gran adaptaci\u00f3n a los diversos territorios de nuestro pa\u00eds\u00bb.<\/p>\n<cite>Cecilia Torres, presidenta del Concurso Carmen\u00e8re al Mundo <\/cite><\/blockquote>\n\n\n\n<div style=\"height:35px\" aria-hidden=\"true\" class=\"wp-block-spacer\"><\/div>\n\n\n\n<p class=\"has-medium-font-size\"><strong>Inscripciones<\/strong><\/p>\n\n\n\n<p>Cada vino deber\u00e1 ser inscripto -antes del 31 de julio de 2024- en el <strong>\u201cFormulario de Inscripci\u00f3n On Line Concurso Carmen\u00e8re al Mundo 2024\u201d<\/strong>, completando la totalidad de los datos que se indican en dicho formulario, y presentado en 4 botellas de 750 ml. Los vinos deber\u00e1n ser enviados antes del 2 de agosto del 2024.<\/p>\n\n\n\n<p>La inscripci\u00f3n para vinos internacionales es de <strong>U$S 120 por muestra<\/strong>. No incluye env\u00edo, aduana u otros costos de internaci\u00f3n.<\/p>\n\n\n\n<p class=\"has-background\" style=\"background-color:#abb7c261\"><strong>Inscripciones: <a href=\"https:\/\/carmenerealmundo.cl\/inscripcion-2\/\" title=\"\">AQU\u00cd<\/a><\/strong><\/p>\n\n\n\n<div style=\"height:35px\" aria-hidden=\"true\" class=\"wp-block-spacer\"><\/div>\n\n\n\n<p class=\"has-medium-font-size\"><strong>Fechas importantes<\/strong><\/p>\n\n\n\n<ul class=\"wp-block-list\">\n<li>Inicio de Inscripciones: 1 de junio 2024<\/li>\n\n\n\n<li>Inscripciones anticipadas: 1 al 30 de junio 2024 con&nbsp;<strong>15% de descuento<\/strong><\/li>\n\n\n\n<li>Inscripciones precio normal: Julio 2024<\/li>\n\n\n\n<li>Fin de inscripciones: 31 de julio 2024<\/li>\n\n\n\n<li>Sesiones de Cata: 7 y 8 de agosto 2024<\/li>\n\n\n\n<li>Premiaci\u00f3n: 9 de agosto 2024<\/li>\n<\/ul>\n\n\n\n<div style=\"height:35px\" aria-hidden=\"true\" class=\"wp-block-spacer\"><\/div>\n\n\n\n<p class=\"has-medium-font-size\"><strong>Jurado<\/strong><\/p>\n\n\n\n<p>El Jurado estar\u00e1 compuesto por 5 especialistas nacionales y extranjeros de primer nivel, de los cuales 4 ser\u00e1n jurados fijos (en\u00f3logos, periodistas o escritores especializados o profesionales del sector de reconocido prestigio t\u00e9cnico) que participar\u00e1n en todas las sesiones de degustaci\u00f3n, y 1 ser\u00e1 jurado itinerantes (en\u00f3logo nacional e internacional de gran prestigio t\u00e9cnico, periodista o escritor especializado), que participar\u00e1 solo en una jornada de degustaci\u00f3n. La mayor\u00eda del jurado adem\u00e1s de ser fijos entre las diferentes sesiones de cata, debe contar con una mayor\u00eda de en\u00f3logos y extranjeros.<\/p>\n\n\n\n<p>Las sesiones de degustaci\u00f3n se realizar\u00e1n en silencio y a ciegas. Para la valoraci\u00f3n y puntuaci\u00f3n de los vinos se utilizar\u00e1 la ficha de degustaci\u00f3n propuesta por la OIV.<\/p>\n\n\n\n<p>El n\u00famero de muestras evaluadas por cada jurado no ser\u00e1 mayor a 45 diarias.<\/p>\n\n\n\n<div style=\"height:35px\" aria-hidden=\"true\" class=\"wp-block-spacer\"><\/div>\n\n\n\n<p class=\"has-medium-font-size\"><strong>Premios<\/strong><\/p>\n\n\n\n<p>Un m\u00e1ximo de 30% de los vinos inscritos en el concurso con mayores puntajes podr\u00e1n optar a alguna distinci\u00f3n, de acuerdo con el reglamento de la OIV. Los premios ser\u00e1n los siguientes:<\/p>\n\n\n\n<ul class=\"wp-block-list\">\n<li>Trofeo Mejor Carmen\u00e8re al Mundo<\/li>\n\n\n\n<li>Trofeo Mejor Carmen\u00e8re Puro<\/li>\n\n\n\n<li>Trofeo Mejor Mezcla Base Carmen\u00e8re<\/li>\n\n\n\n<li>Trofeo Mejor Mezcla con Carmen\u00e8re<\/li>\n\n\n\n<li>Medallas de Gran Oro \u2013 al menos 92 puntos<\/li>\n<\/ul>\n\n\n\n<ul class=\"wp-block-list\">\n<li>Medallas de Oro \u2013 al menos 85 puntos<\/li>\n\n\n\n<li>Medallas de Plata \u2013 al menos 82 puntos<\/li>\n\n\n\n<li>Medalla de bronce \u2013 al menos 80 puntos<br><\/li>\n<\/ul>\n\n\n\n<p>Cada premio y medalla ser\u00e1 certificado por un diploma que identificar\u00e1 el vino galardonado. Los trofeos ser\u00e1n otorgados de entre los vinos premiados con medallas y por ende no contar\u00e1n en para la estimaci\u00f3n del 30% de vinos premiados.<\/p>\n\n\n\n<div style=\"height:35px\" aria-hidden=\"true\" class=\"wp-block-spacer\"><\/div>\n\n\n\n<p class=\"has-medium-font-size\"><strong>Categor\u00edas<\/strong><\/p>\n\n\n\n<p>Los vinos deben presentarse con la etiqueta de uso comercial, ser vinos terminados y disponibles para el p\u00fablico.<\/p>\n\n\n\n<p>Categor\u00eda I: \u201cCarmen\u00e8re Puro\u201d, vinos con m\u00e1s de un 85 % de Carmen\u00e8re<\/p>\n\n\n\n<ul class=\"wp-block-list\">\n<li>Grupo A: Vinos sin madera<\/li>\n\n\n\n<li>Grupo B: Vinos con madera<\/li>\n<\/ul>\n\n\n\n<p>Categor\u00eda II: \u201cMezcla Base Carmen\u00e8re\u201d, vinos con m\u00e1s de 50% y menos de 85% de Carmen\u00e8re<\/p>\n\n\n\n<ul class=\"wp-block-list\">\n<li>Grupo A: Vinos sin madera<\/li>\n\n\n\n<li>Grupo B: Vinos con madera<\/li>\n<\/ul>\n\n\n\n<p>Categor\u00eda III: \u201cMezcla con Carmen\u00e8re\u201d, vinos con m\u00e1s de 15% y menos de 50% de Carmen\u00e8re<\/p>\n\n\n\n<ul class=\"wp-block-list\">\n<li>Grupo A: Vinos sin madera<\/li>\n\n\n\n<li>Grupo B: Vinos con madera<\/li>\n<\/ul>\n\n\n\n<div style=\"height:15px\" aria-hidden=\"true\" class=\"wp-block-spacer\"><\/div>\n\n\n\n<p class=\"has-background\" style=\"background-color:#abb7c261\"><strong>Reglamento: <a href=\"https:\/\/drive.google.com\/file\/d\/1RmqmizwaQyFIDuJtLqOoAnvuopOZqXS5\/view\" title=\"\">AQU\u00cd<\/a><\/strong><\/p>\n\n\n\n<div style=\"height:30px\" aria-hidden=\"true\" class=\"wp-block-spacer\"><\/div>\n\n\n\n<p class=\"has-white-background-color has-background\"><a href=\"https:\/\/carmenerealmundo.cl\/wp-content\/uploads\/2022\/06\/mcd6806.jpg\"><\/a><\/p>\n","protected":false},"excerpt":{"rendered":"<p>Desde hace 18 a\u00f1os, la Asociaci\u00f3n Nacional de Ingenieros Agr\u00f3nomos En\u00f3logos de Chile (Aniae) organiza&hellip;<\/p>\n","protected":false},"author":3,"featured_media":117352,"comment_status":"open","ping_status":"open","sticky":false,"template":"","format":"standard","meta":{"footnotes":""},"categories":[10],"tags":[],"class_list":["post-117309","post","type-post","status-publish","format-standard","has-post-thumbnail","hentry","category-ferias"],"_links":{"self":[{"href":"https:\/\/enolife.com.ar\/es\/wp-json\/wp\/v2\/posts\/117309","targetHints":{"allow":["GET"]}}],"collection":[{"href":"https:\/\/enolife.com.ar\/es\/wp-json\/wp\/v2\/posts"}],"about":[{"href":"https:\/\/enolife.com.ar\/es\/wp-json\/wp\/v2\/types\/post"}],"author":[{"embeddable":true,"href":"https:\/\/enolife.com.ar\/es\/wp-json\/wp\/v2\/users\/3"}],"replies":[{"embeddable":true,"href":"https:\/\/enolife.com.ar\/es\/wp-json\/wp\/v2\/comments?post=117309"}],"version-history":[{"count":0,"href":"https:\/\/enolife.com.ar\/es\/wp-json\/wp\/v2\/posts\/117309\/revisions"}],"wp:featuredmedia":[{"embeddable":true,"href":"https:\/\/enolife.com.ar\/es\/wp-json\/wp\/v2\/media\/117352"}],"wp:attachment":[{"href":"https:\/\/enolife.com.ar\/es\/wp-json\/wp\/v2\/media?parent=117309"}],"wp:term":[{"taxonomy":"category","embeddable":true,"href":"https:\/\/enolife.com.ar\/es\/wp-json\/wp\/v2\/categories?post=117309"},{"taxonomy":"post_tag","embeddable":true,"href":"https:\/\/enolife.com.ar\/es\/wp-json\/wp\/v2\/tags?post=117309"}],"curies":[{"name":"wp","href":"https:\/\/api.w.org\/{rel}","templated":true}]}}