{"id":117161,"date":"2024-06-09T15:28:11","date_gmt":"2024-06-09T15:28:11","guid":{"rendered":"https:\/\/enolife.com.ar\/es\/?p=117161"},"modified":"2024-06-10T19:58:17","modified_gmt":"2024-06-10T19:58:17","slug":"se-viene-la-pena-de-agrarias-para-colaborar-con-los-egresados-en-su-viaje-de-estudio-por-argentina","status":"publish","type":"post","link":"https:\/\/enolife.com.ar\/es\/se-viene-la-pena-de-agrarias-para-colaborar-con-los-egresados-en-su-viaje-de-estudio-por-argentina\/","title":{"rendered":"Se viene la Pe\u00f1a de Agrarias, para colaborar con los egresados en su viaje de estudio por Argentina"},"content":{"rendered":"\n<h4 class=\"wp-block-heading\"><em><strong>Ser\u00e1 el s\u00e1bado 15 de junio, de 12.30 a 18 hs, en los jardines de la Facultad de Ciencias Agrarias (FCA) de la Universidad Nacional de Cuyo (UNCuyo), ubicada en Almirante Brown 52, Luj\u00e1n de Cuyo, Mendoza. Habr\u00e1 n\u00fameros art\u00edsticos, bailes folcl\u00f3ricos, comidas t\u00edpicas y sorteos. El objetivo es recaudar fondos para ayudar a los estudiantes que realizar\u00e1n su viaje de estudio como finalizaci\u00f3n de su carrera. La entrada tendr\u00e1 un valor de $10.000. Aqu\u00ed los detalles.<\/strong><\/em><\/h4>\n\n\n\n<div style=\"height:35px\" aria-hidden=\"true\" class=\"wp-block-spacer\"><\/div>\n\n\n\n\n\n<div style=\"height:45px\" aria-hidden=\"true\" class=\"wp-block-spacer\"><\/div>\n\n\n\n<p>Los estudiantes del \u00faltimo a\u00f1o de las carreras de&nbsp;<strong>Ingenier\u00eda Agron\u00f3mic<\/strong>a e <strong>Ingenier\u00eda en Recursos Naturales Renovables<\/strong> de la <strong>Facultad de Ciencias Agrarias<\/strong> de la <strong>Universidad Nacional de Cuyo<\/strong>, junto a la Secretar\u00eda de Asuntos Estudiantiles y Bienestar de la Comunidad&nbsp;y el \u00c1rea de Egresados de la instituci\u00f3n, han organizado la ya cl\u00e1sica&nbsp;<strong>Pe\u00f1a del Egresado,&nbsp;<\/strong>que en este 2024, como todos los a\u00f1os, se celebra&nbsp;en los parques de la Facultad. Ser\u00e1&nbsp;el&nbsp;<strong>s\u00e1bado 15&nbsp;de junio, de&nbsp;12.30 a 18&nbsp;hs.<\/strong><\/p>\n\n\n\n<p>La propuesta busca acercar a la comunidad educativa, docentes y familias, compartir m\u00fasica&nbsp;y bailes populares folcl\u00f3ricos nacionales, disfrutar&nbsp;comidas t\u00edpicas y fortaler las&nbsp;costumbres e identidad mendocinas y argentinas.<\/p>\n\n\n\n<p>La actividad se realiza con el objetivo de recaudar fondos para los estudiantes del \u00faltimo a\u00f1o de las carreras de Ingenier\u00eda, que realizar\u00e1n su viaje de estudios el pr\u00f3ximo mes de agosto, en el que recorrer\u00e1n el noreste de la Argentina. El plan tambi\u00e9n es conocer los cultivos, r\u00edos, empresas alimenticias, parques nacionales, represas y distintos emprendimientos regionales, lo que completar\u00e1 su formaci\u00f3n acad\u00e9mica.<\/p>\n\n\n\n<div style=\"height:30px\" aria-hidden=\"true\" class=\"wp-block-spacer\"><\/div>\n\n\n<div class=\"wp-block-image\">\n<figure class=\"aligncenter size-full\"><a href=\"https:\/\/enolife.com.ar\/es\/wp-content\/uploads\/2024\/06\/Imagen1-3.jpg\" data-rel=\"penci-gallery-image-content\" ><img loading=\"lazy\" decoding=\"async\" width=\"521\" height=\"339\" src=\"https:\/\/enolife.com.ar\/es\/wp-content\/uploads\/2024\/06\/Imagen1-3.jpg\" alt=\"\" class=\"wp-image-117163\" srcset=\"https:\/\/enolife.com.ar\/es\/wp-content\/uploads\/2024\/06\/Imagen1-3.jpg 521w, https:\/\/enolife.com.ar\/es\/wp-content\/uploads\/2024\/06\/Imagen1-3-300x195.jpg 300w\" sizes=\"auto, (max-width: 521px) 100vw, 521px\" \/><\/a><\/figure><\/div>\n\n\n<div style=\"height:30px\" aria-hidden=\"true\" class=\"wp-block-spacer\"><\/div>\n\n\n\n<p>Los estudiantes elaborar\u00e1n&nbsp;<strong>focaccia, locr<\/strong>o (tradicional, vegetariano, cel\u00edaco) y un postre t\u00edpico argentino, el <strong>\u00abVigilante\u00bb<\/strong>. Todo<em><strong>&nbsp;<\/strong><\/em>se acompa\u00f1ar\u00e1 con <strong>vino&nbsp;\u00abPregunt\u00f3n\u00bb<\/strong>, agua con y sin gas, y gaseosas. Quienes requieran&nbsp;la opci\u00f3n de locro cel\u00edaco, se solicita que informen&nbsp;cuando compren la entrada, para poder anotarlos&nbsp;e identificarlos.<\/p>\n\n\n\n<p>La entrada tendr\u00e1 un valor de&nbsp;<strong>$10.000<\/strong>&nbsp;si el pago se realiza en efectivo en el Sector Ventas. Para quienes requieran adquirlas por transferencia,&nbsp;podr\u00e1n abonarse con el&nbsp;<strong>Alias:&nbsp;fcauncuyopesos<\/strong>, a un costo de&nbsp;<strong>$11.000<\/strong>, enviando el comprobante de pago, al correo electr\u00f3nico de Egresados de la FCA:<strong>&nbsp;<a href=\"mailto:egresados@fca.uncu.edu.ar\">egresados@fca.uncu.edu.ar<\/a><\/strong>, indicando nombre de la persona, cantidad de tarjetas y tipo de locro&nbsp;(tradicional, vegetariano o cel\u00edaco). Una vez que se&nbsp;confirme el pago, podr\u00e1n retirar los precintos en la&nbsp;Secretar\u00eda de Asuntos Estudiantiles y Bienestar de la Comunidad,&nbsp;de lunes a viernes de 9&nbsp;a 14&nbsp;horas.<\/p>\n\n\n\n<p>Adem\u00e1s, los estudiantes&nbsp;vender\u00e1n&nbsp;empanadas&nbsp;reci\u00e9n horneadas, durante la previa de la Pe\u00f1a.&nbsp;Podr\u00e1n participar&nbsp;Egresados, Docentes, Personal de Apoyo Acad\u00e9mico, Estudiantes,&nbsp;familiares y amigos&nbsp;de todos los estudiantes de la Facultad de Ciencias Agrarias.&nbsp;<\/p>\n\n\n\n<p>Durante la pe\u00f1a se presentar\u00e1 el tr\u00edo&nbsp;<strong>Sal\u00fa Compadre<\/strong>, int\u00e9rpretes de m\u00fasica cuyana, liderado por <strong>Marcos S\u00e1nchez<\/strong> (voz), <strong>Manuel Leguiza<\/strong> (primera guitarra) y <strong>Carlos Cabrillana<\/strong> (coros y piano).&nbsp;Este conjunto folkl\u00f3rico mendocino tiene un repertorio de cuecas, chacareras, tonadas y gatos.<\/p>\n\n\n\n<p>Tambi\u00e9n actuar\u00e1&nbsp;<strong>Fernando \u201cDeto\u201d Puliafito, <\/strong>cantautor estudiante&nbsp;de la Facultad de Ciencias Agrarias,&nbsp;quien form\u00f3 parte del grupo folkl\u00f3rico <strong>Los Cordilleranos<\/strong> y ofrecer\u00e1 su cancionero cuyano, para entrar en calor con buenas zambas, tonadas y otras coplas cuyanas.<\/p>\n\n\n\n<p>Por su parte, <strong>La Contreras<\/strong>,&nbsp;actual banda de la cantante <strong>Mariela Contreras<\/strong>, fundadora del grupo <strong>Simpecao<\/strong>, se sumar\u00e1 durante la tarde para dar un toque distinto a la pe\u00f1a, con m\u00fasica flamenca y la fusi\u00f3n de otros estilos latinos y cuyanos,&nbsp;propios de la \u00abonda\u00bb de la int\u00e9rprete mendocina. <\/p>\n\n\n\n<p>Adem\u00e1s, habr\u00e1 sorteos con distintos premios, a cargo de los estudiantes que organizar\u00e1n la Pe\u00f1a.<\/p>\n\n\n\n<p>Para la tarde, se aconseja a los asistentes que&nbsp;vengan con&nbsp;sus&nbsp;equipos de mate, para disfrutar de las&nbsp;sopaipillas&nbsp;que los organizadores elaborar\u00e1n durante la jornada.&nbsp;<\/p>\n\n\n\n<p>La Facultad invita especialmente a las promociones de a\u00f1os anteriores, que acompa\u00f1en&nbsp;esta iniciativa, porque como Egresados conocen&nbsp;la importancia de la realizaci\u00f3n del&nbsp;viaje de estudio que tantos recuerdos deja en los que tuvieron la posibilidad de hacerlo.&nbsp;<\/p>\n\n\n\n<p>Ser\u00e1n reconocidos los <strong>Egresados de la Promoci\u00f3n 1999<\/strong>, quienes cumplen 25 a\u00f1os como Egresados de la Facultad de Ciencias Agrarias, a quienes se espera reencontrar en la fiesta.<\/p>\n\n\n\n<div style=\"height:30px\" aria-hidden=\"true\" class=\"wp-block-spacer\"><\/div>\n","protected":false},"excerpt":{"rendered":"<p>Ser\u00e1 el s\u00e1bado 15 de junio, de 12.30 a 18 hs, en los jardines de&hellip;<\/p>\n","protected":false},"author":3,"featured_media":117168,"comment_status":"open","ping_status":"open","sticky":false,"template":"","format":"standard","meta":{"footnotes":""},"categories":[47],"tags":[],"class_list":["post-117161","post","type-post","status-publish","format-standard","has-post-thumbnail","hentry","category-agenda"],"_links":{"self":[{"href":"https:\/\/enolife.com.ar\/es\/wp-json\/wp\/v2\/posts\/117161","targetHints":{"allow":["GET"]}}],"collection":[{"href":"https:\/\/enolife.com.ar\/es\/wp-json\/wp\/v2\/posts"}],"about":[{"href":"https:\/\/enolife.com.ar\/es\/wp-json\/wp\/v2\/types\/post"}],"author":[{"embeddable":true,"href":"https:\/\/enolife.com.ar\/es\/wp-json\/wp\/v2\/users\/3"}],"replies":[{"embeddable":true,"href":"https:\/\/enolife.com.ar\/es\/wp-json\/wp\/v2\/comments?post=117161"}],"version-history":[{"count":0,"href":"https:\/\/enolife.com.ar\/es\/wp-json\/wp\/v2\/posts\/117161\/revisions"}],"wp:featuredmedia":[{"embeddable":true,"href":"https:\/\/enolife.com.ar\/es\/wp-json\/wp\/v2\/media\/117168"}],"wp:attachment":[{"href":"https:\/\/enolife.com.ar\/es\/wp-json\/wp\/v2\/media?parent=117161"}],"wp:term":[{"taxonomy":"category","embeddable":true,"href":"https:\/\/enolife.com.ar\/es\/wp-json\/wp\/v2\/categories?post=117161"},{"taxonomy":"post_tag","embeddable":true,"href":"https:\/\/enolife.com.ar\/es\/wp-json\/wp\/v2\/tags?post=117161"}],"curies":[{"name":"wp","href":"https:\/\/api.w.org\/{rel}","templated":true}]}}