{"id":11716,"date":"2020-04-28T20:25:11","date_gmt":"2020-04-28T20:25:11","guid":{"rendered":"http:\/\/enolife.com.ar\/es\/?p=11716"},"modified":"2020-05-04T03:36:32","modified_gmt":"2020-05-04T03:36:32","slug":"para-reactivar-la-economia-post-covid-19-cooperativas-del-vino-piden-integracion-y-acceso-al-credito","status":"publish","type":"post","link":"https:\/\/enolife.com.ar\/es\/para-reactivar-la-economia-post-covid-19-cooperativas-del-vino-piden-integracion-y-acceso-al-credito\/","title":{"rendered":"Para reactivar la econom\u00eda post covid-19, cooperativas del vino piden integraci\u00f3n y acceso al cr\u00e9dito"},"content":{"rendered":"\n<h4 class=\"wp-block-heading\"><em><strong>Tras conocerse la convocatoria del gobernador de Mendoza, Rodolfo Su\u00e1rez, a un Consejo Econ\u00f3mico, Social y Ambiental&nbsp;que tendr\u00e1 el objetivo de recuperar la actividad econ\u00f3mica cuando se termine el aislamiento, la Asociaci\u00f3n de Cooperativas Vitivin\u00edcolas de Argentina (Acovi) ofreci\u00f3 colaboraci\u00f3n y, a la vez, solicit\u00f3 financiamiento m\u00e1s accesible y la creaci\u00f3n de una comisi\u00f3n de asuntos agr\u00edcolas en la Legislatura provincial.<\/strong><\/em><\/h4>\n\n\n\n<div style=\"height:20px\" aria-hidden=\"true\" class=\"wp-block-spacer\"><\/div>\n\n\n\n<p>La semana pasada, el gobernador&nbsp;<strong>Rodolfo Su\u00e1rez<\/strong>&nbsp;anunci\u00f3 su plan de convocar a un&nbsp;<strong>Consejo Econ\u00f3mico, Social y Ambiental<\/strong>&nbsp;que dise\u00f1e un plan para la reactivaci\u00f3n de la econom\u00eda a partir de la salida del aislamiento provocado por la pandemia. La idea del Poder Ejecutivo es sumar propuestas para paliar la crisis, para lo cual se propone sumar a sindicatos, empresarios, dirigentes sociales, religiosos, cooperativas, asociaciones civiles, etc\u00e9tera.<\/p>\n\n\n\n<p>Tras la convocatoria, la <strong>Asociaci\u00f3n de Cooperativas Vitivin\u00edcolas de Argentina (Acovi)<\/strong> emiti\u00f3 un comunicado para manifestar \u00abapoyo a la iniciativa del gobernador de Mendoza\u00bb y \u00abgesti\u00f3n en el sector cooperativo del vino para colaborar\u00bb en ese Consejo Econ\u00f3mico, Social y Ambiental.<\/p>\n\n\n\n<p>Bajo el t\u00edtulo \u00ab<strong>Propuestas y pedidos<\/strong>\u00ab, la comunicaci\u00f3n p\u00fablica de Acovi dice, textualmente, lo siguiente (el texto destacado es de Acovi):<\/p>\n\n\n\n<p>\u00ab<em>La Asociaci\u00f3n de Cooperativas Vitivin\u00edcolas argentinas, junto a sus 32 cooperativas&nbsp;y 5 mil productores asociados&nbsp;le env\u00eda al Sr Gobernador&nbsp;su apoyo y deseo de sumarse a <strong>participar y colaborar<\/strong> con propuestas en el<strong> Consejo Econ\u00f3mico, Social y Ambiental<\/strong> que nos permitan salir de esta Crisis y rencauzar nuevamente a nuestra provincia hacia un futuro de crecimiento sostenible.<\/em><\/p>\n\n\n\n<p>\u00ab<em>Desde ACOVI entendemos que la \u00fanica forma que nos permitir\u00e1 salir frente a esta situaci\u00f3n de peligro para la salud y crisis econ\u00f3mica, ser\u00e1 a trav\u00e9s de un <strong>trabajo colaborativo, de ayuda mutua y solidaria <\/strong>entre todos, dejando de lado los ego\u00edsmos y poniendo a la persona y las familias en el centro junto con el acompa\u00f1amiento de pol\u00edticas generadoras de <strong>valor agregado y desarrollo local<\/strong><\/em>.<\/p>\n\n\n\n<p>\u00ab<em>Para ello se necesita un Estado presente pero no omnipotente. Generando y garantizando herramientas que fortalezcan a las organizaciones intermedias de la sociedad civil<\/em>.<\/p>\n\n\n\n<div style=\"height:20px\" aria-hidden=\"true\" class=\"wp-block-spacer\"><\/div>\n\n\n\n<div class=\"wp-block-image\"><figure class=\"aligncenter is-resized\"><img loading=\"lazy\" decoding=\"async\" src=\"http:\/\/www.acovi.com.ar\/principal\/wp-content\/uploads\/2019\/02\/DSCN7445-2.jpg\" alt=\"\" width=\"653\" height=\"411\"\/><figcaption><em>Una reuni\u00f3n de dirigentes de Acovi, encabezada por su subgerente, Nicol\u00e1s Vicchi<\/em>.<\/figcaption><\/figure><\/div>\n\n\n\n<div style=\"height:20px\" aria-hidden=\"true\" class=\"wp-block-spacer\"><\/div>\n\n\n\n<p>\u00ab<strong><em>Por lo que proponemos medidas para salir de la crisis y<\/em>:<\/strong><\/p>\n\n\n\n<ul class=\"wp-block-list\"><li>\u00ab<em>Que el Consejo Econ\u00f3mico Social y Ambiental no se limite s\u00f3lo a buscar herramientas para salir de la crisis, sino que sea un \u00e1mbito de <strong>trabajo articulado permanente<\/strong> constituy\u00e9ndose en una herramienta de <strong>Gobierno Abierto<\/strong><\/em><strong>. <\/strong><br><\/li><li><em>Que dicho Consejo tenga como fin ser un <strong>\u00e1mbito de participaci\u00f3n para la elaboraci\u00f3n de pol\u00edticas p\u00fablicas <\/strong>con una modalidad de gesti\u00f3n p\u00fablica m\u00e1s <strong>transparente, participativa y colaborativa<\/strong> entre estado y sociedad civil en b\u00fasqueda del Bien Com\u00fan<\/em>.<br><\/li><li><em>La situaci\u00f3n que atravesamos como pa\u00eds normalmente genera la aplicaci\u00f3n de pol\u00edticas urgentes, con poco conocimiento y en forma inconsulta. Es por ello que el <strong>funcionamiento estable y permanente<\/strong> del Consejo permitir\u00e1 el desarrollo de <strong>pol\u00edticas de estado<\/strong> que trasciendan los gobiernos otorg\u00e1ndoles a la sociedad civil el rol de \u201cguardi\u00e1n\u201d de esos acuerdos<\/em>. <br><\/li><li><em>Debe estar <strong>representado por todos los sectores productivos<\/strong> que hacen el crecimiento y sostenimiento econ\u00f3mico, social, educativo, acad\u00e9mico y cultural<\/em>.<\/li><\/ul>\n\n\n\n<ul class=\"wp-block-list\"><li><em><strong>Financiamiento<\/strong><\/em>:<ul><li><em>Potenciar las herramientas financieras provinciales enfocadas espec\u00edficamente en la generaci\u00f3n de valor y desarrollo productivo integrado<\/em>.<\/li><li><em>Adecuar las exigencias de garant\u00edas financieras a la realidad actual disminuyendo la burocracia administrativa que muchas veces impide acceder<\/em>.<\/li><li><em>Generar Fondos de afectaci\u00f3n espec\u00edfica para la aplicaci\u00f3n de pol\u00edticas p\u00fablicas estrat\u00e9gicas como por ejemplo el tema h\u00eddrico<\/em>.<br><\/li><\/ul><\/li><li><em><strong>Integraci\u00f3n<\/strong><\/em>:<ul><li><em>Promover legislaci\u00f3n que fomente la integraci\u00f3n de la cadena agroindustrial en su sinton\u00eda con la adecuaci\u00f3n de los mercados internos e internacionales<\/em>.<\/li><li><em>Entender al sistema agroalimentario como un todo integral y generador de desarrollo local fortaleciendo la matriz productiva existente<\/em>.<\/li><\/ul><\/li><\/ul>\n\n\n\n<ul class=\"wp-block-list\"><li>\u00ab<em>Regionalizar los espacios de articulaci\u00f3n p\u00fablica-privada mediante la incorporaci\u00f3n de los municipios, organizaciones de la sociedad civil, c\u00e1maras, entidades, organismos financieros, educativos, etc. Con el fin de generar herramientas acordes a la identidad y realidad de cada regi\u00f3n<\/em>.<br><\/li><li><em>Implementar medidas e inversiones acordes a la realidad fiscal de provincia para hace frente a la emergencia h\u00eddrica que ya gener\u00f3 efectos econ\u00f3micos negativos en la producci\u00f3n<\/em>.<br><\/li><li><em>Creaci\u00f3n de comisi\u00f3n de asuntos agr\u00edcolas en las c\u00e1maras de diputados y senadores<\/em>.<br><\/li><li><em>Esta situaci\u00f3n de aislamiento ha demostrado que muchas actividades estatales pueden desarrollarse de forma virtual para lo cual es imperiosa la necesidad de eficientizar el gasto p\u00fablico mediante la incorporaci\u00f3n de nuevas formas de gesti\u00f3n<\/em>.<br><\/li><li><em>Establecer mecanismos de evaluaci\u00f3n de impactos de los resultados de las pol\u00edticas p\u00fablicas con el fin de poder facilitar las readecuaciones de aquellas en base a la evidencia. Y que tambi\u00e9n sirvan si son casos exitosos para replicar en otros asuntos<\/em>.\u00bb<\/li><\/ul>\n\n\n\n<p class=\"has-small-font-size\"><strong><em>Fuente: Acovi<\/em><\/strong><\/p>\n\n\n\n<div style=\"height:100px\" aria-hidden=\"true\" class=\"wp-block-spacer\"><\/div>\n","protected":false},"excerpt":{"rendered":"<p>Tras conocerse la convocatoria del gobernador de Mendoza, Rodolfo Su\u00e1rez, a un Consejo Econ\u00f3mico, Social&hellip;<\/p>\n","protected":false},"author":3,"featured_media":11775,"comment_status":"open","ping_status":"open","sticky":false,"template":"","format":"standard","meta":{"footnotes":""},"categories":[14],"tags":[],"class_list":["post-11716","post","type-post","status-publish","format-standard","has-post-thumbnail","hentry","category-news"],"_links":{"self":[{"href":"https:\/\/enolife.com.ar\/es\/wp-json\/wp\/v2\/posts\/11716","targetHints":{"allow":["GET"]}}],"collection":[{"href":"https:\/\/enolife.com.ar\/es\/wp-json\/wp\/v2\/posts"}],"about":[{"href":"https:\/\/enolife.com.ar\/es\/wp-json\/wp\/v2\/types\/post"}],"author":[{"embeddable":true,"href":"https:\/\/enolife.com.ar\/es\/wp-json\/wp\/v2\/users\/3"}],"replies":[{"embeddable":true,"href":"https:\/\/enolife.com.ar\/es\/wp-json\/wp\/v2\/comments?post=11716"}],"version-history":[{"count":0,"href":"https:\/\/enolife.com.ar\/es\/wp-json\/wp\/v2\/posts\/11716\/revisions"}],"wp:featuredmedia":[{"embeddable":true,"href":"https:\/\/enolife.com.ar\/es\/wp-json\/wp\/v2\/media\/11775"}],"wp:attachment":[{"href":"https:\/\/enolife.com.ar\/es\/wp-json\/wp\/v2\/media?parent=11716"}],"wp:term":[{"taxonomy":"category","embeddable":true,"href":"https:\/\/enolife.com.ar\/es\/wp-json\/wp\/v2\/categories?post=11716"},{"taxonomy":"post_tag","embeddable":true,"href":"https:\/\/enolife.com.ar\/es\/wp-json\/wp\/v2\/tags?post=11716"}],"curies":[{"name":"wp","href":"https:\/\/api.w.org\/{rel}","templated":true}]}}