{"id":117034,"date":"2024-06-09T15:02:41","date_gmt":"2024-06-09T15:02:41","guid":{"rendered":"https:\/\/enolife.com.ar\/es\/?p=117034"},"modified":"2024-06-12T01:08:07","modified_gmt":"2024-06-12T01:08:07","slug":"para-el-podador-de-vid-y-la-cosecha-del-olivo-la-tranquera-lanza-ropa-de-trabajo-y-abrigo-reforzada","status":"publish","type":"post","link":"https:\/\/enolife.com.ar\/es\/para-el-podador-de-vid-y-la-cosecha-del-olivo-la-tranquera-lanza-ropa-de-trabajo-y-abrigo-reforzada\/","title":{"rendered":"Para el podador de vid y la cosecha del olivo, La Tranquera lanza ropa de trabajo y abrigo reforzada"},"content":{"rendered":"\n<h4 class=\"wp-block-heading\"><em><strong>La tradicional casa de ropa y art\u00edculos de campo y trabajo, que desde hace 30 a\u00f1os provee indumentaria a empresas agroindustriales, bodegas, almazaras y otras industrias, lanz\u00f3 una nueva colecci\u00f3n de prendas dise\u00f1adas para enfrentar las duras exigencias del trabajo de poda y cosecha de aceitunas, en pr\u00e1ctica en estos meses. Desde su local en Alberdi y Saavedra de Guaymall\u00e9n, Mendoza, La Tranquera distribuye sus productos de elaboraci\u00f3n propia y marcas nacionales e internacionales para toda la regi\u00f3n Cuyo. Integrante de la cadena argentina de 35 sucursales de La Tranquera, cuenta con talleres propios y servicios pos venta, garantizados por la familia propietaria, con Federico Von Jastrzembski y sus hermanos al frente.<\/strong><\/em><\/h4>\n\n\n\n<div style=\"height:35px\" aria-hidden=\"true\" class=\"wp-block-spacer\"><\/div>\n\n\n\n\n\n<div style=\"height:45px\" aria-hidden=\"true\" class=\"wp-block-spacer\"><\/div>\n\n\n\n<p><strong>La Tranquera<\/strong> es una empresa y marca tradicional de <strong>Argentina<\/strong>, nacida hace 50 a\u00f1os en <strong>General Alvear<\/strong>, provincia de <strong>Buenos Aires<\/strong>, y establecida <strong>en Mendoza desde 1995<\/strong>, con su local hoy ubicado en Alberdi y Saavedra de Guaymall\u00e9n, Mendoza, fabricaci\u00f3n propia y distribuci\u00f3n de indumentaria de campo y trabajo hacia todo Cuyo. Con<strong> 35 locales en todo el pa\u00eds<\/strong>, abastece de ropa, calzado y accesorios para el trabajador a grandes empresas vitivin\u00edcolas, del campo argentino y tambi\u00e9n de otras industrias como la metalmec\u00e1nica y la construcci\u00f3n.<\/p>\n\n\n\n<p>Fiel a su misi\u00f3n de servicio al mundo del trabajo, brindando comodidad y seguridad al operario en el campo pero tambi\u00e9n al personal de oficina, limpieza, protocolo, turismo y otras \u00e1reas, <strong>La Tranquera lanz\u00f3 recientemente una completa l\u00ednea de ropa dise\u00f1ada para los trabajadores <\/strong>que por esta \u00e9poca realizan la <strong>poda<\/strong> en las vi\u00f1as mendocinas, la <strong>cosecha de aceitunas y la posterior elaboraci\u00f3n del aceite de oliva<\/strong> en las almazaras. <\/p>\n\n\n\n<p>Para esos exigentes trabajos, se necesitan prendas, calzados, sombreros y accesorios c\u00f3modos y resistentes a la intemperie, el sol y el fr\u00edo de esta \u00e9poca del a\u00f1o, indumentaria que La Tranquera fabrica en sus propios talleres, empleando mano de obra local y con m\u00e1quinas textiles de avanzada tecnolog\u00eda, con lo que logra reducir costos y ofrecer precios accesibles.<\/p>\n\n\n\n<div style=\"height:27px\" aria-hidden=\"true\" class=\"wp-block-spacer\"><\/div>\n\n\n<div class=\"wp-block-image\">\n<figure class=\"aligncenter size-full is-resized\"><a href=\"https:\/\/enolife.com.ar\/es\/wp-content\/uploads\/2024\/06\/ellos-1-768x480-1.jpg\" data-rel=\"penci-gallery-image-content\" ><img loading=\"lazy\" decoding=\"async\" src=\"https:\/\/enolife.com.ar\/es\/wp-content\/uploads\/2024\/06\/ellos-1-768x480-1.jpg\" alt=\"\" class=\"wp-image-117121\" width=\"672\" height=\"420\" srcset=\"https:\/\/enolife.com.ar\/es\/wp-content\/uploads\/2024\/06\/ellos-1-768x480-1.jpg 768w, https:\/\/enolife.com.ar\/es\/wp-content\/uploads\/2024\/06\/ellos-1-768x480-1-300x188.jpg 300w, https:\/\/enolife.com.ar\/es\/wp-content\/uploads\/2024\/06\/ellos-1-768x480-1-585x366.jpg 585w\" sizes=\"auto, (max-width: 672px) 100vw, 672px\" \/><\/a><figcaption class=\"wp-element-caption\"><em><strong>Los hermanos Von Jastrzembski conducen La Tranquera en Mendoza. Aqu\u00ed, en su tradicional local de Alberdi y Saavedra de Guaymall\u00e9n: Ana, Federico, Gast\u00f3n y Vladimir, una familia dedicada a proveer de indumentaria c\u00f3moda y resistente a los trabajadores y gente de campo desde hace 30 a\u00f1os.&nbsp;<\/strong><\/em><\/figcaption><\/figure><\/div>\n\n\n<div style=\"height:20px\" aria-hidden=\"true\" class=\"wp-block-spacer\"><\/div>\n\n\n\n<p>Sobre la nueva colecci\u00f3n de <strong>prendas reforzadas<\/strong>, ideales para el trabajo de <strong>poda de la vid<\/strong> a la intemperie durante largas jornadas, al igual que para la exigente <strong>cosecha de aceitunas<\/strong>, tarea en la que el trabajador necesita moverse con comodidad y protegerse del sol y las bajas temperaturas, <strong>Federico Von Jastrzembski<\/strong> comenta: <em>\u00abNosotros nos especializamos en ropa de trabajo, tenemos talleres propios en donde confeccionamos a conciencia porque conocemos perfectamente las necesidades del trabajador local y c\u00f3mo enfrentar con comodidad al clima mendocino&#8230; Por ejemplo, para un pantal\u00f3n cargo utilizamos varios tipos de m\u00e1quinas de coser, no se hace s\u00f3lo con una recta sino con las m\u00e1quinas industriales necesarias para confeccionar, para que queden bien, fuerte, con los insumos necesarios, con telas con el proceso <strong>Indanthren (o anti-cloro)<\/strong>, que&nbsp;es un tratamiento realizado sobre una tela o tejido para aumentar la resistencia y durabilidad del color\u00bb.<\/em><\/p>\n\n\n\n<div style=\"height:21px\" aria-hidden=\"true\" class=\"wp-block-spacer\"><\/div>\n\n\n\n<blockquote class=\"wp-block-quote is-layout-flow wp-block-quote-is-layout-flow\">\n<p>En este tipo de ropa de trabajo, as\u00ed como en la ropa de jean, utilizamos el sanforizado, que&nbsp;es un tratamiento industrial que se realiza al algod\u00f3n para evitar que la prenda se encoja luego en los sucesivos lavados. Es un encogimiento controlado compresivo en el tejido, con lo que se logra la m\u00e1xima estabilidad en la dimensi\u00f3n de la prenda, se hace aplicando tanto fuerzas mec\u00e1nicas como vapor de agua\u00bb.<\/p>\n<cite>Federico Von Jastrzembski, propietario junto a su familia de La Tranquera<\/cite><\/blockquote>\n\n\n\n<div style=\"height:30px\" aria-hidden=\"true\" class=\"wp-block-spacer\"><\/div>\n\n\n\n<figure class=\"wp-block-gallery has-nested-images columns-default is-cropped wp-block-gallery-1 is-layout-flex wp-block-gallery-is-layout-flex\">\n<figure class=\"wp-block-image size-full\"><a href=\"https:\/\/enolife.com.ar\/es\/wp-content\/uploads\/2024\/06\/Imagen2-1.jpg\" data-rel=\"penci-gallery-image-content\" ><img loading=\"lazy\" decoding=\"async\" width=\"561\" height=\"713\" data-id=\"117104\" src=\"https:\/\/enolife.com.ar\/es\/wp-content\/uploads\/2024\/06\/Imagen2-1.jpg\" alt=\"\" class=\"wp-image-117104\" srcset=\"https:\/\/enolife.com.ar\/es\/wp-content\/uploads\/2024\/06\/Imagen2-1.jpg 561w, https:\/\/enolife.com.ar\/es\/wp-content\/uploads\/2024\/06\/Imagen2-1-236x300.jpg 236w\" sizes=\"auto, (max-width: 561px) 100vw, 561px\" \/><\/a><\/figure>\n\n\n\n<figure class=\"wp-block-image size-full\"><a href=\"https:\/\/enolife.com.ar\/es\/wp-content\/uploads\/2024\/06\/Imagen3-1.jpg\" data-rel=\"penci-gallery-image-content\" ><img loading=\"lazy\" decoding=\"async\" width=\"561\" height=\"713\" data-id=\"117105\" src=\"https:\/\/enolife.com.ar\/es\/wp-content\/uploads\/2024\/06\/Imagen3-1.jpg\" alt=\"\" class=\"wp-image-117105\" srcset=\"https:\/\/enolife.com.ar\/es\/wp-content\/uploads\/2024\/06\/Imagen3-1.jpg 561w, https:\/\/enolife.com.ar\/es\/wp-content\/uploads\/2024\/06\/Imagen3-1-236x300.jpg 236w\" sizes=\"auto, (max-width: 561px) 100vw, 561px\" \/><\/a><\/figure>\n<\/figure>\n\n\n\n<div style=\"height:30px\" aria-hidden=\"true\" class=\"wp-block-spacer\"><\/div>\n\n\n\n<div style=\"height:30px\" aria-hidden=\"true\" class=\"wp-block-spacer\"><\/div>\n\n\n\n<p>Cabe mencionar que La Tranquera tiene <strong>venta minorista y mayorista<\/strong> en su local, y ofrece la posibilidad de hacer convenios con asociaciones empresarias con descuentos a la hora de vestir a sus trabajadores. Y que adem\u00e1s de fabricar en sus talleres, tambi\u00e9n tiene algunas representaciones de marcas prestigiosas, como por ejemplo las medias<strong> Sox<\/strong>, t\u00e9rmicas, que sirven como abrigo, para hacer deportes y para personas con diabetes. Tambi\u00e9n <strong>Eyelite<\/strong>, que tiene remeras primera piel, cammisetas de algod\u00f3n, calzoncillos largos para el fr\u00edo, ropa interior, etc., y con <strong>Vicario<\/strong>, que fabrica calzados de seguridad y botas de campo con cuero de alta calidad.<\/p>\n\n\n\n<div style=\"height:28px\" aria-hidden=\"true\" class=\"wp-block-spacer\"><\/div>\n\n\n<div class=\"wp-block-image\">\n<figure class=\"aligncenter size-full\"><a href=\"https:\/\/enolife.com.ar\/es\/wp-content\/uploads\/2024\/06\/image-6.png\" data-rel=\"penci-gallery-image-content\" ><img loading=\"lazy\" decoding=\"async\" width=\"577\" height=\"500\" src=\"https:\/\/enolife.com.ar\/es\/wp-content\/uploads\/2024\/06\/image-6.png\" alt=\"\" class=\"wp-image-117109\" srcset=\"https:\/\/enolife.com.ar\/es\/wp-content\/uploads\/2024\/06\/image-6.png 577w, https:\/\/enolife.com.ar\/es\/wp-content\/uploads\/2024\/06\/image-6-300x260.png 300w\" sizes=\"auto, (max-width: 577px) 100vw, 577px\" \/><\/a><\/figure><\/div>\n\n\n<div style=\"height:27px\" aria-hidden=\"true\" class=\"wp-block-spacer\"><\/div>\n\n\n\n<h4 class=\"wp-block-heading has-background\" style=\"background-color:#b0d9c9\">Entre las empresas que han confiado en La Tranquera para su ropa de trabajo pueden mencionarse las bodegas S\u00e9ptima, Do\u00f1a Paula, Flichmann, Atamisque, Flecha de los Andes, Viamonte, Richitelli Wines, La \u00cdride, Fabre Montmayou, Cruzat. Y en otros rubros, importantes marcas e instituciones del medio como Window Aberturas, Lineal Aberturas, Cimalco, Holcim, Edgardo P\u00e9rez Construcci\u00f3n en Seco, Obras Andinas, Pamar, Timsa Ingenier\u00eda &amp; Construcciones, Ocasan SA Comercio Internacional, Moya, Kalcu, Megamec\u00e1nica, La Espa\u00f1ola, Logmetal, El Retiro, Irrigaci\u00f3ny Tinto Labels.<\/h4>\n\n\n\n<div style=\"height:30px\" aria-hidden=\"true\" class=\"wp-block-spacer\"><\/div>\n\n\n<div class=\"wp-block-image\">\n<figure class=\"aligncenter size-full is-resized\"><a href=\"https:\/\/enolife.com.ar\/es\/wp-content\/uploads\/2024\/06\/image-8.png\" data-rel=\"penci-gallery-image-content\" ><img loading=\"lazy\" decoding=\"async\" src=\"https:\/\/enolife.com.ar\/es\/wp-content\/uploads\/2024\/06\/image-8.png\" alt=\"\" class=\"wp-image-117111\" width=\"582\" height=\"582\" srcset=\"https:\/\/enolife.com.ar\/es\/wp-content\/uploads\/2024\/06\/image-8.png 960w, https:\/\/enolife.com.ar\/es\/wp-content\/uploads\/2024\/06\/image-8-300x300.png 300w, https:\/\/enolife.com.ar\/es\/wp-content\/uploads\/2024\/06\/image-8-150x150.png 150w, https:\/\/enolife.com.ar\/es\/wp-content\/uploads\/2024\/06\/image-8-768x768.png 768w, https:\/\/enolife.com.ar\/es\/wp-content\/uploads\/2024\/06\/image-8-585x585.png 585w\" sizes=\"auto, (max-width: 582px) 100vw, 582px\" \/><\/a><\/figure><\/div>\n\n\n<div style=\"height:30px\" aria-hidden=\"true\" class=\"wp-block-spacer\"><\/div>\n\n\n\n<p>Agrega Federico: <em>\u00abSiempre apuntamos a ofrecer art\u00edculos que duren, porque sus usos son intensivos en las industrias o en el campo, y adem\u00e1s que sean funcionales. Desde hace diez a\u00f1os tambi\u00e9n confeccionamos uniformes para los chicos de colegios p\u00fablicos, de universidades y establecimientos privados, que optan por bombachas de campo como alternativa al uniforme\u00bb.<\/em><\/p>\n\n\n\n<div style=\"height:30px\" aria-hidden=\"true\" class=\"wp-block-spacer\"><\/div>\n\n\n\n<figure class=\"wp-block-gallery has-nested-images columns-default is-cropped wp-block-gallery-2 is-layout-flex wp-block-gallery-is-layout-flex\">\n<figure class=\"wp-block-image size-full\"><a href=\"https:\/\/enolife.com.ar\/es\/wp-content\/uploads\/2024\/06\/la-tranquera-2.jpg\" data-rel=\"penci-gallery-image-content\" ><img loading=\"lazy\" decoding=\"async\" width=\"332\" height=\"364\" data-id=\"117115\" src=\"https:\/\/enolife.com.ar\/es\/wp-content\/uploads\/2024\/06\/la-tranquera-2.jpg\" alt=\"\" class=\"wp-image-117115\" srcset=\"https:\/\/enolife.com.ar\/es\/wp-content\/uploads\/2024\/06\/la-tranquera-2.jpg 332w, https:\/\/enolife.com.ar\/es\/wp-content\/uploads\/2024\/06\/la-tranquera-2-274x300.jpg 274w\" sizes=\"auto, (max-width: 332px) 100vw, 332px\" \/><\/a><\/figure>\n\n\n\n<figure class=\"wp-block-image size-full\"><a href=\"https:\/\/enolife.com.ar\/es\/wp-content\/uploads\/2024\/06\/Imagen6-1.jpg\" data-rel=\"penci-gallery-image-content\" ><img loading=\"lazy\" decoding=\"async\" width=\"403\" height=\"439\" data-id=\"117118\" src=\"https:\/\/enolife.com.ar\/es\/wp-content\/uploads\/2024\/06\/Imagen6-1.jpg\" alt=\"\" class=\"wp-image-117118\" srcset=\"https:\/\/enolife.com.ar\/es\/wp-content\/uploads\/2024\/06\/Imagen6-1.jpg 403w, https:\/\/enolife.com.ar\/es\/wp-content\/uploads\/2024\/06\/Imagen6-1-275x300.jpg 275w\" sizes=\"auto, (max-width: 403px) 100vw, 403px\" \/><\/a><\/figure>\n<\/figure>\n\n\n\n<div style=\"height:30px\" aria-hidden=\"true\" class=\"wp-block-spacer\"><\/div>\n\n\n\n<p>Finalmente, el empresario apunta: <em>\u00abLas empresas nos pueden pedir lo que necesiten porque somos fabricantes, si necesitan ropa ign\u00edfuga la hacemos, puede ser personalizada, con logos de la empresa o no&#8230; Son prendas que tanto los trabajadores de mec\u00e1nica pesada, de cl\u00ednicas m\u00e9dicas, de bodegas, de turismo u oficinas, valoran por su dise\u00f1o, comodidad y durabilidad\u00bb.<\/em><\/p>\n\n\n\n<div style=\"height:20px\" aria-hidden=\"true\" class=\"wp-block-spacer\"><\/div>\n\n\n\n<p class=\"has-background\" style=\"background-color:#abb7c254\"><strong>Para agendar<\/strong><br><br><strong>Instagran: <a href=\"https:\/\/www.instagram.com\/latranqueramdz\/\" title=\"\">latranqueramdz<\/a><\/strong><br><strong>Whatsapp: +54 9 261 368 8532 o +54 9 261 368 1313<\/strong><br><strong>Tel\u00e9fono fijo: 0261 398 1088<\/strong><br><strong>Direcci\u00f3n<\/strong>: Saavedra 211, esquina Alberdi (San Jos\u00e9, Guaymall\u00e9n, Mendoza).<br><strong>Horarios de atenci\u00f3n:<\/strong> de lunes a viernes de 9 a 18 hs. y s\u00e1bados de 10 a 13 hs.<\/p>\n\n\n\n<div style=\"height:32px\" aria-hidden=\"true\" class=\"wp-block-spacer\"><\/div>\n","protected":false},"excerpt":{"rendered":"<p>La tradicional casa de ropa y art\u00edculos de campo y trabajo, que desde hace 30&hellip;<\/p>\n","protected":false},"author":3,"featured_media":117120,"comment_status":"open","ping_status":"open","sticky":false,"template":"","format":"standard","meta":{"footnotes":""},"categories":[56,57],"tags":[],"class_list":["post-117034","post","type-post","status-publish","format-standard","has-post-thumbnail","hentry","category-destacado","category-empresas"],"_links":{"self":[{"href":"https:\/\/enolife.com.ar\/es\/wp-json\/wp\/v2\/posts\/117034","targetHints":{"allow":["GET"]}}],"collection":[{"href":"https:\/\/enolife.com.ar\/es\/wp-json\/wp\/v2\/posts"}],"about":[{"href":"https:\/\/enolife.com.ar\/es\/wp-json\/wp\/v2\/types\/post"}],"author":[{"embeddable":true,"href":"https:\/\/enolife.com.ar\/es\/wp-json\/wp\/v2\/users\/3"}],"replies":[{"embeddable":true,"href":"https:\/\/enolife.com.ar\/es\/wp-json\/wp\/v2\/comments?post=117034"}],"version-history":[{"count":0,"href":"https:\/\/enolife.com.ar\/es\/wp-json\/wp\/v2\/posts\/117034\/revisions"}],"wp:featuredmedia":[{"embeddable":true,"href":"https:\/\/enolife.com.ar\/es\/wp-json\/wp\/v2\/media\/117120"}],"wp:attachment":[{"href":"https:\/\/enolife.com.ar\/es\/wp-json\/wp\/v2\/media?parent=117034"}],"wp:term":[{"taxonomy":"category","embeddable":true,"href":"https:\/\/enolife.com.ar\/es\/wp-json\/wp\/v2\/categories?post=117034"},{"taxonomy":"post_tag","embeddable":true,"href":"https:\/\/enolife.com.ar\/es\/wp-json\/wp\/v2\/tags?post=117034"}],"curies":[{"name":"wp","href":"https:\/\/api.w.org\/{rel}","templated":true}]}}