{"id":116962,"date":"2024-06-04T12:31:34","date_gmt":"2024-06-04T12:31:34","guid":{"rendered":"https:\/\/enolife.com.ar\/es\/?p=116962"},"modified":"2024-06-05T16:50:19","modified_gmt":"2024-06-05T16:50:19","slug":"un-vino-para-cada-cancion-por-marcela-munoz-pan","status":"publish","type":"post","link":"https:\/\/enolife.com.ar\/es\/un-vino-para-cada-cancion-por-marcela-munoz-pan\/","title":{"rendered":"Un vino para cada canci\u00f3n. Por Marcela Mu\u00f1oz Pan"},"content":{"rendered":"\n<h4 class=\"wp-block-heading\"><em><strong>La escritora mendocina, creadora de un subg\u00e9nero literario enfocado en el vino, destaca en su habitual \u00abColumna l\u00edquida\u00bb -publicada originalmente en el diario Memo- el maridaje que suele producirse entre la poes\u00eda, la m\u00fasica y la magia de la bebida nacional argentina. Canciones para emocionarse con una copa en la mano, solos o con amores cercanos o lejanos.<\/strong><\/em><\/h4>\n\n\n\n<div style=\"height:35px\" aria-hidden=\"true\" class=\"wp-block-spacer\"><\/div>\n\n\n<a href=\"https:\/\/www.facebook.com\/SindicatoContratitas\/\" aria-label=\"banner contratistas 1700&#215;500\"><img loading=\"lazy\" decoding=\"async\" src=\"https:\/\/enolife.com.ar\/es\/wp-content\/uploads\/2020\/08\/banner-contratistas-1700x500-1.jpg\" alt=\"\"  srcset=\"https:\/\/enolife.com.ar\/es\/wp-content\/uploads\/2020\/08\/banner-contratistas-1700x500-1.jpg 1700w, https:\/\/enolife.com.ar\/es\/wp-content\/uploads\/2020\/08\/banner-contratistas-1700x500-1-300x88.jpg 300w, https:\/\/enolife.com.ar\/es\/wp-content\/uploads\/2020\/08\/banner-contratistas-1700x500-1-1024x301.jpg 1024w, https:\/\/enolife.com.ar\/es\/wp-content\/uploads\/2020\/08\/banner-contratistas-1700x500-1-768x226.jpg 768w, https:\/\/enolife.com.ar\/es\/wp-content\/uploads\/2020\/08\/banner-contratistas-1700x500-1-1536x452.jpg 1536w, https:\/\/enolife.com.ar\/es\/wp-content\/uploads\/2020\/08\/banner-contratistas-1700x500-1-1170x344.jpg 1170w, https:\/\/enolife.com.ar\/es\/wp-content\/uploads\/2020\/08\/banner-contratistas-1700x500-1-585x172.jpg 585w\" sizes=\"auto, (max-width: 1700px) 100vw, 1700px\" width=\"1700\" height=\"500\"   \/><\/a>\n\n\n<div style=\"height:45px\" aria-hidden=\"true\" class=\"wp-block-spacer\"><\/div>\n\n\n<div class=\"wp-block-image\">\n<figure class=\"alignleft\"><img decoding=\"async\" src=\"https:\/\/www.memo.com.ar\/files\/image\/67\/67521\/661b30dec29c9_80_80!.jpg?s=3077dcb42aafa36cef765ecde80c5356&amp;d=1714135720\" alt=\"\"\/><\/figure><\/div>\n\n\n<p><em>Marcela Mu\u00f1oz Pan<\/em><br><em>Escritora mendocina,<\/em> <br><em>poeta del vino<\/em>.<\/p>\n\n\n\n<p><a href=\"https:\/\/www.memo.com.ar\/opinion\/vinos-canciones\/#galleryzoom\"><\/a><\/p>\n\n\n\n<div style=\"height:30px\" aria-hidden=\"true\" class=\"wp-block-spacer\"><\/div>\n\n\n\n<p>Mientras escuchamos a <strong>Luis Eduardo Aute<\/strong> me tomar\u00eda un vino con car\u00e1cter vol\u00e1til, blanco, muy fresco, como un sauvignon blanc, con ciertos toques de naranja, pomelo, pimiento verde, mel\u00f3n, maracuy\u00e1&#8230; Son sabores y aromas que inspiran a esa inmortalidad que imaginamos ser\u00eda blanca, puesto que no llevaremos nada puesto encima, pero s\u00ed las sensaciones. Como dice Aute,&nbsp;<em>\u00abvuelan las alas del agua\u00bb<\/em>,&nbsp;para escuchar estas baladas con la profundidad de sus textos duros, pero con la ternura necesaria como su \u00e1lbum&nbsp;<em>Intemperie<\/em>.&nbsp;<\/p>\n\n\n\n<p>Vamos con lo salvaje y blanco para este d\u00eda, y despertemos esos latidos que no hablen de blasfemias ni derrotas&#8230; Que no sea ordinario este d\u00eda y que las manos triunfantes te sirvan otro blanquito mientras escuch\u00e1s la m\u00fasica de Luis Eduardo Aute:<\/p>\n\n\n\n<div style=\"height:20px\" aria-hidden=\"true\" class=\"wp-block-spacer\"><\/div>\n\n\n\n<p class=\"has-background has-medium-font-size\" style=\"background-color:#dec1c88f\"><strong>Sin tu latido<\/strong><\/p>\n\n\n\n<p class=\"has-background\" style=\"background-color:#dec1c88f\"><em>Hay<\/em> <em>algunos que dicen<br>que todos los caminos conducen a Roma.<br>Y es verdad, porque el m\u00edo<br>me lleva cada noche al hueco que te nombra.<br>Y le hablo y le suelto<br>una sonrisa, una blasfemia y dos derrotas,<br>luego apago tus ojos<br>y duermo con tu nombre besando mi boca.<br><br>Ay, amor m\u00edo,<br>\u00a1qu\u00e9 terriblemente absurdo es estar vivo<br>sin el alma de tu cuerpo, sin tu latido!<br><br>Que el final de esta historia,<br>en\u00e9sima autobiograf\u00eda de un fracaso,<br>no te sirva de ejemplo.<br>Hay quien afirma que el amor es un milagro,<br>que no hay mal que no cure,<br>pero tampoco bien que le dure cien a\u00f1os;<br>eso casi lo salva,<br>lo malo son las noches que mojan mi mano.<br><br>Aunque todo ya es nada,<br>no s\u00e9 por qu\u00e9 te escondes y huyes de mi encuentro.<br>Por saber de tu vida<br>no creo que vulnere ning\u00fan mandamiento;<br>tan terrible es el odio<br>que ni te atreves a mostrarme tu desprecio,<br>pero no me hagas caso,<br>lo que me pasa es que a este mundo no lo entiendo.<\/em><\/p>\n\n\n\n<div style=\"height:49px\" aria-hidden=\"true\" class=\"wp-block-spacer\"><\/div>\n\n\n\n<p class=\"has-background has-medium-font-size\" style=\"background-color:#dec1c88f\"><strong>Albanta<\/strong><\/p>\n\n\n\n<p class=\"has-background\" style=\"background-color:#dec1c88f\"><em>Yo s\u00e9 que all\u00ed,<br>all\u00ed donde t\u00fa dices,<br>vuelan las alas del agua<br>como palomas de escarcha<br>y el mar no es azul<br>sino vuelo de tu imaginaci\u00f3n,<br>en Albanta.<br>Que aqu\u00ed, t\u00fa ya lo ves,<br>es Albanta al rev\u00e9s&#8230;<br>Yo s\u00e9 que all\u00ed,<br>all\u00ed donde t\u00fa dices,<br>no existen hombres que mandan<br>porque no existen fantasmas<br>y amar es la flor<br>m\u00e1s perfecta que crece en tu jard\u00edn,<br>en Albanta.<br>Que aqu\u00ed, t\u00fa ya lo ves,<br>Es Albanta al rev\u00e9s&#8230;<br>Yo s\u00e9 que all\u00ed,<br>all\u00ed donde t\u00fa dices,<br>vuelan las alas del agua<br>como palomas de escarcha<br>y el mar no es azul<br>sino vuelo de tu imaginaci\u00f3n,<br>en Albanta&#8230;<br>Que aqu\u00ed, ya t\u00fa lo ves,<br>es Albanta al rev\u00e9s&#8230;<br>Yo s\u00e9 que all\u00ed,<br>all\u00ed donde t\u00fa dices,<br>no existen hombres que mandan<br>porque no existen fantasmas<br>y amar es la flor<br>m\u00e1s perfecta que crece en tu jard\u00edn,<br>en Albanta.<br>Que aqu\u00ed, ya t\u00fa lo ves,<br>es Albanta al rev\u00e9s&#8230;<\/em><\/p>\n\n\n\n<div style=\"height:35px\" aria-hidden=\"true\" class=\"wp-block-spacer\"><\/div>\n\n\n\n<p class=\"has-medium-font-size\"><strong>Una famila, un bonarda y la suerte de vivir<\/strong><\/p>\n\n\n\n<p>Varias siestas de domingo, despu\u00e9s del almuerzo familiar, mi padre me recitaba de memoria el poema de&nbsp;Alberto Cort\u00e9z <em>\u00abQu\u00e9 suerte que he tenido de nacer\u00bb<\/em>&#8230; Se sumaba por ah\u00ed la voz, tambi\u00e9n recitando, de mi hermana mayor, y as\u00ed se iba sumando la t\u00eda y la otra t\u00eda, mientras un Bonarda sanmartiniano en la copa de mi pap\u00e1 tambi\u00e9n festejaba su existencia.&nbsp;\u00c9l, inspirado en su Bonarda preferido, trataba de explicar la vida y la muerte con su notable memoria; yo comenc\u00e9 a comprender desde muy temprano esa dualidad que me dejaba absorta en el patio debajo del parral, y no dudaba en disfrutar que lo ten\u00eda, brindando con agua porque era menor para tomar alcohol&#8230; Cre\u00eda que s\u00ed entend\u00eda.&nbsp;<\/p>\n\n\n\n<p>Cuando ya pude tomar ese Bonarda, estaba sola, recordando su voz recitando, los domingos y la suerte de que haya sido mi padre y me diera la vida.<\/p>\n\n\n\n<div style=\"height:30px\" aria-hidden=\"true\" class=\"wp-block-spacer\"><\/div>\n\n\n\n<p class=\"has-background has-medium-font-size\" style=\"background-color:#abb7c259\"><strong>Qu\u00e9 suerte que he tenido de nacer<\/strong><\/p>\n\n\n\n<p class=\"has-background\" style=\"background-color:#abb7c259\"><em>Qu\u00e9 suerte he tenido de nacer<br>para estrechar la mano de un amigo<br>y poder asistir como testigo<br>al milagro de cada amanecer.<br><br>Qu\u00e9 suerte he tenido de nacer<br>para tener la opci\u00f3n de la balanza,<br>sopesar la derrota y la esperanza<br>con la gloria y el miedo de caer.<br><br>Qu\u00e9 suerte he tenido de nacer<br>para entender que el honesto y el perverso<br>son due\u00f1os por igual del universo<br>aunque tengan distinto parecer.<br><br>Qu\u00e9 suerte he tenido de nacer<br>para callar cuando habla el que m\u00e1s sabe;<br>aprender a escuchar, \u00e9sa es la clave<br>si se tiene intenciones de saber.<br><br>Qu\u00e9 suerte he tenido de nacer<br>y lo digo sin falsos triunfalismos;<br>la victoria total, la de uno mismo,<br>se concreta en el ser y en el no ser.<br><br>Qu\u00e9 suerte he tenido de nacer<br>para cantarle a la gente y a la rosa<br>y al perro y al amor y a cualquier cosa<br>que pueda el sentimiento recoger.<br><br>Qu\u00e9 suerte he tenido de nacer<br>para tener acceso a la fortuna<br>de ser r\u00edo en lugar de ser laguna,<br>de ser lluvia en lugar de ver llover.<br><br>Qu\u00e9 suerte he tenido de nacer<br>para comer a conciencia la manzana<br>sin el miedo ancestral a la sotana<br>ni a la venganza final de Lucifer.<br><br>Pero s\u00e9, bien que s\u00e9,<br>que alg\u00fan d\u00eda tambi\u00e9n me morir\u00e9;<br>si ahora vivo contento con mi suerte,<br>sabe Dios qu\u00e9 pensar\u00e9 cuando mi muerte,<br>cu\u00e1l ser\u00e1 en la agon\u00eda mi balance, no lo s\u00e9,<br>nunca estuve en ese trance.<br><br>Pero s\u00e9, bien que s\u00e9,<br>que en mi viaje final escuchar\u00e9<br>el ambiguo te\u00f1ir de las campanas<br>saludando mi adi\u00f3s, y otra ma\u00f1ana<br>y otra voz, como yo, con otro acento<br>cantar\u00e1 a los cuatro vientos.<br><br>Qu\u00e9 suerte he tenido de nacer.<\/em><\/p>\n\n\n\n<div style=\"height:35px\" aria-hidden=\"true\" class=\"wp-block-spacer\"><\/div>\n\n\n\n<p class=\"has-medium-font-size\"><strong>Un espumante para olvidar&#8230; O recordar<\/strong><\/p>\n\n\n\n<p>El d\u00eda va terminando, y para embriagarse un poco, nada mejor que un&nbsp;espumante, para olvidarte, olvidar, olvidarnos en ese bullicio de burbujas como himnos en la boca, que han pactado la persistencia&#8230; Y esa ligereza de los espumantes dulces m\u00e1s que nada, efervescentes, que parecen llegar para quedarse porque son ideales para las celebraciones, y tambi\u00e9n complejos por la diversidad de zonas y la infinidad de variedades con las que se elaboran.&nbsp;<\/p>\n\n\n\n<p>Pero bueno, lleg\u00f3 el final del d\u00eda y la nostalgia viene de la mano de las met\u00e1foras milagrosas de las canciones de Jorge Rojas y Los Nocheros. \u00a1Salud!<\/p>\n\n\n\n<div style=\"height:30px\" aria-hidden=\"true\" class=\"wp-block-spacer\"><\/div>\n\n\n\n<p class=\"has-background has-medium-font-size\" style=\"background-color:#abb7c259\"><strong>No saber de t\u00ed<\/strong><\/p>\n\n\n\n<p class=\"has-background\" style=\"background-color:#abb7c259\"><em>Nadie me habla de ti, sin embargo, te extra\u00f1o.<br>No me resigno a olvidarte, aunque pasen los a\u00f1os.<br>Qu\u00e9 ser\u00e1 de ti, por donde andar\u00e1s,<br>a qu\u00e9 distancia te encuentras de mi soledad.<br><br>C\u00f3mo quisiera saber si es que a\u00fan me recuerdas,<br>si has preguntado por m\u00ed, si te duele mi ausencia,<br>qu\u00e9 ha cambiado en ti y en tu coraz\u00f3n,<br>c\u00f3mo ha seguido tu vida despu\u00e9s de mi amor.<br><br>Desde que no est\u00e1s aqu\u00ed ya no puedo encontrar<br>de nuevo el sentido de la libertad,<br>sin ti no imagino volver a empezar.<br>Quiero saber qu\u00e9 fue de ti.<br><br>Desde que no est\u00e1s aqu\u00ed, s\u00f3lo me habita el dolor,<br>se me va la vida sin saber de tu amor.<br>En otros brazos un d\u00eda dej\u00e9 mi destino<br>sin encontrar la manera de echarte al olvido,<br>fue como intentar detener el mar<br>con un pu\u00f1ado de arena, tapar un volc\u00e1n.<br><br>Tan grande fue esta pasi\u00f3n que ocup\u00f3 mis sentidos<br>que s\u00f3lo escucho tu voz y te siento conmigo,<br>que mis ojos son s\u00f3lo para ti,<br>tu sabor y tu perfume quedaron en m\u00ed.<br><br>Desde que no est\u00e1s aqu\u00ed ya no puedo encontrar<br>de nuevo el sentido de la libertad,<br>sin ti no imagino volver a empezar,<br>quiero saber que fue de ti.<br><br>Desde que no est\u00e1s aqu\u00ed, s\u00f3lo me habita el dolor,<br>se me va la vida sin saber de ti, amor.<\/em><\/p>\n\n\n\n<div style=\"height:35px\" aria-hidden=\"true\" class=\"wp-block-spacer\"><\/div>\n\n\n\n<p class=\"has-background has-medium-font-size\" style=\"background-color:#a2dec973\"><strong>Entre el cielo y la tierra<\/strong><\/p>\n\n\n\n<p class=\"has-background\" style=\"background-color:#a2dec973\"><em>Yo siento que me provocas<br>aunque no quieras hacerlo.<br>Est\u00e1 grabado en tu boca<br>a rojo vivo el deseo<br>y casi puedo tocarte<br>como una fruta madura.<br>Presiento que voy a amarte<br>m\u00e1s all\u00e1 de la locura<br><br>Voy a comerte el coraz\u00f3n a besos,<br>a recorrer sin l\u00edmites tu cuerpo,<br>y por el suelo nuestra ropa,<br>suave, gota a gota.<br>Voy a emborracharte de pasi\u00f3n,<br>voy a comerte el coraz\u00f3n a besos,<br>a recorrer sin l\u00edmites tu cuerpo.<br>Voy a dejar por tus rincones p\u00e1jaros y flores<br>como una semilla de pasi\u00f3n.<br><br>Ahora te sueltas el pelo<br>y as\u00ed, descalza, caminas.<br>Voy a morder el anzuelo<br>pues quiero lo que imaginas<br>cuando se cae tu vestido<br>como una flor por el suelo.<br>No existe nada prohibido<br>entre la tierra y el cielo.<br><br>Voy a comerte el coraz\u00f3n a besos,<br>a recorrer sin l\u00edmites tu cuerpo,<br>y por el suelo nuestra ropa,<br>suave, gota a gota.<br>Voy a emborracharte de pasi\u00f3n,<br>voy a comerte el coraz\u00f3n a besos,<br>a recorrer sin l\u00edmites tu cuerpo,<br>voy a dejar por tus rincones p\u00e1jaros y flores<br>como una semilla de pasi\u00f3n.<\/em><\/p>\n\n\n\n<div style=\"height:31px\" aria-hidden=\"true\" class=\"wp-block-spacer\"><\/div>\n","protected":false},"excerpt":{"rendered":"<p>La escritora mendocina, creadora de un subg\u00e9nero literario enfocado en el vino, destaca en su&hellip;<\/p>\n","protected":false},"author":3,"featured_media":116984,"comment_status":"open","ping_status":"open","sticky":false,"template":"","format":"standard","meta":{"footnotes":""},"categories":[36,12],"tags":[],"class_list":["post-116962","post","type-post","status-publish","format-standard","has-post-thumbnail","hentry","category-el-pinguino","category-opinion"],"_links":{"self":[{"href":"https:\/\/enolife.com.ar\/es\/wp-json\/wp\/v2\/posts\/116962","targetHints":{"allow":["GET"]}}],"collection":[{"href":"https:\/\/enolife.com.ar\/es\/wp-json\/wp\/v2\/posts"}],"about":[{"href":"https:\/\/enolife.com.ar\/es\/wp-json\/wp\/v2\/types\/post"}],"author":[{"embeddable":true,"href":"https:\/\/enolife.com.ar\/es\/wp-json\/wp\/v2\/users\/3"}],"replies":[{"embeddable":true,"href":"https:\/\/enolife.com.ar\/es\/wp-json\/wp\/v2\/comments?post=116962"}],"version-history":[{"count":0,"href":"https:\/\/enolife.com.ar\/es\/wp-json\/wp\/v2\/posts\/116962\/revisions"}],"wp:featuredmedia":[{"embeddable":true,"href":"https:\/\/enolife.com.ar\/es\/wp-json\/wp\/v2\/media\/116984"}],"wp:attachment":[{"href":"https:\/\/enolife.com.ar\/es\/wp-json\/wp\/v2\/media?parent=116962"}],"wp:term":[{"taxonomy":"category","embeddable":true,"href":"https:\/\/enolife.com.ar\/es\/wp-json\/wp\/v2\/categories?post=116962"},{"taxonomy":"post_tag","embeddable":true,"href":"https:\/\/enolife.com.ar\/es\/wp-json\/wp\/v2\/tags?post=116962"}],"curies":[{"name":"wp","href":"https:\/\/api.w.org\/{rel}","templated":true}]}}