{"id":11675,"date":"2020-04-27T03:07:21","date_gmt":"2020-04-27T03:07:21","guid":{"rendered":"http:\/\/enolife.com.ar\/es\/?p=11675"},"modified":"2020-04-29T17:27:15","modified_gmt":"2020-04-29T17:27:15","slug":"argentina-suspende-su-participacion-en-futuros-acuerdos-del-mercosur-pero-no-sale-del-bloque","status":"publish","type":"post","link":"https:\/\/enolife.com.ar\/es\/argentina-suspende-su-participacion-en-futuros-acuerdos-del-mercosur-pero-no-sale-del-bloque\/","title":{"rendered":"Argentina suspende su participaci\u00f3n en futuros acuerdos del Mercosur pero no sale del bloque"},"content":{"rendered":"\n<h4 class=\"wp-block-heading\"><em><strong>El pasado viernes 24\/4, tras una reuni\u00f3n por videoconferencia entre los representantes de Argentina, Brasil, Uruguay y Paraguay, el gobierno argentino decidi\u00f3 dejar de participar en la negociaci\u00f3n de futuros acuerdos del grupo sudamericano con terceros pa\u00edses o bloques.<\/strong><\/em><strong><em> <\/em><\/strong><\/h4>\n\n\n\n<hr class=\"wp-block-separator\"\/>\n\n\n\n<h4 class=\"wp-block-heading\"><em><strong>Este chisporroteo, que tiene como tel\u00f3n de fondo la tirantez entre Alberto Fern\u00e1ndez y el presidente brasile\u00f1o Jair Bolsonaro, se produce luego de que los restantes pa\u00edses del Mercosur anunciaran su intenci\u00f3n de avanzar en acuerdos de libre comercio con Corea del Sur, L\u00edbano, India y Canad\u00e1. El principal argumento del gobierno argentino para su decisi\u00f3n es que prefiere \u00abdarle prioridad a su pol\u00edtica econ\u00f3mica interna, agravada por la pandemia del Covid-19\u00bb.<\/strong><\/em><\/h4>\n\n\n\n<div style=\"height:20px\" aria-hidden=\"true\" class=\"wp-block-spacer\"><\/div>\n\n\n\n<p>Desde el pasado viernes, cuando el Gobierno argentino anunci\u00f3 que se retira moment\u00e1neamente de futuras negociaciones comerciales entre el <strong>Mercosur<\/strong> y otros bloques o pa\u00edses, algunos medios de prensa titularon, con exageraci\u00f3n, \u00abLa retirada parcial de Argentina congela el Mercosur\u00bb (El Pa\u00eds, de Espa\u00f1a) o \u00abArgentina suspende su participaci\u00f3n en el Mercosur por desacuerdos\u00bb (La Naci\u00f3n, de Argentina). Incluso, medios on line menos serios lanzaron \u00abArgentina se va del Mercosur\u00bb.<\/p>\n\n\n\n<p>La bola rod\u00f3 y gener\u00f3 preocupaci\u00f3n entre entidades del campo argentino, que en buena medida dependen de las exportaciones a los dem\u00e1s pa\u00edses del bloque. Pero, a partir del comunicado oficial del Gobierno argentino, que a continuaci\u00f3n reproducimos, puede interpretarse que la acci\u00f3n argentina responde m\u00e1s bien a una t\u00e1ctica por la coyuntura que a una estrategia de fondo que implique alejarse del bloque sudamericano.<\/p>\n\n\n\n<p>Por el lado de la oposici\u00f3n pol\u00edtica, el diputado nacional <strong>Facundo Su\u00e1rez Lastra<\/strong> (UCR), critic\u00f3 la medida del Gobierno y la calific\u00f3 como una \u00abpeligrosa estrategia de aislamiento\u00bb. Tambi\u00e9n fustig\u00f3 la decisi\u00f3n presidencial argumentando que no fue consensuada en el Congreso de la Naci\u00f3n entre todas las fuerzas pol\u00edticas all\u00ed representadas.<\/p>\n\n\n\n<p>En Mendoza, el parlamentario del Mercosur <strong>Gabriel Fidel<\/strong> -\u00fanico representante de la provincia en el Parlamento del bloque, con mandato hasta el 31\/12\/20-, por un lado aclar\u00f3 que de ninguna manera Argentina se sale del bloque sino que s\u00f3lo congela el tratamiento de nuevos acuerdos, manteni\u00e9ndose activa su participaci\u00f3n en la negociaci\u00f3n de los acuerdos de libre comercio con la Uni\u00f3n Europea y el bloque EFTA. Pero, por otro lado, expres\u00f3 su preocupaci\u00f3n y llam\u00f3 al gobierno a no abandonar una pol\u00edtica de Estado que inici\u00f3 el presidente <strong>Ra\u00fal Alfons\u00edn <\/strong>en los a\u00f1os &#8217;80 y que todos los gobiernos posteriores continuaron. <\/p>\n\n\n\n<div style=\"height:20px\" aria-hidden=\"true\" class=\"wp-block-spacer\"><\/div>\n\n\n\n<div class=\"wp-block-image\"><figure class=\"aligncenter\"><img decoding=\"async\" src=\"https:\/\/www.cronica.com.ar\/__export\/1587817423517\/sites\/cronica\/img\/2020\/04\/25\/sola_y_fernxndez_crop1587817370630.jpg_1734428432.jpg\" alt=\"Desde el Gobierno detallaron que se prefiere priorizar la econom\u00eda interna (T\u00e9lam\/Archivo).\"\/><figcaption><em><strong>El presidente Alberto Fern\u00e1ndez y el canciller Felipe Sol\u00e1 (T\u00e9lam\/Archivo).<\/strong><\/em><\/figcaption><\/figure><\/div>\n\n\n\n<div style=\"height:20px\" aria-hidden=\"true\" class=\"wp-block-spacer\"><\/div>\n\n\n\n<p>En la reuni\u00f3n del viernes pasado v\u00eda internet, los representantes del Ministerio de Relaciones Exteriores de Argentina sostuvieron que \u00e9ste no es momento de abrir la econom\u00eda, en plena emergencia&nbsp;causada por el coronavirus. En cambio,&nbsp;los delegados de los restantes pa\u00edses del Mercosur&nbsp;opinaron lo contrario. En este contexto, Argentina manifest\u00f3 la decisi\u00f3n de suspender cualquier nueva negociaci\u00f3n, con el objetivo de<em>&nbsp;\u00abdarle&nbsp;prioridades de su pol\u00edtica econ\u00f3mica interna,&nbsp;agravada por la pandemia del Covid-19\u00bb.&nbsp;<\/em><\/p>\n\n\n\n<div style=\"height:20px\" aria-hidden=\"true\" class=\"wp-block-spacer\"><\/div>\n\n\n\n<p class=\"has-medium-font-size\"><strong>\u00abSeguiremos acompa\u00f1ando los acuerdos con la Uni\u00f3n Europea y el EFTA\u00bb<\/strong><\/p>\n\n\n\n<p>A continuaci\u00f3n, el texto completo del comunicado del <strong>Ministerio de Relaciones Exteriores, Comercio Internacional y Culto<\/strong>, en el que se fundamenta la posici\u00f3n del Gobierno argentino:  <\/p>\n\n\n\n<div style=\"height:20px\" aria-hidden=\"true\" class=\"wp-block-spacer\"><\/div>\n\n\n\n<p class=\"has-background has-very-light-gray-background-color\"><em>\u00abEl Gobierno argentino a trav\u00e9s del Ministerio de Relaciones Exteriores, Comercio Internacional y Culto particip\u00f3 de la reuni\u00f3n de coordinadores nacionales del Mercosur mediante una videoconferencia realizada en la tarde del 24 de abril de 2020.<\/em><br><em><br>\u00abLa Rep\u00fablica Argentina se\u00f1al\u00f3 que la integraci\u00f3n no es s\u00f3lo un mandato de la geograf\u00eda y de la historia sino parte de nuestro presente y de nuestro futuro<\/em>.<br><br><em>\u00abAll\u00ed sostuvo que la integraci\u00f3n regional es una forma de afrontar la pandemia global y sus consecuencias econ\u00f3micas y sociales. Es imperiosa en un mundo en el que los organismos internacionales predicen la ca\u00edda del PBI en los pa\u00edses de mayor desarrollo, una disminuci\u00f3n brusca del comercio global de hasta un 32% y un impacto imprevisible en la sociedad.<\/em><br><em><br>\u00abTambi\u00e9n indic\u00f3 que en su pol\u00edtica interna la Argentina se previene de los efectos de la pandemia mientras protege las empresas, el empleo y la situaci\u00f3n de las familias m\u00e1s humildes. Lo hace a diferencia de las posiciones de algunos socios, que plantean una aceleraci\u00f3n de las tratativas hacia acuerdos de libre comercio con Corea del Sur, Singapur, L\u00edbano, Canad\u00e1 y la India, entre otros.<\/em><br><em><br>\u00abLa Argentina dej\u00f3 en claro que la incertidumbre internacional y la propia situaci\u00f3n de nuestra econom\u00eda aconsejan detener la marcha de esas negociaciones.<br><br>\u00abTambi\u00e9n afirm\u00f3 ante sus socios que en este escenario el Gobierno argentino seguir\u00e1 acompa\u00f1ando la marcha de los acuerdos del Mercosur con la Uni\u00f3n Europea y la EFTA (European Free Trade Agreement), sin entrar en debates por ahora est\u00e9riles.<br><br>\u00abEsta posici\u00f3n, transmitida a los socios del Mercosur, no surge de un capricho sino de una visi\u00f3n sobre el modo de fortalecer las relaciones con las naciones del bloque regional: la hermandad no s\u00f3lo es noble sino potente, y se funda en la reconstrucci\u00f3n del tejido social y productivo de nuestros pa\u00edses.<\/em><\/p>\n\n\n\n<div style=\"height:20px\" aria-hidden=\"true\" class=\"wp-block-spacer\"><\/div>\n\n\n\n<p>Por su parte, Paraguay -pa\u00eds en ejercicio de la presidencia pro t\u00e9mpore del bloque- explic\u00f3 que, junto a los dem\u00e1s estados que forman parte del Mercosur,&nbsp;<em>\u00abevaluar\u00e1n las medidas jur\u00eddicas, institucionales y operativas m\u00e1s adecuadas en raz\u00f3n de la decisi\u00f3n soberana de la Rep\u00fablica Argentina&nbsp;de manera de no afectar el proceso de construcci\u00f3n comunitaria del Mercosur&nbsp;y de las negociaciones comerciales en curso\u00bb,&nbsp;<\/em>seg\u00fan dice un comunicado oficial emitido tras la videoconferencia en Asunci\u00f3n y negociado con Brasilia y Montevideo.<\/p>\n\n\n\n<div style=\"height:43px\" aria-hidden=\"true\" class=\"wp-block-spacer\"><\/div>\n","protected":false},"excerpt":{"rendered":"<p>El pasado viernes 24\/4, tras una reuni\u00f3n por videoconferencia entre los representantes de Argentina, Brasil,&hellip;<\/p>\n","protected":false},"author":3,"featured_media":11683,"comment_status":"open","ping_status":"open","sticky":false,"template":"","format":"standard","meta":{"footnotes":""},"categories":[14],"tags":[],"class_list":["post-11675","post","type-post","status-publish","format-standard","has-post-thumbnail","hentry","category-news"],"_links":{"self":[{"href":"https:\/\/enolife.com.ar\/es\/wp-json\/wp\/v2\/posts\/11675","targetHints":{"allow":["GET"]}}],"collection":[{"href":"https:\/\/enolife.com.ar\/es\/wp-json\/wp\/v2\/posts"}],"about":[{"href":"https:\/\/enolife.com.ar\/es\/wp-json\/wp\/v2\/types\/post"}],"author":[{"embeddable":true,"href":"https:\/\/enolife.com.ar\/es\/wp-json\/wp\/v2\/users\/3"}],"replies":[{"embeddable":true,"href":"https:\/\/enolife.com.ar\/es\/wp-json\/wp\/v2\/comments?post=11675"}],"version-history":[{"count":0,"href":"https:\/\/enolife.com.ar\/es\/wp-json\/wp\/v2\/posts\/11675\/revisions"}],"wp:featuredmedia":[{"embeddable":true,"href":"https:\/\/enolife.com.ar\/es\/wp-json\/wp\/v2\/media\/11683"}],"wp:attachment":[{"href":"https:\/\/enolife.com.ar\/es\/wp-json\/wp\/v2\/media?parent=11675"}],"wp:term":[{"taxonomy":"category","embeddable":true,"href":"https:\/\/enolife.com.ar\/es\/wp-json\/wp\/v2\/categories?post=11675"},{"taxonomy":"post_tag","embeddable":true,"href":"https:\/\/enolife.com.ar\/es\/wp-json\/wp\/v2\/tags?post=11675"}],"curies":[{"name":"wp","href":"https:\/\/api.w.org\/{rel}","templated":true}]}}