{"id":116499,"date":"2024-05-27T18:35:40","date_gmt":"2024-05-27T18:35:40","guid":{"rendered":"https:\/\/enolife.com.ar\/es\/?p=116499"},"modified":"2024-05-28T23:21:09","modified_gmt":"2024-05-28T23:21:09","slug":"que-se-dijo-en-el-almuerzo-de-fin-de-cosecha-de-agrinet-agromaq-virdo-halpern-y-lujan-agricola","status":"publish","type":"post","link":"https:\/\/enolife.com.ar\/es\/que-se-dijo-en-el-almuerzo-de-fin-de-cosecha-de-agrinet-agromaq-virdo-halpern-y-lujan-agricola\/","title":{"rendered":"Qu\u00e9 se dijo en el Almuerzo de Fin de Cosecha de Agrinet, Agromaq Vird\u00f3, Halpern y Luj\u00e1n Agr\u00edcola"},"content":{"rendered":"\n<h4 class=\"wp-block-heading\"><em><strong>En este encuentro que se realiza cada a\u00f1o a fines de mayo desde 2016 y ya es un cl\u00e1sico del agro mendocino, los directivos de estas cuatro empresas proveedoras de productos y servicios para el sector manifestaron su confianza en una paulatina recuperaci\u00f3n econ\u00f3mica del pa\u00eds, y su voluntad de hacer sinergia con sus clientes en beneficio de la producci\u00f3n agr\u00edcola mendocina. Cada uno puso en escena su aporte y tambi\u00e9n una mirada cr\u00edtica sobre la lucha antigranizo, la necesidad de adoptar sistemas de telemetr\u00eda y medici\u00f3n en el campo, c\u00f3mo afrontar la dif\u00edcil situaci\u00f3n del sector y el requerimiento al gobierno y la inversi\u00f3n privada de obras de infraestructura y financiamiento para los productores y proveedores.<\/strong><\/em><\/h4>\n\n\n\n<div style=\"height:35px\" aria-hidden=\"true\" class=\"wp-block-spacer\"><\/div>\n\n\n<a href=\"https:\/\/www.linkedin.com\/company\/agrinet-sa\/?originalSubdomain=ar\" aria-label=\"1700X500\"><img loading=\"lazy\" decoding=\"async\" src=\"https:\/\/enolife.com.ar\/es\/wp-content\/uploads\/2021\/11\/1700X500.gif\" alt=\"\"  width=\"1700\" height=\"500\"   \/><\/a>\n\n\n<div style=\"height:45px\" aria-hidden=\"true\" class=\"wp-block-spacer\"><\/div>\n\n\n\n<p>El <strong>Almuerzo de Fin de Cosecha<\/strong> organizado por las empresas <strong>Agrinet<\/strong>, <strong>Agromaq Vird\u00f3<\/strong>, <strong>Halpern SRL<\/strong> y <strong>Luj\u00e1n Agr\u00edcola<\/strong> -que ya es parte de la agenda obligada de los empresarios mendocinos ligados a la agricultura- este a\u00f1o se llev\u00f3 a cabo en las nuevas naves de Halpern ubicadas sobre el Acceso Sur, en Luj\u00e1n de Cuyo, Mendoza.<\/p>\n\n\n\n<p>Del evento participaron cerca de <strong>300 personas<\/strong>, entre clientes y profesionales a los que las empresas organizadoras proveen insumos como tractores, mallas antigranizo, productos fitosanitarios y fertilizantes,y servicios de riego tecnificado.<\/p>\n\n\n\n<p>En esta oportunidad, adem\u00e1s, se not\u00f3 una fuerte presencia institucional con la asistencia de <strong>Alfredo Drake<\/strong>, Director de Agricultura, en representaci\u00f3n del ministro de Producci\u00f3n de Mendoza, <strong>Rodolfo Vargas Arizu<\/strong>; <strong>Teresa Badui<\/strong>, subsecretaria de Infraestructura y Desarrollo Territorial&nbsp; y representante de Mendoza en el Consejo Federal de Inversiones; <strong>Sergio Marinelli<\/strong>, superintendente general de Irrigaci\u00f3n; <strong>Humberto Mingorance<\/strong>,&nbsp; presidente de Aguas Mendocinas; <strong>Esteban Allasino<\/strong>, intendente de Luj\u00e1n de Cuyo; <strong>Mariangeles Garc\u00eda<\/strong>, subsecretaria de Hacienda de Maip\u00fa, en representaci\u00f3n del intendente <strong>Stevanato<\/strong>; <strong>Mauricio Badaloni<\/strong>, presidente de la Uni\u00f3n Industrial Argentina; <strong>Mauricio D\u00edaz Telli<\/strong>, presidente de la Uni\u00f3n Industrial de Mendoza; <strong>Eduardo Pulenta<\/strong>, presidente del Consejo Empresario Mendocino; <strong>Hern\u00e1n Norando<\/strong>, gerente de Operaciones de Mendoza Fiduciaria; <strong>Claudia Piedrahita<\/strong>, vicepresidenta de Wines of Argentina; <strong>Milton Kuret<\/strong>, director ejecutivo de Bodegas de Argentina; <strong>Carlos Fiochetta<\/strong>, gerente general de Coviar y <strong>Esther S\u00e1nchez<\/strong>, rectora de la Universidad nacional de Cuyo.<\/p>\n\n\n\n<div style=\"height:35px\" aria-hidden=\"true\" class=\"wp-block-spacer\"><\/div>\n\n\n\n<p class=\"has-medium-font-size\"><strong>El mensaje de los l\u00edderes<\/strong><\/p>\n\n\n\n<p><strong>Agustina Debernardi<\/strong>, gerenta de Gesti\u00f3n de Personas y Relaciones Institucionales de <strong>AgriNet<\/strong>, dio la bienvenida al encuentro y pidi\u00f3 que los gobiernos dejen de utilizar sistemas ineficaces para luchar contra el granizo: <em>\u201cEn AgriNet creemos fervientemente que la lucha contra el granizo no tiene un sistema m\u00e1s efectivo que el uso de nuestras mallas de protecci\u00f3n. Es por ello que seguimos invitando a los diferentes gobiernos a un di\u00e1logo abierto y constructivo sobre este tema crucial. Es imperativo que el apoyo a cada uno de ustedes, que eligen nuestros productos para proteger sus cosechas, sea total y sin reservas\u201d.<\/em><\/p>\n\n\n\n<div style=\"height:17px\" aria-hidden=\"true\" class=\"wp-block-spacer\"><\/div>\n\n\n\n<blockquote class=\"wp-block-quote is-layout-flow wp-block-quote-is-layout-flow\">\n<p>Quiero ser clara: el m\u00e9todo de lucha contra el granizo mediante aviones, promovido por diferentes gobiernos provinciales, es ineficaz y una p\u00e9rdida de recursos. Est\u00e1 cient\u00edficamente comprobado que este sistema no salva ninguna cosecha\u201d.<\/p>\n<cite>Agustina Debernardi, gerenta de Gesti\u00f3n de Personas y Relaciones Institucionales de AgriNet<\/cite><\/blockquote>\n\n\n\n<div style=\"height:18px\" aria-hidden=\"true\" class=\"wp-block-spacer\"><\/div>\n\n\n\n<p>Por su parte, <strong>Mart\u00edn S\u00e1nchez<\/strong>, de <strong>Agromaq Vird\u00f3<\/strong>, record\u00f3 que su empresa y sus asociados contin\u00faan apostando por <strong>Mendoza<\/strong> y <strong>Argentina<\/strong> y habl\u00f3 sobre la importancia de adoptar sistemas de telemetr\u00eda y trazabilidad, as\u00ed como del futuro de la agricultura con la tokenizaci\u00f3n. <\/p>\n\n\n\n<div style=\"height:12px\" aria-hidden=\"true\" class=\"wp-block-spacer\"><\/div>\n\n\n\n<blockquote class=\"wp-block-quote is-layout-flow wp-block-quote-is-layout-flow\">\n<p>En Espacio Lodo, un hub de agronegocios del que somos socios, constituimos un equipo que apuesta a la agro innovaci\u00f3n y los invitamos a visitarnos para analizar c\u00f3mo podemos ayudarlos en su camino hacia una agricultura 4.0\u201d.<\/p>\n<cite>Mart\u00edn S\u00e1nchez, de Agromaq Vird\u00f3<\/cite><\/blockquote>\n\n\n\n<div style=\"height:16px\" aria-hidden=\"true\" class=\"wp-block-spacer\"><\/div>\n\n\n\n<p><strong>Daniel Merlo<\/strong>, en tanto, habl\u00f3 en representaci\u00f3n de <strong>Luj\u00e1n Agr\u00edcola<\/strong>: \u201c<em>Admiro la capacidad de los agricultores que todos los a\u00f1os contin\u00faan sobreponi\u00e9ndose a pesar de las inclemencias del clima que los azotan. Y por eso este a\u00f1o, cuando pens\u00e1bamos si hacer o no este Almuerzo, decidimos que deb\u00edamos realizarlo para acompa\u00f1arlos tambi\u00e9n en los momentos m\u00e1s dif\u00edciles<\/em>\u00ab. <\/p>\n\n\n\n<div style=\"height:13px\" aria-hidden=\"true\" class=\"wp-block-spacer\"><\/div>\n\n\n\n<blockquote class=\"wp-block-quote is-layout-flow wp-block-quote-is-layout-flow\">\n<p>Es justo en estos tiempos m\u00e1s complejos cuando debemos estar juntos para sacar la agricultura adelante\u201d.<\/p>\n<cite>Daniel Merlo, en representaci\u00f3n de Luj\u00e1n Agr\u00edcola<\/cite><\/blockquote>\n\n\n\n<div style=\"height:14px\" aria-hidden=\"true\" class=\"wp-block-spacer\"><\/div>\n\n\n\n<p><strong>Sebasti\u00e1n Halpern<\/strong>,CEO de <strong>Halpern SRL<\/strong> y anfitri\u00f3n del Almuerzo de Fin de Cosecha de este a\u00f1o, resalt\u00f3 nuevamente la importancia de cuidar el agua, tecnificarla para su uso m\u00e1s eficiente, comenzar a cobrar el agua lo que realmente cuesta y volcar esos ingresos a obras de conducci\u00f3n y presurizaci\u00f3n, y una vez usada, seguir tratando y reutiliz\u00e1ndola. Asimismo, reiter\u00f3 como el a\u00f1o pasado, la necesidad de habilitar una miner\u00eda responsable, controlada y sustentable, que permitan cobrar regal\u00edas para realizar las obras h\u00eddricas imprescindibles para Mendoza.<\/p>\n\n\n\n<p><em>\u201cEn ese sentido, quiero aprovechar la ocasi\u00f3n para expresar mi apoyo al gobernador Cornejo y todo su equipo, que han iniciado este camino (de hecho, hoy mismo se excus\u00f3 de asistir aqu\u00ed debido a que est\u00e1 exponiendo en la feria minera de San Juan) y tambi\u00e9n, pedirle al Ingeniero Marinelli aqu\u00ed presente que apuremos el nuevo proyecto de ley de aguas para presentarlo en la Legislatura antes del 31 de diciembre\u201d<\/em>, expres\u00f3 Halpern.<\/p>\n\n\n\n<div style=\"height:14px\" aria-hidden=\"true\" class=\"wp-block-spacer\"><\/div>\n\n\n\n<blockquote class=\"wp-block-quote is-layout-flow wp-block-quote-is-layout-flow\">\n<p>Es crucial que se implementen nuevas l\u00edneas de cr\u00e9dito accesibles para que los productores puedan invertir en mejoras tecnol\u00f3gicas, expandir y hacer m\u00e1s eficientes sus operaciones\u201d.<\/p>\n<cite>Sebasti\u00e1n Halpern, CEO de Halpern SRL<\/cite><\/blockquote>\n\n\n\n<div style=\"height:15px\" aria-hidden=\"true\" class=\"wp-block-spacer\"><\/div>\n\n\n\n<p>Sin embargo, Halpern indic\u00f3 que con esto no alcanza: <em>\u201cNo podemos ignorar la importancia de contar con el apoyo adecuado para llevar nuestra producci\u00f3n agr\u00edcola al siguiente nivel. Se necesitan nuevas obras de infraestructura que faciliten el transporte y la comercializaci\u00f3n de los productos; una mejor, m\u00e1s segura y r\u00e1pida conexi\u00f3n con el Pacifico; una aduana m\u00e1s \u00e1gil; un puerto terrestre con m\u00e1s y mejores servicios; y a todo esto agregarle un mejor acceso a tecnolog\u00edas avanzadas que aumenten nuestra eficiencia y sostenibilidad\u00bb. <\/em><\/p>\n\n\n\n<div style=\"height:30px\" aria-hidden=\"true\" class=\"wp-block-spacer\"><\/div>\n\n\n\n<div style=\"height:13px\" aria-hidden=\"true\" class=\"wp-block-spacer\"><\/div>\n","protected":false},"excerpt":{"rendered":"<p>En este encuentro que se realiza cada a\u00f1o a fines de mayo desde 2016 y&hellip;<\/p>\n","protected":false},"author":3,"featured_media":116507,"comment_status":"open","ping_status":"open","sticky":false,"template":"","format":"standard","meta":{"footnotes":""},"categories":[56,57],"tags":[],"class_list":["post-116499","post","type-post","status-publish","format-standard","has-post-thumbnail","hentry","category-destacado","category-empresas"],"_links":{"self":[{"href":"https:\/\/enolife.com.ar\/es\/wp-json\/wp\/v2\/posts\/116499","targetHints":{"allow":["GET"]}}],"collection":[{"href":"https:\/\/enolife.com.ar\/es\/wp-json\/wp\/v2\/posts"}],"about":[{"href":"https:\/\/enolife.com.ar\/es\/wp-json\/wp\/v2\/types\/post"}],"author":[{"embeddable":true,"href":"https:\/\/enolife.com.ar\/es\/wp-json\/wp\/v2\/users\/3"}],"replies":[{"embeddable":true,"href":"https:\/\/enolife.com.ar\/es\/wp-json\/wp\/v2\/comments?post=116499"}],"version-history":[{"count":0,"href":"https:\/\/enolife.com.ar\/es\/wp-json\/wp\/v2\/posts\/116499\/revisions"}],"wp:featuredmedia":[{"embeddable":true,"href":"https:\/\/enolife.com.ar\/es\/wp-json\/wp\/v2\/media\/116507"}],"wp:attachment":[{"href":"https:\/\/enolife.com.ar\/es\/wp-json\/wp\/v2\/media?parent=116499"}],"wp:term":[{"taxonomy":"category","embeddable":true,"href":"https:\/\/enolife.com.ar\/es\/wp-json\/wp\/v2\/categories?post=116499"},{"taxonomy":"post_tag","embeddable":true,"href":"https:\/\/enolife.com.ar\/es\/wp-json\/wp\/v2\/tags?post=116499"}],"curies":[{"name":"wp","href":"https:\/\/api.w.org\/{rel}","templated":true}]}}