{"id":116493,"date":"2024-05-28T13:22:37","date_gmt":"2024-05-28T13:22:37","guid":{"rendered":"https:\/\/enolife.com.ar\/es\/?p=116493"},"modified":"2024-05-29T22:08:17","modified_gmt":"2024-05-29T22:08:17","slug":"verallia-canjeara-botellas-y-frascos-por-entradas-al-cine-para-reciclar-y-cuidar-el-ambiente-el-5-6","status":"publish","type":"post","link":"https:\/\/enolife.com.ar\/es\/verallia-canjeara-botellas-y-frascos-por-entradas-al-cine-para-reciclar-y-cuidar-el-ambiente-el-5-6\/","title":{"rendered":"Verallia canjear\u00e1 botellas y frascos por entradas al cine para reciclar y cuidar el ambiente, el 5\/6"},"content":{"rendered":"\n<h4 class=\"wp-block-heading\"><em><strong>El pr\u00f3ximo 5 de junio, fecha en que se conmemora el D\u00eda Mundial del Medio Ambiente, la iniciativa \u201cVidrio, una acci\u00f3n transparente\u201d de la f\u00e1brica de envases de vidrio para la vitivinicultura y la olivicultura cumple 12 a\u00f1os. Desde su origen, el programa promueve el cuidado del ambiente, con una finalidad solidaria, este a\u00f1o a beneficio de la Fundaci\u00f3n Conin, que lucha contra la desnutrici\u00f3n infantil. <\/strong><\/em><\/h4>\n\n\n\n<div style=\"height:35px\" aria-hidden=\"true\" class=\"wp-block-spacer\"><\/div>\n\n\n<a href=\"https:\/\/ar.verallia.com\/\" aria-label=\"VERALLIA 1700 x 500\"><img loading=\"lazy\" decoding=\"async\" src=\"https:\/\/enolife.com.ar\/es\/wp-content\/uploads\/2021\/04\/VERALLIA-1700-x-500.jpg\" alt=\"\"  srcset=\"https:\/\/enolife.com.ar\/es\/wp-content\/uploads\/2021\/04\/VERALLIA-1700-x-500.jpg 1700w, https:\/\/enolife.com.ar\/es\/wp-content\/uploads\/2021\/04\/VERALLIA-1700-x-500-300x88.jpg 300w, https:\/\/enolife.com.ar\/es\/wp-content\/uploads\/2021\/04\/VERALLIA-1700-x-500-1024x301.jpg 1024w, https:\/\/enolife.com.ar\/es\/wp-content\/uploads\/2021\/04\/VERALLIA-1700-x-500-768x226.jpg 768w, https:\/\/enolife.com.ar\/es\/wp-content\/uploads\/2021\/04\/VERALLIA-1700-x-500-1536x452.jpg 1536w, https:\/\/enolife.com.ar\/es\/wp-content\/uploads\/2021\/04\/VERALLIA-1700-x-500-1170x344.jpg 1170w, https:\/\/enolife.com.ar\/es\/wp-content\/uploads\/2021\/04\/VERALLIA-1700-x-500-585x172.jpg 585w\" sizes=\"auto, (max-width: 1700px) 100vw, 1700px\" width=\"1700\" height=\"500\"   \/><\/a>\n\n\n<div style=\"height:45px\" aria-hidden=\"true\" class=\"wp-block-spacer\"><\/div>\n\n\n\n<p>Desde 2012, <strong>Verallia Argentina<\/strong> promueve de forma continua el reciclado de botellas y frascos de vidrio mediante una iniciativa sostenible que colabora con la preservaci\u00f3n del medio ambiente y, al mismo tiempo, contribuye solidariamente con una organizaci\u00f3n social.&nbsp;<\/p>\n\n\n\n<p>El\u00a0<strong>Programa de Reciclado\u00a0\u201cVidrio, una acci\u00f3n transparente\u201d<\/strong>\u00a0naci\u00f3 un <strong>5 de junio<\/strong> en coincidencia con el D\u00eda del Medio Ambiente, y se encuentra alineado con el prop\u00f3sito declarado de la empresa:\u00a0<strong>\u201creimaginar el vidrio para un futuro sostenible\u201d. Desde 2023, esta acci\u00f3n tiene como destino solidario a Fundaci\u00f3n Conin,<\/strong> instituci\u00f3n mendocina que lucha contra la desnutrici\u00f3n infantil.\u00a0<\/p>\n\n\n\n<div style=\"height:30px\" aria-hidden=\"true\" class=\"wp-block-spacer\"><\/div>\n\n\n<div class=\"wp-block-image\">\n<figure class=\"aligncenter size-full is-resized\"><a href=\"https:\/\/enolife.com.ar\/es\/wp-content\/uploads\/2024\/05\/Aniv-Progr-Rec-2.jpg\" data-rel=\"penci-gallery-image-content\" ><img loading=\"lazy\" decoding=\"async\" src=\"https:\/\/enolife.com.ar\/es\/wp-content\/uploads\/2024\/05\/Aniv-Progr-Rec-2.jpg\" alt=\"\" class=\"wp-image-116550\" width=\"644\" height=\"461\" srcset=\"https:\/\/enolife.com.ar\/es\/wp-content\/uploads\/2024\/05\/Aniv-Progr-Rec-2.jpg 698w, https:\/\/enolife.com.ar\/es\/wp-content\/uploads\/2024\/05\/Aniv-Progr-Rec-2-300x215.jpg 300w, https:\/\/enolife.com.ar\/es\/wp-content\/uploads\/2024\/05\/Aniv-Progr-Rec-2-585x419.jpg 585w\" sizes=\"auto, (max-width: 644px) 100vw, 644px\" \/><\/a><figcaption class=\"wp-element-caption\"><em><strong>La solidaridad de las familias mendocinas<\/strong><\/em><\/figcaption><\/figure><\/div>\n\n\n<div style=\"height:30px\" aria-hidden=\"true\" class=\"wp-block-spacer\"><\/div>\n\n\n\n<p>Para este nuevo aniversario de su programa, Verallia ha organizado un canje de envases de vidrio por entradas al cine en el centro comercial <strong>La Barraca Mall<\/strong>, de Dorrego, Guaymall\u00e9n, Mendoza, el\u00a0<strong>5 de junio, de 14 a 17 hs<\/strong>.\u00a0<\/p>\n\n\n\n<p><strong>Alejandra Mer\u00edn<\/strong>, responsable del programa, explic\u00f3 c\u00f3mo conseguir las entradas al cine:&nbsp;\u201c<em>Los mendocinos pueden participar llevando 5 envases de vidrio (botellas o frascos), que se cambiar\u00e1n por 1 entrada al cine, con un l\u00edmite de 4 entradas por persona. Este a\u00f1o vamos a disponer de un total de 600 entradas que entregaremos hasta que se agote el stock. Quienes quieran sumarse pueden ir ese d\u00eda a la playa de estacionamiento del centro comercial, donde habr\u00e1 un stand de Verallia para el canje de las entradas\u00bb.<\/em><\/p>\n\n\n\n<p>Por su parte, <strong>Walter Formica<\/strong>, director general de Verallia Argentina, destac\u00f3 que este programa le ha permitido a la empresa ser pionera en fomentar la cultura del reciclado de vidrio en la provincia:<em>\u00a0\u00abDurante 12 a\u00f1os hemos sostenido el compromiso de concientizar sobre la importancia del reciclado de vidrio, hemos ido creciendo en la cantidad de campanas para que todos aquellos que deseen colaborar tengan un acceso m\u00e1s f\u00e1cil y entre todos, sumemos a este c\u00edrculo virtuoso de la reutilizaci\u00f3n del vidrio, que nos permite reducir las emisiones de CO2, consumir menos energ\u00eda y evitar que el vidrio se convierta en un residuo contaminante\u201d,\u00a0<\/em>expres\u00f3 Formica, al tiempo que reiter\u00f3 la convocatoria para este 5 de junio:\u00a0\u201c<em>invitamos a todas las familias a dejar sus botellas y frascos en los contenedores de Verallia, y en esta ocasi\u00f3n participar en el canje por entradas al cine para seguir contribuyendo a la protecci\u00f3n del medio ambiente\u00bb.<\/em><\/p>\n\n\n\n<div style=\"height:30px\" aria-hidden=\"true\" class=\"wp-block-spacer\"><\/div>\n\n\n<div class=\"wp-block-image\">\n<figure class=\"aligncenter size-full is-resized\"><a href=\"https:\/\/enolife.com.ar\/es\/wp-content\/uploads\/2024\/05\/Aniv-Progr-Rec-1.jpg\" data-rel=\"penci-gallery-image-content\" ><img loading=\"lazy\" decoding=\"async\" src=\"https:\/\/enolife.com.ar\/es\/wp-content\/uploads\/2024\/05\/Aniv-Progr-Rec-1.jpg\" alt=\"\" class=\"wp-image-116548\" width=\"650\" height=\"471\" srcset=\"https:\/\/enolife.com.ar\/es\/wp-content\/uploads\/2024\/05\/Aniv-Progr-Rec-1.jpg 690w, https:\/\/enolife.com.ar\/es\/wp-content\/uploads\/2024\/05\/Aniv-Progr-Rec-1-300x217.jpg 300w, https:\/\/enolife.com.ar\/es\/wp-content\/uploads\/2024\/05\/Aniv-Progr-Rec-1-585x424.jpg 585w\" sizes=\"auto, (max-width: 650px) 100vw, 650px\" \/><\/a><figcaption class=\"wp-element-caption\"><em><strong>Walter Formica y Alejandra Mer\u00edn<\/strong><\/em><\/figcaption><\/figure><\/div>\n\n\n<div style=\"height:30px\" aria-hidden=\"true\" class=\"wp-block-spacer\"><\/div>\n\n\n\n<p>En este nuevo aniversario del programa de Verallia, junto con las entradas al cine, quienes participen con sus envases podr\u00e1n tambi\u00e9n llevarse bolsitas ecol\u00f3gicas para el auto y libros sobre el reciclado de vidrio, para colorear.\u00a0\u201c<em>Grandes y chicos podr\u00e1n jugar, divertirse y aprender sobre el cuidado del ambiente y la importancia de reciclar el vidrio\u201d,<\/em>\u00a0sintetiz\u00f3 Mer\u00edn.\u00a0<\/p>\n\n\n\n<p>Es importante destacar que esta nueva edici\u00f3n de la campa\u00f1a \u00abVidrio, una acci\u00f3n transparente\u00bb se desarrolla una vez m\u00e1s a beneficio de Fundaci\u00f3n Conin.&nbsp;\u201c<em>Los envases que se recolecten durante el canje ser\u00e1n pesados, Verallia los utilizar\u00e1 como materia prima y entregar\u00e1 a CONIN el equivalente en especias para contribuir con su importante funci\u00f3n social\u201d,<\/em>&nbsp;explicit\u00f3  Merin.<\/p>\n\n\n\n<div style=\"height:35px\" aria-hidden=\"true\" class=\"wp-block-spacer\"><\/div>\n\n\n\n<p class=\"has-medium-font-size\"><strong>Sobre el programa&nbsp;<\/strong><strong>\u201c<\/strong><strong>Vidrio, una acci\u00f3n transparente\u201d&nbsp;<\/strong><\/p>\n\n\n\n<p>El programa de reciclado de Verallia naci\u00f3 el 5 de junio de 2012 y se ha desarrollado de manera ininterrumpida hasta la actualidad, con un notable crecimiento (de 4 a m\u00e1s de 45 contenedores) gracias a la participaci\u00f3n y compromiso de las familias mendocinas.&nbsp;<\/p>\n\n\n\n<p>La propuesta de la principal empresa proveedora de envases de vidrio para la industria vitivin\u00edcola y del aceite de oliva, consiste en disponer, en distintos puntos del Gran Mendoza, de contenedores con forma de campana, los cuales est\u00e1n identificados con el logo de Verallia. All\u00ed se pueden depositar los envases de vidrio (botellas o frascos), que luego son recolectados por la empresa para convertirlos en botellas nuevas en los hornos que la f\u00e1brica tiene en nuestra provincia. Vale aclarar que no se reciben focos, ni espejos ni otros tipos de vidrio, debido a que no son viables para el reciclado. Solo se pueden depositar en las campanas botellas y frascos de cualquier tama\u00f1o y color.<\/p>\n\n\n\n<div style=\"height:36px\" aria-hidden=\"true\" class=\"wp-block-spacer\"><\/div>\n","protected":false},"excerpt":{"rendered":"<p>El pr\u00f3ximo 5 de junio, fecha en que se conmemora el D\u00eda Mundial del Medio&hellip;<\/p>\n","protected":false},"author":3,"featured_media":116547,"comment_status":"open","ping_status":"open","sticky":false,"template":"","format":"standard","meta":{"footnotes":""},"categories":[57],"tags":[],"class_list":["post-116493","post","type-post","status-publish","format-standard","has-post-thumbnail","hentry","category-empresas"],"_links":{"self":[{"href":"https:\/\/enolife.com.ar\/es\/wp-json\/wp\/v2\/posts\/116493","targetHints":{"allow":["GET"]}}],"collection":[{"href":"https:\/\/enolife.com.ar\/es\/wp-json\/wp\/v2\/posts"}],"about":[{"href":"https:\/\/enolife.com.ar\/es\/wp-json\/wp\/v2\/types\/post"}],"author":[{"embeddable":true,"href":"https:\/\/enolife.com.ar\/es\/wp-json\/wp\/v2\/users\/3"}],"replies":[{"embeddable":true,"href":"https:\/\/enolife.com.ar\/es\/wp-json\/wp\/v2\/comments?post=116493"}],"version-history":[{"count":0,"href":"https:\/\/enolife.com.ar\/es\/wp-json\/wp\/v2\/posts\/116493\/revisions"}],"wp:featuredmedia":[{"embeddable":true,"href":"https:\/\/enolife.com.ar\/es\/wp-json\/wp\/v2\/media\/116547"}],"wp:attachment":[{"href":"https:\/\/enolife.com.ar\/es\/wp-json\/wp\/v2\/media?parent=116493"}],"wp:term":[{"taxonomy":"category","embeddable":true,"href":"https:\/\/enolife.com.ar\/es\/wp-json\/wp\/v2\/categories?post=116493"},{"taxonomy":"post_tag","embeddable":true,"href":"https:\/\/enolife.com.ar\/es\/wp-json\/wp\/v2\/tags?post=116493"}],"curies":[{"name":"wp","href":"https:\/\/api.w.org\/{rel}","templated":true}]}}