{"id":116458,"date":"2024-05-27T11:35:22","date_gmt":"2024-05-27T11:35:22","guid":{"rendered":"https:\/\/enolife.com.ar\/es\/?p=116458"},"modified":"2024-05-29T14:51:36","modified_gmt":"2024-05-29T14:51:36","slug":"achaval-ferrer-presento-sus-mas-preciadas-joyas-3-malbec-2020-de-vinedos-de-1910-1921-y-1950","status":"publish","type":"post","link":"https:\/\/enolife.com.ar\/es\/achaval-ferrer-presento-sus-mas-preciadas-joyas-3-malbec-2020-de-vinedos-de-1910-1921-y-1950\/","title":{"rendered":"Achaval Ferrer present\u00f3 sus m\u00e1s preciadas joyas: 3 malbec 2020 de vi\u00f1edos de 1910, 1921 y 1950"},"content":{"rendered":"\n<h4 class=\"wp-block-heading\"><em><strong>En abril 2024, la tradicional bodega de Mendoza puso en escena en el Museo Provincial de Bellas Artes Emiliano Gui\u00f1az\u00fa-Casa de Fader, una ic\u00f3nica trilog\u00eda de vinos, la colecci\u00f3n Achaval Ferrer Fincas, tres malbec single vineyards provenientes de vi\u00f1edos centenarios. Ahora, esas verdaderas gemas de la enolog\u00eda mendocina ya pueden encontrarse en la tienda on line de la bodega y en las principales vinotecas y restaurantes de Argentina. <\/strong><\/em><\/h4>\n\n\n\n<div style=\"height:35px\" aria-hidden=\"true\" class=\"wp-block-spacer\"><\/div>\n\n\n<a href=\"https:\/\/www.instagram.com\/agroconciencia_\" aria-label=\"BANNER AGROCONCIENCIA 1700X500\"><img loading=\"lazy\" decoding=\"async\" src=\"https:\/\/enolife.com.ar\/es\/wp-content\/uploads\/2019\/07\/BANNER-AGROCONCIENCIA-1700X500-1.jpg\" alt=\"\"  srcset=\"https:\/\/enolife.com.ar\/es\/wp-content\/uploads\/2019\/07\/BANNER-AGROCONCIENCIA-1700X500-1.jpg 1700w, https:\/\/enolife.com.ar\/es\/wp-content\/uploads\/2019\/07\/BANNER-AGROCONCIENCIA-1700X500-1-300x88.jpg 300w, https:\/\/enolife.com.ar\/es\/wp-content\/uploads\/2019\/07\/BANNER-AGROCONCIENCIA-1700X500-1-1024x301.jpg 1024w, https:\/\/enolife.com.ar\/es\/wp-content\/uploads\/2019\/07\/BANNER-AGROCONCIENCIA-1700X500-1-768x226.jpg 768w, https:\/\/enolife.com.ar\/es\/wp-content\/uploads\/2019\/07\/BANNER-AGROCONCIENCIA-1700X500-1-1536x452.jpg 1536w, https:\/\/enolife.com.ar\/es\/wp-content\/uploads\/2019\/07\/BANNER-AGROCONCIENCIA-1700X500-1-1170x344.jpg 1170w, https:\/\/enolife.com.ar\/es\/wp-content\/uploads\/2019\/07\/BANNER-AGROCONCIENCIA-1700X500-1-585x172.jpg 585w\" sizes=\"auto, (max-width: 1700px) 100vw, 1700px\" width=\"1700\" height=\"500\"   \/><\/a>\n\n\n<div style=\"height:45px\" aria-hidden=\"true\" class=\"wp-block-spacer\"><\/div>\n\n\n\n<p>El mes pasado, en el espectacular marco del <strong>Museo Fader<\/strong> de <strong>Mendoza<\/strong>, la bodega local <strong>Achaval Ferrer <\/strong>present\u00f3 ante periodistas, sommeliers, empresarios de la gastronom\u00eda, vinotequeros y amigos de la casa, la <strong>trilog\u00eda de malbecs Achaval Ferrer Fincas<\/strong>, tres single vineyards de sus vi\u00f1edos <strong>Finca Bella Vista, plantados en 1910; Finca Mirador, con vides que datan de 1921 y Finca Altamira, implantados en 1950<\/strong>.<\/p>\n\n\n\n<div style=\"height:30px\" aria-hidden=\"true\" class=\"wp-block-spacer\"><\/div>\n\n\n<div class=\"wp-block-image\">\n<figure class=\"aligncenter size-full is-resized\"><a href=\"https:\/\/enolife.com.ar\/es\/wp-content\/uploads\/2024\/05\/f768x435-1584989_1632732_5050.jpg\" data-rel=\"penci-gallery-image-content\" ><img loading=\"lazy\" decoding=\"async\" src=\"https:\/\/enolife.com.ar\/es\/wp-content\/uploads\/2024\/05\/f768x435-1584989_1632732_5050.jpg\" alt=\"\" class=\"wp-image-116465\" width=\"604\" height=\"375\" srcset=\"https:\/\/enolife.com.ar\/es\/wp-content\/uploads\/2024\/05\/f768x435-1584989_1632732_5050.jpg 682w, https:\/\/enolife.com.ar\/es\/wp-content\/uploads\/2024\/05\/f768x435-1584989_1632732_5050-300x186.jpg 300w, https:\/\/enolife.com.ar\/es\/wp-content\/uploads\/2024\/05\/f768x435-1584989_1632732_5050-585x363.jpg 585w\" sizes=\"auto, (max-width: 604px) 100vw, 604px\" \/><\/a><figcaption class=\"wp-element-caption\"><em><strong>Equipo completo de Achaval Ferrer: Leopoldo G\u00f3mez, Gustavo Rearte, Cecilia Moretti, Julio Lasmartres, Cecilia Colombi, Sebasti\u00e1n V\u00e9lez Romero y Julieta Aranguiz (Foto MDZ)<\/strong><\/em><\/figcaption><\/figure><\/div>\n\n\n<div style=\"height:30px\" aria-hidden=\"true\" class=\"wp-block-spacer\"><\/div>\n\n\n\n<p class=\"has-background\" style=\"background-color:#e8dcf3\">A los pocos d\u00edas, ya esos ejemplares \u00fanicos est\u00e1n disponibles para su adquisici\u00f3n en la tienda online de Achaval Ferrer y en vinotecas y restaurantes selectos. En Argentina se han distribuido <strong>6.000 botellas<\/strong>, y el resto de la producci\u00f3n se exporta a <strong>35 pa\u00edses<\/strong>, con la mayor cantidad hacia <strong>3 destinos principales<\/strong> aparte de Argentina: <strong>Estados Unidos, China y Espa\u00f1a<\/strong>, a donde van el <strong>70% <\/strong>de las cajas. El precio sugerido de cada botella es <strong>$145.000<\/strong>.<\/p>\n\n\n\n<div style=\"height:30px\" aria-hidden=\"true\" class=\"wp-block-spacer\"><\/div>\n\n\n<div class=\"wp-block-image\">\n<figure class=\"aligncenter size-full is-resized\"><a href=\"https:\/\/enolife.com.ar\/es\/wp-content\/uploads\/2024\/05\/enologa-af.jpg\" data-rel=\"penci-gallery-image-content\" ><img loading=\"lazy\" decoding=\"async\" src=\"https:\/\/enolife.com.ar\/es\/wp-content\/uploads\/2024\/05\/enologa-af.jpg\" alt=\"\" class=\"wp-image-116463\" width=\"620\" height=\"413\" srcset=\"https:\/\/enolife.com.ar\/es\/wp-content\/uploads\/2024\/05\/enologa-af.jpg 750w, https:\/\/enolife.com.ar\/es\/wp-content\/uploads\/2024\/05\/enologa-af-300x200.jpg 300w, https:\/\/enolife.com.ar\/es\/wp-content\/uploads\/2024\/05\/enologa-af-585x390.jpg 585w\" sizes=\"auto, (max-width: 620px) 100vw, 620px\" \/><\/a><figcaption class=\"wp-element-caption\"><em><strong>Gustavo Rearte, director de enolog\u00eda de la bodega<\/strong><\/em><\/figcaption><\/figure><\/div>\n\n\n<div style=\"height:30px\" aria-hidden=\"true\" class=\"wp-block-spacer\"><\/div>\n\n\n\n<p>En el evento en el Museo Provincial de Bellas Artes Emiliano Gui\u00f1az\u00fa-Casa de Fader, rodeado de obras de artes, el director de Enolog\u00eda de la bodega, <strong>Gustavo Rearte<\/strong>, gui\u00f3 la degustaci\u00f3n de estos m\u00e1ximos exponentes de la bodega, acompa\u00f1ado de <strong>Mar\u00eda Eugenia Loria<\/strong> -master sommelier, educadora y miembro de la Comisi\u00f3n Directiva de la Asociaci\u00f3n Argentina de Sommeliers. En la cata, los invitados tuvieron la oportunidad de probar los nuevos ejemplares y distinguir su evoluci\u00f3n respecto a cosechas anteriores.<\/p>\n\n\n\n<div style=\"height:30px\" aria-hidden=\"true\" class=\"wp-block-spacer\"><\/div>\n\n\n\n<figure class=\"wp-block-gallery has-nested-images columns-default is-cropped wp-block-gallery-1 is-layout-flex wp-block-gallery-is-layout-flex\">\n<figure class=\"wp-block-image size-full\"><a href=\"https:\/\/enolife.com.ar\/es\/wp-content\/uploads\/2024\/05\/f768x435-1584963_1632706_5050.jpg\" data-rel=\"penci-gallery-image-content\" ><img loading=\"lazy\" decoding=\"async\" width=\"461\" height=\"433\" data-id=\"116467\" src=\"https:\/\/enolife.com.ar\/es\/wp-content\/uploads\/2024\/05\/f768x435-1584963_1632706_5050.jpg\" alt=\"\" class=\"wp-image-116467\" srcset=\"https:\/\/enolife.com.ar\/es\/wp-content\/uploads\/2024\/05\/f768x435-1584963_1632706_5050.jpg 461w, https:\/\/enolife.com.ar\/es\/wp-content\/uploads\/2024\/05\/f768x435-1584963_1632706_5050-300x282.jpg 300w\" sizes=\"auto, (max-width: 461px) 100vw, 461px\" \/><\/a><figcaption class=\"wp-element-caption\"><em><strong>Gustavo Rearte y Mar\u00eda Eugenia Loria<\/strong><\/em><\/figcaption><\/figure>\n\n\n\n<figure class=\"wp-block-image size-full\"><a href=\"https:\/\/enolife.com.ar\/es\/wp-content\/uploads\/2024\/05\/f768x435-1584962_1632705_5050.jpg\" data-rel=\"penci-gallery-image-content\" ><img loading=\"lazy\" decoding=\"async\" width=\"562\" height=\"426\" data-id=\"116466\" src=\"https:\/\/enolife.com.ar\/es\/wp-content\/uploads\/2024\/05\/f768x435-1584962_1632705_5050.jpg\" alt=\"\" class=\"wp-image-116466\" srcset=\"https:\/\/enolife.com.ar\/es\/wp-content\/uploads\/2024\/05\/f768x435-1584962_1632705_5050.jpg 562w, https:\/\/enolife.com.ar\/es\/wp-content\/uploads\/2024\/05\/f768x435-1584962_1632705_5050-300x227.jpg 300w\" sizes=\"auto, (max-width: 562px) 100vw, 562px\" \/><\/a><figcaption class=\"wp-element-caption\"><em><strong>Panel de degustadores invitados<\/strong><\/em><\/figcaption><\/figure>\n<\/figure>\n\n\n\n<div style=\"height:30px\" aria-hidden=\"true\" class=\"wp-block-spacer\"><\/div>\n\n\n\n<p>Durante el evento tambi\u00e9n se exhibieron tres cortometrajes dirigidos por el reconocido realizador <strong>Mariano Cocolo<\/strong>. Y finalmente la noche cerr\u00f3 con un coctail el jard\u00edn de los cipreses del Museo Fader.<\/p>\n\n\n\n<div style=\"height:30px\" aria-hidden=\"true\" class=\"wp-block-spacer\"><\/div>\n\n\n<div class=\"wp-block-image\">\n<figure class=\"aligncenter size-full is-resized\"><a href=\"https:\/\/enolife.com.ar\/es\/wp-content\/uploads\/2024\/05\/f768x1043-1584978_1699428_5050.jpg\" data-rel=\"penci-gallery-image-content\" ><img loading=\"lazy\" decoding=\"async\" src=\"https:\/\/enolife.com.ar\/es\/wp-content\/uploads\/2024\/05\/f768x1043-1584978_1699428_5050.jpg\" alt=\"\" class=\"wp-image-116469\" width=\"625\" height=\"511\" srcset=\"https:\/\/enolife.com.ar\/es\/wp-content\/uploads\/2024\/05\/f768x1043-1584978_1699428_5050.jpg 767w, https:\/\/enolife.com.ar\/es\/wp-content\/uploads\/2024\/05\/f768x1043-1584978_1699428_5050-300x245.jpg 300w, https:\/\/enolife.com.ar\/es\/wp-content\/uploads\/2024\/05\/f768x1043-1584978_1699428_5050-585x478.jpg 585w\" sizes=\"auto, (max-width: 625px) 100vw, 625px\" \/><\/a><figcaption class=\"wp-element-caption\"><em><strong>Oscar Pinco (Pasi\u00f3n por el vino), Pedro Straniero (Enolife), Mayra Maioli (Achaval Ferrer) y Javier Menajovsky (Wine Revolution)<\/strong><\/em><\/figcaption><\/figure><\/div>\n\n\n<div style=\"height:35px\" aria-hidden=\"true\" class=\"wp-block-spacer\"><\/div>\n\n\n\n<p class=\"has-medium-font-size\"><strong>El legado de la tierra y los vi\u00f1edos centenarios<\/strong><\/p>\n\n\n\n<p>Gustavo Rearte, director de Enolog\u00eda de la bodega, explic\u00f3 su manera de trabajar y la inspiraci\u00f3n de Achaval Ferrer para producir sus vinos: <em>\u201cLa ideolog\u00eda de Achaval Ferrer consiste en interpretar lo que los vi\u00f1edos quieren expresar y llevarlo a la botella de la forma m\u00e1s pura, es una b\u00fasqueda constante de la perfecci\u00f3n en la expresi\u00f3n\u201d<\/em>. Y agreg\u00f3: <em>\u201cSoy parte de este proyecto desde hace m\u00e1s de una d\u00e9cada, algo que me llena de orgullo, y hoy tengo la posibilidad de degustar cosechas antiguas de estos tres vi\u00f1edos&#8230; Es la forma m\u00e1s reveladora de experimentar la evoluci\u00f3n del malbec, su potencial, su riqueza y su nobleza, el camino perfecto para que cada a\u00f1ada revele el alma de cada uno de ellos\u201d.<\/em><\/p>\n\n\n\n<div style=\"height:35px\" aria-hidden=\"true\" class=\"wp-block-spacer\"><\/div>\n\n\n\n<figure class=\"wp-block-embed aligncenter is-type-video is-provider-youtube wp-block-embed-youtube wp-embed-aspect-16-9 wp-has-aspect-ratio\"><div class=\"wp-block-embed__wrapper\">\n<iframe loading=\"lazy\" title=\"Finca Bellavista 2020. Achaval Ferrer\" width=\"1170\" height=\"658\" src=\"https:\/\/www.youtube.com\/embed\/04FEwpiHi4s?feature=oembed\" frameborder=\"0\" allow=\"accelerometer; autoplay; clipboard-write; encrypted-media; gyroscope; picture-in-picture; web-share\" referrerpolicy=\"strict-origin-when-cross-origin\" allowfullscreen><\/iframe>\n<\/div><\/figure>\n\n\n\n<div style=\"height:35px\" aria-hidden=\"true\" class=\"wp-block-spacer\"><\/div>\n\n\n\n<blockquote class=\"wp-block-quote is-layout-flow wp-block-quote-is-layout-flow\">\n<p>Siento que esta ser\u00e1 una a\u00f1ada que el p\u00fablico recordar\u00e1. Esto se debe a la expresi\u00f3n de los vinos en un a\u00f1o muy caluroso, a la especificidad de cada terroir&#8230; Conf\u00edo en que con el tiempo evolucionar\u00e1n hacia vinos de mayor expresi\u00f3n y complejidad. Desde el punto de vista de la maduraci\u00f3n, el a\u00f1o 2020 se destac\u00f3 como uno de los m\u00e1s calurosos en Mendoza en los \u00faltimos 20 a\u00f1os\u00bb.<\/p>\n<cite>Gustavo Rearte, director de Enolog\u00eda de Achaval Ferrer<\/cite><\/blockquote>\n\n\n\n<div style=\"height:30px\" aria-hidden=\"true\" class=\"wp-block-spacer\"><\/div>\n\n\n\n<p>Por su parte, <strong>Julio Lasmartres<\/strong>, gerente general de Achaval Ferrer, hizo menci\u00f3n al significado de haber presentado los vinos en Museo: <em>\u201cEl Museo Provincial Emiliano Gui\u00f1az\u00fa-Casa Fader es un orgullo local, por su historia y la riqueza de sus obras, es considerado por todos los mendocinos la catedral del arte local, y por ello resultaba el escenario perfecto para presentar la nueva edici\u00f3n de Achaval Ferrer Fincas Malbec Cosecha 2020, la trilog\u00eda ic\u00f3nica de la bodega que rinde homenaje a la tierra, la historia y el legado que traen consigo estos vi\u00f1edos con m\u00e1s de cien a\u00f1os de vida\u00bb.<\/em><\/p>\n\n\n\n<div style=\"height:35px\" aria-hidden=\"true\" class=\"wp-block-spacer\"><\/div>\n\n\n\n<figure class=\"wp-block-embed aligncenter is-type-video is-provider-youtube wp-block-embed-youtube wp-embed-aspect-16-9 wp-has-aspect-ratio\"><div class=\"wp-block-embed__wrapper\">\n<iframe loading=\"lazy\" title=\"Finca Mirador 2020. Achaval Ferrer\" width=\"1170\" height=\"658\" src=\"https:\/\/www.youtube.com\/embed\/q6Ra3pzkmFk?feature=oembed\" frameborder=\"0\" allow=\"accelerometer; autoplay; clipboard-write; encrypted-media; gyroscope; picture-in-picture; web-share\" referrerpolicy=\"strict-origin-when-cross-origin\" allowfullscreen><\/iframe>\n<\/div><\/figure>\n\n\n\n<div style=\"height:35px\" aria-hidden=\"true\" class=\"wp-block-spacer\"><\/div>\n\n\n\n<p>A su turno, <strong>Mariano Cocolo<\/strong>, reconocido director de fotograf\u00eda y cine, nacido en Mendoza y ganador de importantes menciones en Festivales de Cine como Cannes, en Francia, y en Argentina, al ser consultado por su trabajo coment\u00f3: <em>\u201cAchaval Ferrer necesitaba transmitir de forma especial el mensaje de sus vi\u00f1edos centenarios, mostrar algo de manera t\u00e9cnica y art\u00edstica que plasme belleza sin traicionar el contexto, y para nosotros el desaf\u00edo fue poner el foco en el trabajo de todo un a\u00f1o, no s\u00f3lo en la vendimia\u201d. <\/em>Y agreg\u00f3: <em>\u201cEra crucial entender que \u00edbamos a retratar tres lugares con ubicaci\u00f3n, clima y suelos diferentes, y lo que intentamos plasmar de cada uno de ellos se traduce a los sentidos, hab\u00eda que intervenir en segundos algo que se da de forma paulatina a lo largo de un a\u00f1o, el estado de cambio de los elementos, el agua que se evapora, las vides que cambian el paisaje, la transformaci\u00f3n de la uva en vino y c\u00f3mo se traduce el trabajo del hombre a lo largo del a\u00f1o en diferentes momentos del d\u00eda&#8230; Y todos esos elementos transmitirlos fotogr\u00e1ficamente a trav\u00e9s de la c\u00e1mara. En s\u00edntesis, quisimos llevar las emociones a los sentidos en di\u00e1logo con los guardianes de esos tesoros\u201d.<\/em>&nbsp;&nbsp;&nbsp;&nbsp;<\/p>\n\n\n\n<div style=\"height:35px\" aria-hidden=\"true\" class=\"wp-block-spacer\"><\/div>\n\n\n\n<figure class=\"wp-block-embed aligncenter is-type-video is-provider-youtube wp-block-embed-youtube wp-embed-aspect-16-9 wp-has-aspect-ratio\"><div class=\"wp-block-embed__wrapper\">\n<iframe loading=\"lazy\" title=\"Finca Altamira 2020. Achaval Ferrer\" width=\"1170\" height=\"658\" src=\"https:\/\/www.youtube.com\/embed\/rNnfa5NkGJg?feature=oembed\" frameborder=\"0\" allow=\"accelerometer; autoplay; clipboard-write; encrypted-media; gyroscope; picture-in-picture; web-share\" referrerpolicy=\"strict-origin-when-cross-origin\" allowfullscreen><\/iframe>\n<\/div><\/figure>\n\n\n\n<div style=\"height:35px\" aria-hidden=\"true\" class=\"wp-block-spacer\"><\/div>\n\n\n\n<p class=\"has-black-color has-text-color has-background\" style=\"background-color:#abb7c23d\"><strong>Una limitada producci\u00f3n de botellas se destinar\u00e1 a Argentina de cada ejemplar:<br>-Achaval Ferrer Finca Bella Vista: 2.270 botellas<br>-Achaval Ferrer Finca Mirador: 1.410 botellas<br>-Achaval Ferrer Finca Altamira: 2.320 botellas<\/strong><\/p>\n\n\n\n<div style=\"height:35px\" aria-hidden=\"true\" class=\"wp-block-spacer\"><\/div>\n\n\n\n<p class=\"has-black-color has-white-background-color has-text-color has-background has-medium-font-size\"><strong>Fichas t\u00e9cnicas<\/strong><\/p>\n\n\n\n<p><strong>Finca Bella Vista, 114 a\u00f1os de expresi\u00f3n<\/strong>. La \u00edntima uni\u00f3n de la finca al r\u00edo Mendoza permite que el Malbec de esta locaci\u00f3n brille por su armon\u00eda. Encuentra una expresi\u00f3n t\u00edpicamente elegante, propia de la zona, donde el terru\u00f1o de Luj\u00e1n de Cuyo se demuestra con estilo y fiel al terroir.<\/p>\n\n\n\n<div style=\"height:30px\" aria-hidden=\"true\" class=\"wp-block-spacer\"><\/div>\n\n\n<div class=\"wp-block-image\">\n<figure class=\"aligncenter size-full is-resized\"><a href=\"https:\/\/enolife.com.ar\/es\/wp-content\/uploads\/2024\/05\/Imagen3-13.jpg\" data-rel=\"penci-gallery-image-content\" ><img loading=\"lazy\" decoding=\"async\" src=\"https:\/\/enolife.com.ar\/es\/wp-content\/uploads\/2024\/05\/Imagen3-13.jpg\" alt=\"\" class=\"wp-image-116475\" width=\"802\" height=\"368\" srcset=\"https:\/\/enolife.com.ar\/es\/wp-content\/uploads\/2024\/05\/Imagen3-13.jpg 952w, https:\/\/enolife.com.ar\/es\/wp-content\/uploads\/2024\/05\/Imagen3-13-300x138.jpg 300w, https:\/\/enolife.com.ar\/es\/wp-content\/uploads\/2024\/05\/Imagen3-13-768x353.jpg 768w, https:\/\/enolife.com.ar\/es\/wp-content\/uploads\/2024\/05\/Imagen3-13-585x269.jpg 585w\" sizes=\"auto, (max-width: 802px) 100vw, 802px\" \/><\/a><\/figure><\/div>\n\n\n<div style=\"height:35px\" aria-hidden=\"true\" class=\"wp-block-spacer\"><\/div>\n\n\n\n<p><strong>Finca Mirador, 103 a\u00f1os de historias para contar<\/strong>. En el Este de Mendoza, Finca Mirador se destaca por su suelo arenoso, un gran descriptor de este vino es que se expresa des\u00e9rtico, logrado en un esfuerzo mayor de parte de las plantas que crecieron y maduraron trabajosamente. El resultado: un vino untuoso, goloso, que logra llenar el paladar.<\/p>\n\n\n\n<div style=\"height:30px\" aria-hidden=\"true\" class=\"wp-block-spacer\"><\/div>\n\n\n<div class=\"wp-block-image\">\n<figure class=\"aligncenter size-full is-resized\"><a href=\"https:\/\/enolife.com.ar\/es\/wp-content\/uploads\/2024\/05\/Imagen2-16.jpg\" data-rel=\"penci-gallery-image-content\" ><img loading=\"lazy\" decoding=\"async\" src=\"https:\/\/enolife.com.ar\/es\/wp-content\/uploads\/2024\/05\/Imagen2-16.jpg\" alt=\"\" class=\"wp-image-116476\" width=\"780\" height=\"361\" srcset=\"https:\/\/enolife.com.ar\/es\/wp-content\/uploads\/2024\/05\/Imagen2-16.jpg 927w, https:\/\/enolife.com.ar\/es\/wp-content\/uploads\/2024\/05\/Imagen2-16-300x139.jpg 300w, https:\/\/enolife.com.ar\/es\/wp-content\/uploads\/2024\/05\/Imagen2-16-768x356.jpg 768w, https:\/\/enolife.com.ar\/es\/wp-content\/uploads\/2024\/05\/Imagen2-16-585x271.jpg 585w\" sizes=\"auto, (max-width: 780px) 100vw, 780px\" \/><\/a><\/figure><\/div>\n\n\n<div style=\"height:35px\" aria-hidden=\"true\" class=\"wp-block-spacer\"><\/div>\n\n\n\n<p><strong>Finca Altamira, 74 a\u00f1os de madurez<\/strong>. Como la cordillera, tan cercana a este vi\u00f1edo de 1950, el Malbec de Finca Altamira se degusta imponente, desde el paladar, y a trav\u00e9s de su largo final es un vino fiel al terru\u00f1o. Las rocas del suelo transmiten su energ\u00eda al vino, volvi\u00e9ndose palpables en un vino que describe su origen.<\/p>\n\n\n\n<div style=\"height:30px\" aria-hidden=\"true\" class=\"wp-block-spacer\"><\/div>\n\n\n<div class=\"wp-block-image\">\n<figure class=\"aligncenter size-full is-resized\"><a href=\"https:\/\/enolife.com.ar\/es\/wp-content\/uploads\/2024\/05\/Imagen1-23.jpg\" data-rel=\"penci-gallery-image-content\" ><img loading=\"lazy\" decoding=\"async\" src=\"https:\/\/enolife.com.ar\/es\/wp-content\/uploads\/2024\/05\/Imagen1-23.jpg\" alt=\"\" class=\"wp-image-116477\" width=\"744\" height=\"341\" srcset=\"https:\/\/enolife.com.ar\/es\/wp-content\/uploads\/2024\/05\/Imagen1-23.jpg 934w, https:\/\/enolife.com.ar\/es\/wp-content\/uploads\/2024\/05\/Imagen1-23-300x138.jpg 300w, https:\/\/enolife.com.ar\/es\/wp-content\/uploads\/2024\/05\/Imagen1-23-768x353.jpg 768w, https:\/\/enolife.com.ar\/es\/wp-content\/uploads\/2024\/05\/Imagen1-23-585x269.jpg 585w\" sizes=\"auto, (max-width: 744px) 100vw, 744px\" \/><\/a><\/figure><\/div>\n\n\n<div style=\"height:30px\" aria-hidden=\"true\" class=\"wp-block-spacer\"><\/div>\n\n\n\n<div style=\"height:27px\" aria-hidden=\"true\" class=\"wp-block-spacer\"><\/div>\n","protected":false},"excerpt":{"rendered":"<p>En abril 2024, la tradicional bodega de Mendoza puso en escena en el Museo Provincial&hellip;<\/p>\n","protected":false},"author":3,"featured_media":116481,"comment_status":"open","ping_status":"open","sticky":false,"template":"","format":"standard","meta":{"footnotes":""},"categories":[56,57],"tags":[],"class_list":["post-116458","post","type-post","status-publish","format-standard","has-post-thumbnail","hentry","category-destacado","category-empresas"],"_links":{"self":[{"href":"https:\/\/enolife.com.ar\/es\/wp-json\/wp\/v2\/posts\/116458","targetHints":{"allow":["GET"]}}],"collection":[{"href":"https:\/\/enolife.com.ar\/es\/wp-json\/wp\/v2\/posts"}],"about":[{"href":"https:\/\/enolife.com.ar\/es\/wp-json\/wp\/v2\/types\/post"}],"author":[{"embeddable":true,"href":"https:\/\/enolife.com.ar\/es\/wp-json\/wp\/v2\/users\/3"}],"replies":[{"embeddable":true,"href":"https:\/\/enolife.com.ar\/es\/wp-json\/wp\/v2\/comments?post=116458"}],"version-history":[{"count":0,"href":"https:\/\/enolife.com.ar\/es\/wp-json\/wp\/v2\/posts\/116458\/revisions"}],"wp:featuredmedia":[{"embeddable":true,"href":"https:\/\/enolife.com.ar\/es\/wp-json\/wp\/v2\/media\/116481"}],"wp:attachment":[{"href":"https:\/\/enolife.com.ar\/es\/wp-json\/wp\/v2\/media?parent=116458"}],"wp:term":[{"taxonomy":"category","embeddable":true,"href":"https:\/\/enolife.com.ar\/es\/wp-json\/wp\/v2\/categories?post=116458"},{"taxonomy":"post_tag","embeddable":true,"href":"https:\/\/enolife.com.ar\/es\/wp-json\/wp\/v2\/tags?post=116458"}],"curies":[{"name":"wp","href":"https:\/\/api.w.org\/{rel}","templated":true}]}}