{"id":116396,"date":"2024-05-26T13:33:06","date_gmt":"2024-05-26T13:33:06","guid":{"rendered":"https:\/\/enolife.com.ar\/es\/?p=116396"},"modified":"2024-05-27T23:16:11","modified_gmt":"2024-05-27T23:16:11","slug":"politica-economia-y-estrategias-del-vino-en-un-foro-del-fondo-vitivinicola-con-guillermo-oliveto","status":"publish","type":"post","link":"https:\/\/enolife.com.ar\/es\/politica-economia-y-estrategias-del-vino-en-un-foro-del-fondo-vitivinicola-con-guillermo-oliveto\/","title":{"rendered":"Pol\u00edtica, econom\u00eda y estrategias del vino, en un foro del Fondo Vitivin\u00edcola con Guillermo Oliveto"},"content":{"rendered":"\n<h4 class=\"wp-block-heading\"><em><strong>Este pr\u00f3ximo lunes 3 de junio, en la Enoteca -centro tem\u00e1tico del vino en Mendoza, ubicado en Peltier 611 de esta capital- el reconocido analista y consultor ofrecer\u00e1 su panorama del negocio del vino, en el contexto de la actual situaci\u00f3n macroecon\u00f3mica y las tendencias de consumo en el mercado interno argentino.<\/strong><\/em><\/h4>\n\n\n\n<div style=\"height:35px\" aria-hidden=\"true\" class=\"wp-block-spacer\"><\/div>\n\n\n\n\n\n<div style=\"height:45px\" aria-hidden=\"true\" class=\"wp-block-spacer\"><\/div>\n\n\n\n<p>La reuni\u00f3n es organizada por el <strong>Fondo Vitivin\u00edcola Mendoza<\/strong> y tendr\u00e1 lugar desde las 19.30 de Argentina en <strong>La Enoteca de Mendoza.<\/strong><\/p>\n\n\n\n<p>Este foro propone integrar los datos de la situaci\u00f3n pol\u00edtica y econ\u00f3mica argentina que atraviesan al negocio del vino y determinan el clima social. Ser\u00e1 el consultor <strong>Guillermo Oliveto<\/strong> el encargado de analizar el panorama y proponer una mirada estrat\u00e9gica para el vino argentino. Oliveto abordar\u00e1 tambi\u00e9n las tendencias de consumo y los n\u00fameros del mercado interno a fin de comprender la complejidad y las oportunidades para el vino argentino.<\/p>\n\n\n\n<div style=\"height:30px\" aria-hidden=\"true\" class=\"wp-block-spacer\"><\/div>\n\n\n<div class=\"wp-block-image\">\n<figure class=\"aligncenter size-full is-resized\"><a href=\"https:\/\/enolife.com.ar\/es\/wp-content\/uploads\/2024\/05\/https___cdn.evbuc_.com_images_772892389_220949110526_1_original.jpg\" data-rel=\"penci-gallery-image-content\" ><img loading=\"lazy\" decoding=\"async\" src=\"https:\/\/enolife.com.ar\/es\/wp-content\/uploads\/2024\/05\/https___cdn.evbuc_.com_images_772892389_220949110526_1_original.jpg\" alt=\"\" class=\"wp-image-116399\" width=\"674\" height=\"373\" srcset=\"https:\/\/enolife.com.ar\/es\/wp-content\/uploads\/2024\/05\/https___cdn.evbuc_.com_images_772892389_220949110526_1_original.jpg 844w, https:\/\/enolife.com.ar\/es\/wp-content\/uploads\/2024\/05\/https___cdn.evbuc_.com_images_772892389_220949110526_1_original-300x166.jpg 300w, https:\/\/enolife.com.ar\/es\/wp-content\/uploads\/2024\/05\/https___cdn.evbuc_.com_images_772892389_220949110526_1_original-768x426.jpg 768w, https:\/\/enolife.com.ar\/es\/wp-content\/uploads\/2024\/05\/https___cdn.evbuc_.com_images_772892389_220949110526_1_original-585x324.jpg 585w\" sizes=\"auto, (max-width: 674px) 100vw, 674px\" \/><\/a><\/figure><\/div>\n\n\n<div style=\"height:30px\" aria-hidden=\"true\" class=\"wp-block-spacer\"><\/div>\n\n\n\n<p class=\"has-medium-font-size\"><strong>Exponentes<\/strong><\/p>\n\n\n\n<p><strong>-Guillermo Oliveto<\/strong>: Datos de consumo y tendencias. Clima de \u00e9poca, pol\u00edtica y econom\u00eda.<br><strong>-Emilio Cesio<\/strong>: La comunicaci\u00f3n de la categor\u00eda y su competencia. Los resultados de la campa\u00f1a Refrescancia (El Vino Nos Une).<br><br>Evento presencial, gratuito, destinado a bodegas, proveedores y referentes del sector. <\/p>\n\n\n\n<div style=\"height:13px\" aria-hidden=\"true\" class=\"wp-block-spacer\"><\/div>\n\n\n\n<p class=\"has-background\" style=\"background-color:#abb7c242\"><strong>Inscripciones: <a href=\"https:\/\/www.eventbrite.com.ar\/e\/una-mirada-estrategica-marcada-por-el-desafio-coyuntural-tickets-910581873897?aff=oddtdtcreator\" title=\"\">AQU\u00cd<\/a> &#8211; Consultas: <a href=\"mailto:comunicacion@fondovitivinicola.com.ar\">comunicacion@fondovitivinicola.com.ar<\/a>.<\/strong><\/p>\n\n\n\n<div style=\"height:30px\" aria-hidden=\"true\" class=\"wp-block-spacer\"><\/div>\n","protected":false},"excerpt":{"rendered":"<p>Este pr\u00f3ximo lunes 3 de junio, en la Enoteca -centro tem\u00e1tico del vino en Mendoza,&hellip;<\/p>\n","protected":false},"author":3,"featured_media":116451,"comment_status":"open","ping_status":"open","sticky":false,"template":"","format":"standard","meta":{"footnotes":""},"categories":[47],"tags":[],"class_list":["post-116396","post","type-post","status-publish","format-standard","has-post-thumbnail","hentry","category-agenda"],"_links":{"self":[{"href":"https:\/\/enolife.com.ar\/es\/wp-json\/wp\/v2\/posts\/116396","targetHints":{"allow":["GET"]}}],"collection":[{"href":"https:\/\/enolife.com.ar\/es\/wp-json\/wp\/v2\/posts"}],"about":[{"href":"https:\/\/enolife.com.ar\/es\/wp-json\/wp\/v2\/types\/post"}],"author":[{"embeddable":true,"href":"https:\/\/enolife.com.ar\/es\/wp-json\/wp\/v2\/users\/3"}],"replies":[{"embeddable":true,"href":"https:\/\/enolife.com.ar\/es\/wp-json\/wp\/v2\/comments?post=116396"}],"version-history":[{"count":0,"href":"https:\/\/enolife.com.ar\/es\/wp-json\/wp\/v2\/posts\/116396\/revisions"}],"wp:featuredmedia":[{"embeddable":true,"href":"https:\/\/enolife.com.ar\/es\/wp-json\/wp\/v2\/media\/116451"}],"wp:attachment":[{"href":"https:\/\/enolife.com.ar\/es\/wp-json\/wp\/v2\/media?parent=116396"}],"wp:term":[{"taxonomy":"category","embeddable":true,"href":"https:\/\/enolife.com.ar\/es\/wp-json\/wp\/v2\/categories?post=116396"},{"taxonomy":"post_tag","embeddable":true,"href":"https:\/\/enolife.com.ar\/es\/wp-json\/wp\/v2\/tags?post=116396"}],"curies":[{"name":"wp","href":"https:\/\/api.w.org\/{rel}","templated":true}]}}