{"id":116310,"date":"2024-05-26T15:42:41","date_gmt":"2024-05-26T15:42:41","guid":{"rendered":"https:\/\/enolife.com.ar\/es\/?p=116310"},"modified":"2024-05-28T13:22:59","modified_gmt":"2024-05-28T13:22:59","slug":"promendoza-y-procolombia-hacen-un-puente-entre-pymes-para-aumentar-el-intercambio-comercial","status":"publish","type":"post","link":"https:\/\/enolife.com.ar\/es\/promendoza-y-procolombia-hacen-un-puente-entre-pymes-para-aumentar-el-intercambio-comercial\/","title":{"rendered":"ProMendoza y ProColombia hacen un puente entre pymes para aumentar el intercambio comercial"},"content":{"rendered":"\n<h4 class=\"wp-block-heading\"><em><strong>Funcionarios del gobierno mendocino y representantes colombianos se reunieron durante tres d\u00edas en Mendoza para estrechar relaciones comerciales. En la pr\u00e1ctica, se dise\u00f1\u00f3 un programa para facilitar el desembarco mutuo de pymes, as\u00ed como la llegada m\u00e1s f\u00e1cil de los productos de esas empresas. <\/strong><\/em><\/h4>\n\n\n\n<div style=\"height:35px\" aria-hidden=\"true\" class=\"wp-block-spacer\"><\/div>\n\n\n\n\n\n<div style=\"height:45px\" aria-hidden=\"true\" class=\"wp-block-spacer\"><\/div>\n\n\n\n<p>Diriectivos de <strong>ProMendoza<\/strong> -la agencia estatal mendocina de promoci\u00f3n de los productos locales en el exterior- recibieron a los titulares de <strong>ProColombia<\/strong> en <strong>Argentina<\/strong> -entidad que tambi\u00e9n representa a <strong>Uruguay<\/strong> y <strong>Paraguay<\/strong>&#8211; con el objeto de<strong> estrechar lazos comerciales entre Mendoza y Colombia<\/strong>, por considerarse mutuamente mercados de cercan\u00eda en el \u00e1mbito latinoamericano.<\/p>\n\n\n\n<p>La visita de los funcionarios colombianos a Mendoza incluy\u00f3 una nutrida agenda de trabajo con organismos de gobierno local y con empresarios y emprendedores mendocinos.&nbsp;<\/p>\n\n\n\n<div style=\"height:19px\" aria-hidden=\"true\" class=\"wp-block-spacer\"><\/div>\n\n\n\n<blockquote class=\"wp-block-quote is-layout-flow wp-block-quote-is-layout-flow\">\n<p>Hoy le exportamos a Colombia vinos, sobre todo, pero tambi\u00e9n alimentos como aceitunas, pulpa de frutas, ciruelas deshidratadas, algo de manufactura de origen industrial como tuercas y tornillos, pero tambi\u00e9n productos de servicios basados en el conocimiento, como software y servicios audiovisuales\u00bb.<\/p>\n<cite>Patricia Gim\u00e9nez, gerenta de ProMendoza.<\/cite><\/blockquote>\n\n\n\n<div style=\"height:24px\" aria-hidden=\"true\" class=\"wp-block-spacer\"><\/div>\n\n\n\n<p>Gim\u00e9nez destac\u00f3 que \u00ab<em>Mendoza puede constituirse en una entrada permanente de los productos provenientes de la costa del Pac\u00edfico a Argentina, y nosotros somos la agencia de vinculaci\u00f3n de la provincia que puede contribuir para el desarrollo e intercambio con Colombia\u00bb.&nbsp;<\/em><\/p>\n\n\n\n<p>De la reuni\u00f3n de presentaci\u00f3n que se realiz\u00f3 en las oficinas de ProMendoza participaron representantes de la Federaci\u00f3n Econ\u00f3mica de Mendoza, Bolsa de Comercio de Mendoza, C\u00e1mara de Comercio Exterior de Cuyo, el Colegio de Despachantes de Aduanas de Mendoza e integrantes del ministerio de Producci\u00f3n.&nbsp;<\/p>\n\n\n\n<div style=\"height:30px\" aria-hidden=\"true\" class=\"wp-block-spacer\"><\/div>\n\n\n\n<p class=\"has-medium-font-size\"><strong>En busca de estrechar lazos<\/strong><\/p>\n\n\n\n<p>ProColombia se dedica a promover las exportaciones, fomentar la expansi\u00f3n empresarial, atraer inversi\u00f3n extranjera, posicionar el turismo y fortalecer la imagen de Colombia a nivel internacional. Durante su estad\u00eda en Mendoza, los funcionarios colombianos mantuvieron tres jornadas completas de reuniones con miembros del gobierno mendocino y empresarios de distintos rubros, como tecnolog\u00eda, alimentos y solventes org\u00e1nicos. Buscan estrechar lazos para hacer &nbsp;negocios entre los dos pa\u00edses.&nbsp;<\/p>\n\n\n\n<div style=\"height:30px\" aria-hidden=\"true\" class=\"wp-block-spacer\"><\/div>\n\n\n<div class=\"wp-block-image\">\n<figure class=\"aligncenter size-full\"><a href=\"https:\/\/enolife.com.ar\/es\/wp-content\/uploads\/2024\/05\/b63e5496-b085-9ce9-41fb-7e96d87430d6.jpg\" data-rel=\"penci-gallery-image-content\" ><img loading=\"lazy\" decoding=\"async\" width=\"594\" height=\"322\" src=\"https:\/\/enolife.com.ar\/es\/wp-content\/uploads\/2024\/05\/b63e5496-b085-9ce9-41fb-7e96d87430d6.jpg\" alt=\"\" class=\"wp-image-116314\" srcset=\"https:\/\/enolife.com.ar\/es\/wp-content\/uploads\/2024\/05\/b63e5496-b085-9ce9-41fb-7e96d87430d6.jpg 594w, https:\/\/enolife.com.ar\/es\/wp-content\/uploads\/2024\/05\/b63e5496-b085-9ce9-41fb-7e96d87430d6-300x163.jpg 300w, https:\/\/enolife.com.ar\/es\/wp-content\/uploads\/2024\/05\/b63e5496-b085-9ce9-41fb-7e96d87430d6-585x317.jpg 585w\" sizes=\"auto, (max-width: 594px) 100vw, 594px\" \/><\/a><\/figure><\/div>\n\n\n<div style=\"height:30px\" aria-hidden=\"true\" class=\"wp-block-spacer\"><\/div>\n\n\n\n<p><strong>Luis Fernando Fuentes Ibarra<\/strong> y <strong>Lina Mar\u00eda Patarroyo<\/strong>, representantes de la oficina comercial de ProColombia en Argentina, Uruguay y Paraguay, ofrecieron a pymes locales su ayuda para el desarrollo de estrategias comerciales para aquellas que quieran implantarse en Colombia.&nbsp;<\/p>\n\n\n\n<p>La agenda incluye tambi\u00e9n incluy\u00f3 una charla en el Polo Tecnol\u00f3gico mendocino para mostrarles a los visitantes el potencial exportador de las TICs de Mendoza. Adem\u00e1s, los funcionarios del sector mostraron su inter\u00e9s en empresas con sede en Polo, como es el caso de <strong>Interbrain, Itiers Data Sense, Origami Software, Software del Sur, Accessin.net, Condolencias.Online , Lila Software Sdudio, CuencoTech, Kaf\u00e9 Sistemas, R- LINK y Powersis Tecnolog\u00eda<\/strong>.&nbsp;<\/p>\n\n\n\n<p>Finalmente, los representantes colombianos realizaron actividades de promoci\u00f3n tur\u00edstica acompa\u00f1ados por funcionarios del <strong>Ente Mendoza Turismo (Emetur).<\/strong><\/p>\n\n\n\n<div style=\"height:30px\" aria-hidden=\"true\" class=\"wp-block-spacer\"><\/div>\n","protected":false},"excerpt":{"rendered":"<p>Funcionarios del gobierno mendocino y representantes colombianos se reunieron durante tres d\u00edas en Mendoza para&hellip;<\/p>\n","protected":false},"author":3,"featured_media":116317,"comment_status":"open","ping_status":"open","sticky":false,"template":"","format":"standard","meta":{"footnotes":""},"categories":[14],"tags":[],"class_list":["post-116310","post","type-post","status-publish","format-standard","has-post-thumbnail","hentry","category-news"],"_links":{"self":[{"href":"https:\/\/enolife.com.ar\/es\/wp-json\/wp\/v2\/posts\/116310","targetHints":{"allow":["GET"]}}],"collection":[{"href":"https:\/\/enolife.com.ar\/es\/wp-json\/wp\/v2\/posts"}],"about":[{"href":"https:\/\/enolife.com.ar\/es\/wp-json\/wp\/v2\/types\/post"}],"author":[{"embeddable":true,"href":"https:\/\/enolife.com.ar\/es\/wp-json\/wp\/v2\/users\/3"}],"replies":[{"embeddable":true,"href":"https:\/\/enolife.com.ar\/es\/wp-json\/wp\/v2\/comments?post=116310"}],"version-history":[{"count":0,"href":"https:\/\/enolife.com.ar\/es\/wp-json\/wp\/v2\/posts\/116310\/revisions"}],"wp:featuredmedia":[{"embeddable":true,"href":"https:\/\/enolife.com.ar\/es\/wp-json\/wp\/v2\/media\/116317"}],"wp:attachment":[{"href":"https:\/\/enolife.com.ar\/es\/wp-json\/wp\/v2\/media?parent=116310"}],"wp:term":[{"taxonomy":"category","embeddable":true,"href":"https:\/\/enolife.com.ar\/es\/wp-json\/wp\/v2\/categories?post=116310"},{"taxonomy":"post_tag","embeddable":true,"href":"https:\/\/enolife.com.ar\/es\/wp-json\/wp\/v2\/tags?post=116310"}],"curies":[{"name":"wp","href":"https:\/\/api.w.org\/{rel}","templated":true}]}}