{"id":116254,"date":"2024-05-24T15:06:39","date_gmt":"2024-05-24T15:06:39","guid":{"rendered":"https:\/\/enolife.com.ar\/es\/?p=116254"},"modified":"2025-04-17T15:23:46","modified_gmt":"2025-04-17T15:23:46","slug":"la-comunicadora-alejandra-navarria-gerencia-la-maria-hotel-boutique-hito-en-los-caminos-del-vino","status":"publish","type":"post","link":"https:\/\/enolife.com.ar\/es\/la-comunicadora-alejandra-navarria-gerencia-la-maria-hotel-boutique-hito-en-los-caminos-del-vino\/","title":{"rendered":"La comunicadora Alejandra Navarr\u00eda gerencia La Mar\u00eda Hotel Boutique, hito en los Caminos del Vino"},"content":{"rendered":"\n<h4 class=\"wp-block-heading\"><em><strong>La profesional mendocina especialista en comunicaci\u00f3n institucional y relaciones p\u00fablicas, tambi\u00e9n creadora del exitoso ciclo de encuentros \u00abYoga por los Caminos del Vino\u00bb, asumi\u00f3 como l\u00edder en la operaci\u00f3n del refinado hotel recientemente inaugurado en Chacras de Coria, Luj\u00e1n de Cuyo, Mendoza, en un punto clave de los Caminos del Vino de la provincia.<\/strong><\/em><\/h4>\n\n\n\n<div style=\"height:35px\" aria-hidden=\"true\" class=\"wp-block-spacer\"><\/div>\n\n\n\n\n\n<div style=\"height:45px\" aria-hidden=\"true\" class=\"wp-block-spacer\"><\/div>\n\n\n\n<p><strong>Alejandra Navarr\u00eda<\/strong> se sum\u00f3 al equipo de <strong>La Mar\u00eda Hotel Boutique<\/strong>, aportando su experiencia de 25 a\u00f1os de ejercicio profesional, en los que ha transitado la Comunicaci\u00f3n Institucional, las Relaciones P\u00fablicas, la organizaci\u00f3n de eventos y la direcci\u00f3n de emprendimientos asociados al bienestar, como <strong>Yoga por los Caminos del Vino.<\/strong><\/p>\n\n\n\n<p>En este su nuevo rol, Navarr\u00eda ser\u00e1 responsable de liderar la estrategia operativa, institucional y comercial del hotel a nivel nacional y especialmente internacional, en los mercados que conforman la regi\u00f3n -como <strong>Brasil, Uruguay, Per\u00fa, Chile y Colombia, M\u00e9xico, EEUU <\/strong>y<strong> Europa.<\/strong><\/p>\n\n\n\n<div style=\"height:30px\" aria-hidden=\"true\" class=\"wp-block-spacer\"><\/div>\n\n\n<div class=\"wp-block-image\">\n<figure class=\"aligncenter size-full is-resized\"><a href=\"https:\/\/enolife.com.ar\/es\/wp-content\/uploads\/2024\/05\/Imagen3-11.jpg\" data-rel=\"penci-gallery-image-content\" ><img loading=\"lazy\" decoding=\"async\" width=\"839\" height=\"445\" src=\"https:\/\/enolife.com.ar\/es\/wp-content\/uploads\/2024\/05\/Imagen3-11.jpg\" alt=\"\" class=\"wp-image-116289\" style=\"width:667px;height:354px\" srcset=\"https:\/\/enolife.com.ar\/es\/wp-content\/uploads\/2024\/05\/Imagen3-11.jpg 839w, https:\/\/enolife.com.ar\/es\/wp-content\/uploads\/2024\/05\/Imagen3-11-300x159.jpg 300w, https:\/\/enolife.com.ar\/es\/wp-content\/uploads\/2024\/05\/Imagen3-11-768x407.jpg 768w, https:\/\/enolife.com.ar\/es\/wp-content\/uploads\/2024\/05\/Imagen3-11-585x310.jpg 585w\" sizes=\"auto, (max-width: 839px) 100vw, 839px\" \/><\/a><figcaption class=\"wp-element-caption\"><em><strong>Una de las habitaciones del lujoso hotel de Chacras de Coria.<\/strong><\/em><\/figcaption><\/figure><\/div>\n\n\n<div style=\"height:30px\" aria-hidden=\"true\" class=\"wp-block-spacer\"><\/div>\n\n\n\n<p>Navarr\u00eda es licenciada en Comunicaci\u00f3n Social, egresada de la Universidad Nacional de Cuyo (UNCuyo), y se dedic\u00f3 al periodismo durante m\u00e1s de dos d\u00e9cadas. Tambi\u00e9n se ha formado en <strong>Yoga Integral y Hatha Vinyasa Yoga<\/strong>. Inici\u00f3 su carrera en <strong>Supercanal<\/strong> y <strong>Diario Uno<\/strong>; posteriormente fue la responsable de Comunicaci\u00f3n Institucional en <strong>Fundaci\u00f3n ProMendoza<\/strong> y se desempe\u00f1\u00f3 durante 18 a\u00f1os a cargo de <strong>Sociales de diario Los Andes<\/strong>, desde donde colabor\u00f3 adem\u00e1s con secciones como Turismo y Gastronom\u00eda. Desde hace 5 a\u00f1os desarrolla el circuito itinerante de pr\u00e1cticas de yoga en bodegas y presta servicios de comunicaci\u00f3n y RRPP de manera independiente.<\/p>\n\n\n\n<div style=\"height:30px\" aria-hidden=\"true\" class=\"wp-block-spacer\"><\/div>\n\n\n<div class=\"wp-block-image\">\n<figure class=\"aligncenter size-full is-resized\"><a href=\"https:\/\/enolife.com.ar\/es\/wp-content\/uploads\/2024\/05\/Imagen6-5.jpg\" data-rel=\"penci-gallery-image-content\" ><img loading=\"lazy\" decoding=\"async\" width=\"1000\" height=\"668\" src=\"https:\/\/enolife.com.ar\/es\/wp-content\/uploads\/2024\/05\/Imagen6-5.jpg\" alt=\"\" class=\"wp-image-116292\" style=\"width:608px;height:406px\" srcset=\"https:\/\/enolife.com.ar\/es\/wp-content\/uploads\/2024\/05\/Imagen6-5.jpg 1000w, https:\/\/enolife.com.ar\/es\/wp-content\/uploads\/2024\/05\/Imagen6-5-300x200.jpg 300w, https:\/\/enolife.com.ar\/es\/wp-content\/uploads\/2024\/05\/Imagen6-5-768x513.jpg 768w, https:\/\/enolife.com.ar\/es\/wp-content\/uploads\/2024\/05\/Imagen6-5-585x391.jpg 585w\" sizes=\"auto, (max-width: 1000px) 100vw, 1000px\" \/><\/a><figcaption class=\"wp-element-caption\"><strong><em>Los jardines donde disfrutar de un atardecer y un fueguito<\/em><\/strong>.<\/figcaption><\/figure><\/div>\n\n\n<div style=\"height:30px\" aria-hidden=\"true\" class=\"wp-block-spacer\"><\/div>\n\n\n\n<p><em>\u201cLa decisi\u00f3n de incorporarla a nuestro equipo tuvo que ver con su capacidad de organizaci\u00f3n y comunicaci\u00f3n, sus aptitudes para crear y desarrollar experiencias transformadoras; confiamos en su mirada vers\u00e1til y su impecable trayectoria. Estamos convencidos de que Alejandra acercar\u00e1 a nuestros hu\u00e9spedes el cobijo, la calidad de servicio y nuestro m\u00e1s c\u00e1lido sentido de la hospitalidad a un emprendimiento que acaba de nacer, pero promete jugar en primera l\u00ednea en su estilo, ya que aqu\u00ed cada pasajero se sentir\u00e1 como en su propia casa\u201d<\/em> afirm\u00f3 <strong>Mar\u00eda Aguinaga<\/strong>, propietaria de La Mar\u00eda Hotel Boutique. <a href=\"http:\/\/yandex.ru\">\u044f\u043d\u0434\u0435\u043a\u0441<\/a> <\/p>\n\n\n\n<p><em>\u201cMe siento feliz y honrada por unirme al team de La Mar\u00eda Hotel Boutique <\/em>-destac\u00f3 Navarr\u00eda-<em>; s\u00e9 que detr\u00e1s de esta bella infraestructura hay una inmensa apuesta hecha no solo con profesionalismo, sino con coraz\u00f3n, dedicaci\u00f3n y mucho amor. Es el resultado de varios a\u00f1os de trabajo, de muchas personas (las mejores en su rubro) que han confluido aqu\u00ed, a quienes deseo alentar, coordinar y especialmente inspirar, para que este espacio sea una propuesta inolvidable de estancia, descanso y disfrute en Mendoza\u201d<\/em>.<\/p>\n\n\n\n<div style=\"height:30px\" aria-hidden=\"true\" class=\"wp-block-spacer\"><\/div>\n","protected":false},"excerpt":{"rendered":"<p>La profesional mendocina especialista en comunicaci\u00f3n institucional y relaciones p\u00fablicas, tambi\u00e9n creadora del exitoso ciclo&hellip;<\/p>\n","protected":false},"author":3,"featured_media":116288,"comment_status":"open","ping_status":"open","sticky":false,"template":"","format":"standard","meta":{"footnotes":""},"categories":[57],"tags":[],"class_list":["post-116254","post","type-post","status-publish","format-standard","has-post-thumbnail","hentry","category-empresas"],"_links":{"self":[{"href":"https:\/\/enolife.com.ar\/es\/wp-json\/wp\/v2\/posts\/116254","targetHints":{"allow":["GET"]}}],"collection":[{"href":"https:\/\/enolife.com.ar\/es\/wp-json\/wp\/v2\/posts"}],"about":[{"href":"https:\/\/enolife.com.ar\/es\/wp-json\/wp\/v2\/types\/post"}],"author":[{"embeddable":true,"href":"https:\/\/enolife.com.ar\/es\/wp-json\/wp\/v2\/users\/3"}],"replies":[{"embeddable":true,"href":"https:\/\/enolife.com.ar\/es\/wp-json\/wp\/v2\/comments?post=116254"}],"version-history":[{"count":0,"href":"https:\/\/enolife.com.ar\/es\/wp-json\/wp\/v2\/posts\/116254\/revisions"}],"wp:featuredmedia":[{"embeddable":true,"href":"https:\/\/enolife.com.ar\/es\/wp-json\/wp\/v2\/media\/116288"}],"wp:attachment":[{"href":"https:\/\/enolife.com.ar\/es\/wp-json\/wp\/v2\/media?parent=116254"}],"wp:term":[{"taxonomy":"category","embeddable":true,"href":"https:\/\/enolife.com.ar\/es\/wp-json\/wp\/v2\/categories?post=116254"},{"taxonomy":"post_tag","embeddable":true,"href":"https:\/\/enolife.com.ar\/es\/wp-json\/wp\/v2\/tags?post=116254"}],"curies":[{"name":"wp","href":"https:\/\/api.w.org\/{rel}","templated":true}]}}