{"id":11615,"date":"2020-04-25T00:13:53","date_gmt":"2020-04-25T00:13:53","guid":{"rendered":"http:\/\/enolife.com.ar\/es\/?p=11615"},"modified":"2020-04-25T01:14:43","modified_gmt":"2020-04-25T01:14:43","slug":"un-congreso-para-mostrar-las-innovaciones-tecnologicas-en-enologia-ahora-online","status":"publish","type":"post","link":"https:\/\/enolife.com.ar\/es\/un-congreso-para-mostrar-las-innovaciones-tecnologicas-en-enologia-ahora-online\/","title":{"rendered":"Un congreso para mostrar las innovaciones tecnol\u00f3gicas en enolog\u00eda, ahora online"},"content":{"rendered":"\n<h4 class=\"wp-block-heading\"><em><strong>Como cada dos a\u00f1os desde el 2000, Enoforum re\u00fane a cientos de t\u00e9cnicos e investigadores de la industria vitivin\u00edcola con ingenieros agr\u00f3nomos, productores y empresarios proveedores de tecnolog\u00eda. Este a\u00f1o, el evento estaba programado en Zaragoza, Espa\u00f1a, pero por la pandemia se realizar\u00e1 online y con inscripci\u00f3n abierta y gratuita.<\/strong><\/em><\/h4>\n\n\n\n<div style=\"height:20px\" aria-hidden=\"true\" class=\"wp-block-spacer\"><\/div>\n\n\n\n<p>El tradicional encuentro, que en este 2020 se denomina <strong>Enoforum web<\/strong>, se realizar\u00e1 <strong>los d\u00edas 6 y 7 de mayo y ser\u00e1<\/strong> transmitido <strong>en directo por internet, con participaci\u00f3n libre y gratuita. <\/strong>Las sesiones, ambos d\u00edas, tendr\u00e1n lugar entre las 11 y las 15 horas de Argentina, aunque puede haber alguna modificaci\u00f3n, lo que podr\u00e1 chequearse en el formulario de inscripci\u00f3n.<\/p>\n\n\n\n<div style=\"height:20px\" aria-hidden=\"true\" class=\"wp-block-spacer\"><\/div>\n\n\n\n<p class=\"has-background has-luminous-vivid-amber-background-color\">La participaci\u00f3n al congreso web es gratuita, previa <strong>inscripci\u00f3n antes del 30 de abril de 2020, a trav\u00e9s de la plataforma&nbsp;<a rel=\"noreferrer noopener\" href=\"https:\/\/support.goto.com\/es\/article\/g2w010003#Classic\" target=\"_blank\">GoToWebinar<\/a><\/strong> &#8211;&nbsp;<a rel=\"noreferrer noopener\" href=\"https:\/\/support.goto.com\/es\/article\/g2w010003#Classic\" target=\"_blank\">ver especificaciones<\/a>.<br><br>Cuando se aproxime la fecha del evento, a cada inscripto se le enviar\u00e1 un correo electr\u00f3nico con todos los detalles para participar de la actividad web en vivo.<br><br><strong>Inscripci\u00f3n: <a href=\"https:\/\/register.gotowebinar.com\/register\/8204941001593692941?source=sito-enoforum\">Webinar Enoforum <\/a><br><\/strong><\/p>\n\n\n\n<p>Ponentes y asistentes, desde diferentes lugares, participar\u00e1n e interactuar\u00e1n a trav\u00e9s de la web&nbsp;<a href=\"http:\/\/www.enoforum.eu\/es\/\">www.enoforum.eu\/es\/<\/a>&nbsp;conect\u00e1ndose con sus propias computadoras y dispositivos. <\/p>\n\n\n\n<p>Esta reuni\u00f3n internacional tiene como objetivo principal transferir la innovaci\u00f3n a las empresas y permitir un mejor conocimiento de las necesidades de la producci\u00f3n a quien se dedica a la investigaci\u00f3n.<\/p>\n\n\n\n<p>Las tres partes que se consideran como los protagonistas de la innovaci\u00f3n&nbsp;(centros de investigaci\u00f3n, empresas proveedoras con actividad de I+D, t\u00e9cnicos y productores de vino) se encuentran y confrontan en una din\u00e1mica de apertura al di\u00e1logo y a la colaboraci\u00f3n.<\/p>\n\n\n\n<div style=\"height:20px\" aria-hidden=\"true\" class=\"wp-block-spacer\"><\/div>\n\n\n\n<div class=\"wp-block-image\"><figure class=\"aligncenter size-large\"><img loading=\"lazy\" decoding=\"async\" width=\"512\" height=\"316\" src=\"https:\/\/enolife.com.ar\/es\/wp-content\/uploads\/2020\/04\/image-29.png\" alt=\"\" class=\"wp-image-11655\" srcset=\"https:\/\/enolife.com.ar\/es\/wp-content\/uploads\/2020\/04\/image-29.png 512w, https:\/\/enolife.com.ar\/es\/wp-content\/uploads\/2020\/04\/image-29-300x185.png 300w\" sizes=\"auto, (max-width: 512px) 100vw, 512px\" \/><\/figure><\/div>\n\n\n\n<div style=\"height:20px\" aria-hidden=\"true\" class=\"wp-block-spacer\"><\/div>\n\n\n\n<p><strong>Enoforum<\/strong> tiene 20 a\u00f1os de historia. Naci\u00f3 en Italia, donde en la \u00faltima edici\u00f3n celebrada en Vicenza alcanz\u00f3 los 1.200 participantes. Desde 2008 se realiza tambi\u00e9n en Portugal. En mayo de 2018, se celebr\u00f3 la primera edici\u00f3n espa\u00f1ola con m\u00e1s de 500 participantes.<\/p>\n\n\n\n<p>Organizada por <a href=\"http:\/\/www.vinidea.it\/\">Vinidea  <\/a>en colaboraci\u00f3n con <a href=\"http:\/\/www.excelliberica.com\/\">Excell Ib\u00e9rica<\/a>, esta nueva edici\u00f3n espa\u00f1ola de Enoforum cuenta con el patrocinio de la Organizaci\u00f3n Internacional de la Vi\u00f1a y el Vino (OIV) y con la participaci\u00f3n de destacados organismos clave del panorama vitivin\u00edcola espa\u00f1ol e internacional.<\/p>\n\n\n\n<div style=\"height:20px\" aria-hidden=\"true\" class=\"wp-block-spacer\"><\/div>\n\n\n\n<p class=\"has-medium-font-size\"><strong>Prestigiosos conferencistas<\/strong><\/p>\n\n\n\n<div style=\"height:20px\" aria-hidden=\"true\" class=\"wp-block-spacer\"><\/div>\n\n\n\n<figure class=\"wp-block-gallery columns-3 is-cropped wp-block-gallery-1 is-layout-flex wp-block-gallery-is-layout-flex\"><ul class=\"blocks-gallery-grid\"><li class=\"blocks-gallery-item\"><figure><img loading=\"lazy\" decoding=\"async\" width=\"512\" height=\"512\" src=\"https:\/\/enolife.com.ar\/es\/wp-content\/uploads\/2020\/04\/Vicente_Ferreira2.jpg\" alt=\"\" data-id=\"11648\" data-link=\"https:\/\/enolife.com.ar\/es\/?attachment_id=11648\" class=\"wp-image-11648\" srcset=\"https:\/\/enolife.com.ar\/es\/wp-content\/uploads\/2020\/04\/Vicente_Ferreira2.jpg 512w, https:\/\/enolife.com.ar\/es\/wp-content\/uploads\/2020\/04\/Vicente_Ferreira2-300x300.jpg 300w, https:\/\/enolife.com.ar\/es\/wp-content\/uploads\/2020\/04\/Vicente_Ferreira2-150x150.jpg 150w\" sizes=\"auto, (max-width: 512px) 100vw, 512px\" \/><figcaption class=\"blocks-gallery-item__caption\"><strong><em>Vicente Ferreira<\/em><\/strong><\/figcaption><\/figure><\/li><li class=\"blocks-gallery-item\"><figure><img loading=\"lazy\" decoding=\"async\" width=\"212\" height=\"215\" src=\"https:\/\/enolife.com.ar\/es\/wp-content\/uploads\/2020\/04\/stefano-poni.jpg\" alt=\"\" data-id=\"11649\" data-link=\"https:\/\/enolife.com.ar\/es\/?attachment_id=11649\" class=\"wp-image-11649\"\/><figcaption class=\"blocks-gallery-item__caption\"><strong><em>Stefano Poni<\/em><\/strong><\/figcaption><\/figure><\/li><li class=\"blocks-gallery-item\"><figure><img loading=\"lazy\" decoding=\"async\" width=\"300\" height=\"300\" src=\"https:\/\/enolife.com.ar\/es\/wp-content\/uploads\/2020\/04\/THUMB_Stuart-Firestein.jpg\" alt=\"\" data-id=\"11651\" data-full-url=\"https:\/\/enolife.com.ar\/es\/wp-content\/uploads\/2020\/04\/THUMB_Stuart-Firestein.jpg\" data-link=\"https:\/\/enolife.com.ar\/es\/?attachment_id=11651\" class=\"wp-image-11651\" srcset=\"https:\/\/enolife.com.ar\/es\/wp-content\/uploads\/2020\/04\/THUMB_Stuart-Firestein.jpg 300w, https:\/\/enolife.com.ar\/es\/wp-content\/uploads\/2020\/04\/THUMB_Stuart-Firestein-150x150.jpg 150w\" sizes=\"auto, (max-width: 300px) 100vw, 300px\" \/><figcaption class=\"blocks-gallery-item__caption\"><strong><em> Stuart Firestein <\/em><\/strong><\/figcaption><\/figure><\/li><\/ul><\/figure>\n\n\n\n<div style=\"height:20px\" aria-hidden=\"true\" class=\"wp-block-spacer\"><\/div>\n\n\n\n<p><strong>Vicente Ferreira<\/strong>, profesor de la Universidad de Zaragoza, Espa\u00f1a, expondr\u00e1 sobre las claves actuales para lograr que los aromas del vino expresen la calidad del producto.   <\/p>\n\n\n\n<p><strong>Stefano Poni<\/strong>,&nbsp;de la Universit\u00e0 Cattolica di Piacenza, impartir\u00e1 una conferencia sobre \u00abFertilizaci\u00f3n con dosis variables de nitr\u00f3geno\u00bb. <\/p>\n\n\n\n<p><strong>Stuart Firestein<\/strong>, de la Columbia University, disertar\u00e1 sobre c\u00f3mo se comunican nariz y cerebro para percibir un mundo de olores complejo como es el del vino.<\/p>\n\n\n\n<p>Asimismo, se dedicar\u00e1 un amplio espacio a los trabajos finalistas del Premio Internacional Enoforum 2020 \u201cInvestigaci\u00f3n para el Desarrollo\u201d. Se trata de trabajos seleccionados por su capacidad para producir innovaci\u00f3n, su alto nivel cient\u00edfico y su aplicabilidad a la industria. Esta es la lista de trabajos finalistas que se expondr\u00e1n: <\/p>\n\n\n\n<ul class=\"wp-block-list\"><li>Quitosano en vi\u00f1edo (<strong>Rupesh Singh<\/strong>, C. de Qu\u00edmica de Vila Real).<\/li><li>Potencial h\u00eddrico de la vid (<strong>Luis G. Santesteban<\/strong>, Universidad de Navarra).<\/li><li> Microbioma (<strong>Tiziana Nardi<\/strong>, CREA).<\/li><li>Cambio clim\u00e1tico (<strong>Mar\u00eda C. Ramos<\/strong>, Univ. Lleida).<\/li><li>Extracci\u00f3n con ultrasonidos (<strong>Pau S. Gal\u00e1n<\/strong>, Univ. Cadiz).<\/li><li>Sanitizaci\u00f3n de la uva (<strong>Antonio Morata<\/strong>, UPM). <\/li><li>Precursores ti\u00f3licos (<strong>Tomas Roman<\/strong>, FEM). <\/li><li>Composici\u00f3n fen\u00f3lica (<strong>Roger de las Heras<\/strong>, Cabildo de Tenerife).<\/li><li>Recuperaci\u00f3n de aromas (<strong>Lorenzo Guerrini<\/strong>, Univ. S. di Firenze).<\/li><li> Bioc\u00e1psulas de levadura (<strong>Minami Ogawa<\/strong>, Univ. de C\u00f3rdoba). <\/li><li>Alternativas a sulfitos (<strong>Alexandre Herv\u00e9<\/strong>, Univ. de Bourgogne). <\/li><li>Activadores de fermentaci\u00f3n (<strong>Antonio Amores<\/strong>, Univ. de C\u00e1diz). <\/li><li>Estabilidad proteica (<strong>Paola Domizio<\/strong>, Univ. di Firenze).<\/li><li>Gusto de luz (<strong>Daniela Fracassetti<\/strong>, Univ. di Milano). <\/li><li>Aromas a frutos secos (<strong>Alexander Pons<\/strong>, ISVV).<\/li><\/ul>\n\n\n\n<p>Como reconocimiento al importante papel desarrollado por las empresas proveedoras que cofinancian la investigaci\u00f3n cient\u00edfica y que se ocupan de la transferencia de sus resultados a la pr\u00e1ctica se mostrar\u00e1n los resultados de la investigaci\u00f3n privada de la mano de investigadores y t\u00e9cnicos de reconocido prestigio que abordar\u00e1n diferentes tem\u00e1ticas como:<\/p>\n\n\n\n<ul class=\"wp-block-list\"><li>La influencia del potencial electroqu\u00edmico (<strong>Federico Casassa<\/strong>, Cal. Poly. State Univ.,&nbsp;<strong>Marcia Torres<\/strong>, Jackson Familywines).<\/li><li>Inestabilidad proteica (<strong>MatteoMarangon<\/strong>, Univ. di Padova). <\/li><li>Aplicaciones del quitosano (<strong>Marcel Culcasi<\/strong>, CNRS). <\/li><li>Uso de levaduras no convencionales (<strong>Anthony Heinrich<\/strong>).<\/li><li>Fermentaci\u00f3n del sauvignon blanc (<strong>Marie-Charlotte Colosio<\/strong>, IFV).<\/li><\/ul>\n\n\n\n<div style=\"height:20px\" aria-hidden=\"true\" class=\"wp-block-spacer\"><\/div>\n\n\n\n<p class=\"has-small-font-size\"><em><strong>Fuente: Enoforum y Revista En\u00f3logos<\/strong><\/em><\/p>\n","protected":false},"excerpt":{"rendered":"<p>Como cada dos a\u00f1os desde el 2000, Enoforum re\u00fane a cientos de t\u00e9cnicos e investigadores&hellip;<\/p>\n","protected":false},"author":3,"featured_media":11657,"comment_status":"open","ping_status":"open","sticky":false,"template":"","format":"standard","meta":{"footnotes":""},"categories":[47],"tags":[],"class_list":["post-11615","post","type-post","status-publish","format-standard","has-post-thumbnail","hentry","category-agenda"],"_links":{"self":[{"href":"https:\/\/enolife.com.ar\/es\/wp-json\/wp\/v2\/posts\/11615","targetHints":{"allow":["GET"]}}],"collection":[{"href":"https:\/\/enolife.com.ar\/es\/wp-json\/wp\/v2\/posts"}],"about":[{"href":"https:\/\/enolife.com.ar\/es\/wp-json\/wp\/v2\/types\/post"}],"author":[{"embeddable":true,"href":"https:\/\/enolife.com.ar\/es\/wp-json\/wp\/v2\/users\/3"}],"replies":[{"embeddable":true,"href":"https:\/\/enolife.com.ar\/es\/wp-json\/wp\/v2\/comments?post=11615"}],"version-history":[{"count":0,"href":"https:\/\/enolife.com.ar\/es\/wp-json\/wp\/v2\/posts\/11615\/revisions"}],"wp:featuredmedia":[{"embeddable":true,"href":"https:\/\/enolife.com.ar\/es\/wp-json\/wp\/v2\/media\/11657"}],"wp:attachment":[{"href":"https:\/\/enolife.com.ar\/es\/wp-json\/wp\/v2\/media?parent=11615"}],"wp:term":[{"taxonomy":"category","embeddable":true,"href":"https:\/\/enolife.com.ar\/es\/wp-json\/wp\/v2\/categories?post=11615"},{"taxonomy":"post_tag","embeddable":true,"href":"https:\/\/enolife.com.ar\/es\/wp-json\/wp\/v2\/tags?post=11615"}],"curies":[{"name":"wp","href":"https:\/\/api.w.org\/{rel}","templated":true}]}}