{"id":116107,"date":"2024-05-21T17:06:26","date_gmt":"2024-05-21T17:06:26","guid":{"rendered":"https:\/\/enolife.com.ar\/es\/?p=116107"},"modified":"2024-05-28T11:59:25","modified_gmt":"2024-05-28T11:59:25","slug":"acuerdos-comerciales-negocios-y-nuevas-tecnologias-marcaron-la-expo-sitevinitech-2024","status":"publish","type":"post","link":"https:\/\/enolife.com.ar\/es\/acuerdos-comerciales-negocios-y-nuevas-tecnologias-marcaron-la-expo-sitevinitech-2024\/","title":{"rendered":"Acuerdos comerciales, negocios y nuevas tecnolog\u00edas marcaron la Expo Sitevinitech 2024"},"content":{"rendered":"\n<h4 class=\"wp-block-heading\"><em><strong>La mayor feria y exposici\u00f3n en Am\u00e9rica Latina de la industria vitivin\u00edcola se llev\u00f3 a cabo del 15 al 17 de mayo en el complejo Las Naves, en la Ciudad de Mendoza. Unos 10.000 visitantes tuvieron la oportunidad de conocer las \u00faltimas innovaciones del sector y lograr positivos acuerdos comerciales con los m\u00e1s de 150 expositores que participaron de la feria.&nbsp;<\/strong><\/em><\/h4>\n\n\n\n<div style=\"height:35px\" aria-hidden=\"true\" class=\"wp-block-spacer\"><\/div>\n\n\n<a href=\"https:\/\/www.instagram.com\/vinventions.sudamerica\/\" aria-label=\"Banner_Subr_1700x500\"><img loading=\"lazy\" decoding=\"async\" src=\"https:\/\/enolife.com.ar\/es\/wp-content\/uploads\/2019\/07\/Banner_Subr_1700x500.gif\" alt=\"\"  width=\"1700\" height=\"501\"   \/><\/a>\n\n\n<div style=\"height:45px\" aria-hidden=\"true\" class=\"wp-block-spacer\"><\/div>\n\n\n\n<p>Con fuerte inter\u00e9s de p\u00fablico y r\u00e9dito positivo para las empresas expositoras y los compradores, se llev\u00f3 a cabo una nueva edici\u00f3n de <strong>Sitevinitech<\/strong>, la feria m\u00e1s importante de la industria vitivin\u00edcola y el agro en Latinoam\u00e9rica, que se desarroll\u00f3 con la participaci\u00f3n de unos 150 expositores y 10.000 visitantes que pasaron por el complejo Las Naves (Nave Cultural y Nave Uncuyo), de la <strong>Ciudad de Mendoza.<\/strong><\/p>\n\n\n\n<div style=\"height:30px\" aria-hidden=\"true\" class=\"wp-block-spacer\"><\/div>\n\n\n<div class=\"wp-block-image\">\n<figure class=\"aligncenter size-full is-resized\"><a href=\"https:\/\/enolife.com.ar\/es\/wp-content\/uploads\/2024\/05\/APERTURA.jpg\" data-rel=\"penci-gallery-image-content\" ><img loading=\"lazy\" decoding=\"async\" src=\"https:\/\/enolife.com.ar\/es\/wp-content\/uploads\/2024\/05\/APERTURA.jpg\" alt=\"\" class=\"wp-image-116143\" width=\"617\" height=\"420\" srcset=\"https:\/\/enolife.com.ar\/es\/wp-content\/uploads\/2024\/05\/APERTURA.jpg 735w, https:\/\/enolife.com.ar\/es\/wp-content\/uploads\/2024\/05\/APERTURA-300x204.jpg 300w, https:\/\/enolife.com.ar\/es\/wp-content\/uploads\/2024\/05\/APERTURA-585x398.jpg 585w\" sizes=\"auto, (max-width: 617px) 100vw, 617px\" \/><\/a><figcaption class=\"wp-element-caption\"><em><strong>Corte de cintas. De izq a der: Rodolfo Vargas Arizu (ministro de Producci\u00f3n de Mendoza), Esteban Allasino (intendente de Luj\u00e1n de Cuyo), Ulpiano Su\u00e1rez (intendente Mendoza Ciudad), Gabriel Fidel (vicerrector de la UNCuyo), Romain Nadal (embajador de Francia en Argentina), Eric Dulong (presidente&nbsp;de&nbsp;Sitevinitech&nbsp;Internacional), Alfredo Cornejo (gobernador de Mendoza), Hebe Casado (vicegobernadora de Mendoza) y Arturo Yaci\u00f3fano (director de Sitevinitech Latam)<\/strong><\/em><\/figcaption><\/figure><\/div>\n\n\n<div style=\"height:30px\" aria-hidden=\"true\" class=\"wp-block-spacer\"><\/div>\n\n\n<div class=\"wp-block-image\">\n<figure class=\"aligncenter size-full is-resized\"><a href=\"https:\/\/enolife.com.ar\/es\/wp-content\/uploads\/2024\/05\/MARIO-Y-EL-FRANCES.jpg\" data-rel=\"penci-gallery-image-content\" ><img loading=\"lazy\" decoding=\"async\" src=\"https:\/\/enolife.com.ar\/es\/wp-content\/uploads\/2024\/05\/MARIO-Y-EL-FRANCES.jpg\" alt=\"\" class=\"wp-image-116194\" width=\"644\" height=\"391\" srcset=\"https:\/\/enolife.com.ar\/es\/wp-content\/uploads\/2024\/05\/MARIO-Y-EL-FRANCES.jpg 824w, https:\/\/enolife.com.ar\/es\/wp-content\/uploads\/2024\/05\/MARIO-Y-EL-FRANCES-300x182.jpg 300w, https:\/\/enolife.com.ar\/es\/wp-content\/uploads\/2024\/05\/MARIO-Y-EL-FRANCES-768x466.jpg 768w, https:\/\/enolife.com.ar\/es\/wp-content\/uploads\/2024\/05\/MARIO-Y-EL-FRANCES-585x355.jpg 585w\" sizes=\"auto, (max-width: 644px) 100vw, 644px\" \/><\/a><figcaption class=\"wp-element-caption\"><em><strong>Mario Gonz\u00e1lez, presidente de Coviar y Eric Dulong<\/strong><\/em><\/figcaption><\/figure><\/div>\n\n\n<div style=\"height:30px\" aria-hidden=\"true\" class=\"wp-block-spacer\"><\/div>\n\n\n\n<p>Los asistentes tuvieron la posibilidad de explorar las \u00faltimas tendencias en tecnolog\u00eda vitivin\u00edcola y agro en general; adem\u00e1s, de poder acceder a un interesante programa de conferencias y talleres dictados por destacados profesionales del sector.<\/p>\n\n\n\n<div style=\"height:30px\" aria-hidden=\"true\" class=\"wp-block-spacer\"><\/div>\n\n\n<div class=\"wp-block-image\">\n<figure class=\"aligncenter size-full is-resized\"><a href=\"https:\/\/enolife.com.ar\/es\/wp-content\/uploads\/2024\/05\/BRESSIA-Y-MAGDA.jpg\" data-rel=\"penci-gallery-image-content\" ><img loading=\"lazy\" decoding=\"async\" src=\"https:\/\/enolife.com.ar\/es\/wp-content\/uploads\/2024\/05\/BRESSIA-Y-MAGDA.jpg\" alt=\"\" class=\"wp-image-116195\" width=\"610\" height=\"420\" srcset=\"https:\/\/enolife.com.ar\/es\/wp-content\/uploads\/2024\/05\/BRESSIA-Y-MAGDA.jpg 726w, https:\/\/enolife.com.ar\/es\/wp-content\/uploads\/2024\/05\/BRESSIA-Y-MAGDA-300x207.jpg 300w, https:\/\/enolife.com.ar\/es\/wp-content\/uploads\/2024\/05\/BRESSIA-Y-MAGDA-585x403.jpg 585w\" sizes=\"auto, (max-width: 610px) 100vw, 610px\" \/><\/a><figcaption class=\"wp-element-caption\"><em><strong>Walter Bressia, presidente de Bodegas de Argentina y Magdalena Pesce, gerenta general de Wines of Argentina<\/strong><\/em><\/figcaption><\/figure><\/div>\n\n\n<div style=\"height:30px\" aria-hidden=\"true\" class=\"wp-block-spacer\"><\/div>\n\n\n\n<p><em>\u201cSitevinitech es la feria que ofrece todo lo que est\u00e1 detr\u00e1s de una botella de vino, desde los drones que se utilizan para pulverizar las fincas, los tractores, software para bodegas, maquinarias y todo un mundo infinito hasta la botella y tambi\u00e9n todo el marketing asociado al vino. Mendoza es una referente internacional para Am\u00e9rica Latina porque concentra todos los principales proveedores del rubro y en esta edici\u00f3n hemos tenido m\u00e1s de mil visitantes del resto del pa\u00eds y m\u00e1s de 500 de otros pa\u00edses de Latinoam\u00e9rica\u201d<\/em>, destac\u00f3 <strong>Arturo Yaci\u00f3fano,<\/strong> director general de Sitevinitech 2024.<\/p>\n\n\n\n<div style=\"height:30px\" aria-hidden=\"true\" class=\"wp-block-spacer\"><\/div>\n\n\n<div class=\"wp-block-image\">\n<figure class=\"aligncenter size-full is-resized\"><a href=\"https:\/\/enolife.com.ar\/es\/wp-content\/uploads\/2024\/05\/FIDEL.jpg\" data-rel=\"penci-gallery-image-content\" ><img loading=\"lazy\" decoding=\"async\" src=\"https:\/\/enolife.com.ar\/es\/wp-content\/uploads\/2024\/05\/FIDEL.jpg\" alt=\"\" class=\"wp-image-116193\" width=\"621\" height=\"450\" srcset=\"https:\/\/enolife.com.ar\/es\/wp-content\/uploads\/2024\/05\/FIDEL.jpg 691w, https:\/\/enolife.com.ar\/es\/wp-content\/uploads\/2024\/05\/FIDEL-300x217.jpg 300w, https:\/\/enolife.com.ar\/es\/wp-content\/uploads\/2024\/05\/FIDEL-585x423.jpg 585w\" sizes=\"auto, (max-width: 621px) 100vw, 621px\" \/><\/a><figcaption class=\"wp-element-caption\"><em><strong>Arturo Yaci\u00f3fano, Rodolfo Vargas Arizu y Gabriel Fidel<\/strong><\/em><\/figcaption><\/figure><\/div>\n\n\n<div style=\"height:30px\" aria-hidden=\"true\" class=\"wp-block-spacer\"><\/div>\n\n\n\n<p><em>\u201cEsto se suma a m\u00e1s de 8 mil visitantes de la provincia, siempre dentro de un \u00e1mbito de profesionales, donde nosotros buscamos que se creen negocios; y en este marco, hemos tenido la mejor feria Sitevinitech de los \u00faltimos tiempos, con una proyecci\u00f3n de negocios muy grande que es lo que m\u00e1s nos interesa desde la organizaci\u00f3n\u201d<\/em>, remarc\u00f3 <strong>Yaci\u00f3fano.<\/strong><\/p>\n\n\n\n<div style=\"height:30px\" aria-hidden=\"true\" class=\"wp-block-spacer\"><\/div>\n\n\n\n<div style=\"height:30px\" aria-hidden=\"true\" class=\"wp-block-spacer\"><\/div>\n\n\n<div class=\"wp-block-image\">\n<figure class=\"aligncenter size-full is-resized\"><a href=\"https:\/\/enolife.com.ar\/es\/wp-content\/uploads\/2024\/05\/LUIS-STEINDL-CON-GOBERNADOR.jpg\" data-rel=\"penci-gallery-image-content\" ><img loading=\"lazy\" decoding=\"async\" src=\"https:\/\/enolife.com.ar\/es\/wp-content\/uploads\/2024\/05\/LUIS-STEINDL-CON-GOBERNADOR.jpg\" alt=\"\" class=\"wp-image-116146\" width=\"604\" height=\"431\" srcset=\"https:\/\/enolife.com.ar\/es\/wp-content\/uploads\/2024\/05\/LUIS-STEINDL-CON-GOBERNADOR.jpg 700w, https:\/\/enolife.com.ar\/es\/wp-content\/uploads\/2024\/05\/LUIS-STEINDL-CON-GOBERNADOR-300x214.jpg 300w, https:\/\/enolife.com.ar\/es\/wp-content\/uploads\/2024\/05\/LUIS-STEINDL-CON-GOBERNADOR-585x418.jpg 585w\" sizes=\"auto, (max-width: 604px) 100vw, 604px\" \/><\/a><figcaption class=\"wp-element-caption\"><em><strong>Luis Steindl, CEO de Omnia Latam en el stand de Della Toffola junto a Alfredo Cornejo y Hebe Casado<\/strong><\/em><\/figcaption><\/figure><\/div>\n\n\n<div style=\"height:30px\" aria-hidden=\"true\" class=\"wp-block-spacer\"><\/div>\n\n\n\n<p><em>\u201cEl clima pa\u00eds nos ha ayudado. Estar con las tasas en baja y con proveedores con muchas ganas de vender, nos ha permitido vender tractores a 12 meses a tasa 0, algo que cre\u00edamos imposible hasta hace poco. La gente particip\u00f3 con muchas ganas&nbsp; y con la posibilidad de acceder a mucha tecnolog\u00eda nueva, gracias a todas estas herramientas. No tenemos nada que envidiar a las mejores ferias de Europa\u201d<\/em>, concluy\u00f3 <strong>Yaci\u00f3fano.<\/strong><\/p>\n\n\n\n<div style=\"height:30px\" aria-hidden=\"true\" class=\"wp-block-spacer\"><\/div>\n\n\n<div class=\"wp-block-image\">\n<figure class=\"aligncenter size-full is-resized\"><a href=\"https:\/\/enolife.com.ar\/es\/wp-content\/uploads\/2024\/05\/AGRINET.jpg\" data-rel=\"penci-gallery-image-content\" ><img loading=\"lazy\" decoding=\"async\" src=\"https:\/\/enolife.com.ar\/es\/wp-content\/uploads\/2024\/05\/AGRINET.jpg\" alt=\"\" class=\"wp-image-116144\" width=\"601\" height=\"376\" srcset=\"https:\/\/enolife.com.ar\/es\/wp-content\/uploads\/2024\/05\/AGRINET.jpg 799w, https:\/\/enolife.com.ar\/es\/wp-content\/uploads\/2024\/05\/AGRINET-300x188.jpg 300w, https:\/\/enolife.com.ar\/es\/wp-content\/uploads\/2024\/05\/AGRINET-768x481.jpg 768w, https:\/\/enolife.com.ar\/es\/wp-content\/uploads\/2024\/05\/AGRINET-585x366.jpg 585w\" sizes=\"auto, (max-width: 601px) 100vw, 601px\" \/><\/a><figcaption class=\"wp-element-caption\"><em><strong>El equipo de Agrinet en su stand<\/strong><\/em><\/figcaption><\/figure><\/div>\n\n\n<div style=\"height:30px\" aria-hidden=\"true\" class=\"wp-block-spacer\"><\/div>\n\n\n\n<div style=\"height:0px\" aria-hidden=\"true\" class=\"wp-block-spacer\"><\/div>\n\n\n\n<figure class=\"wp-block-gallery has-nested-images columns-default is-cropped wp-block-gallery-1 is-layout-flex wp-block-gallery-is-layout-flex\">\n<figure class=\"wp-block-image size-full\"><a href=\"https:\/\/enolife.com.ar\/es\/wp-content\/uploads\/2024\/05\/CCI.jpg\" data-rel=\"penci-gallery-image-content\" ><img loading=\"lazy\" decoding=\"async\" width=\"400\" height=\"642\" data-id=\"116204\" src=\"https:\/\/enolife.com.ar\/es\/wp-content\/uploads\/2024\/05\/CCI.jpg\" alt=\"\" class=\"wp-image-116204\" srcset=\"https:\/\/enolife.com.ar\/es\/wp-content\/uploads\/2024\/05\/CCI.jpg 400w, https:\/\/enolife.com.ar\/es\/wp-content\/uploads\/2024\/05\/CCI-187x300.jpg 187w\" sizes=\"auto, (max-width: 400px) 100vw, 400px\" \/><\/a><figcaption class=\"wp-element-caption\"><em><strong>Pedro Baziuk (h) en stand de CCI<\/strong><\/em><\/figcaption><\/figure>\n\n\n\n<figure class=\"wp-block-image size-full\"><a href=\"https:\/\/enolife.com.ar\/es\/wp-content\/uploads\/2024\/05\/CCI1.jpg\" data-rel=\"penci-gallery-image-content\" ><img loading=\"lazy\" decoding=\"async\" width=\"400\" height=\"631\" data-id=\"116205\" src=\"https:\/\/enolife.com.ar\/es\/wp-content\/uploads\/2024\/05\/CCI1.jpg\" alt=\"\" class=\"wp-image-116205\" srcset=\"https:\/\/enolife.com.ar\/es\/wp-content\/uploads\/2024\/05\/CCI1.jpg 400w, https:\/\/enolife.com.ar\/es\/wp-content\/uploads\/2024\/05\/CCI1-190x300.jpg 190w\" sizes=\"auto, (max-width: 400px) 100vw, 400px\" \/><\/a><figcaption class=\"wp-element-caption\"><em><strong>Empresa italiana invitada al stand de CCI<\/strong><\/em><\/figcaption><\/figure>\n\n\n\n<figure class=\"wp-block-image size-full\"><a href=\"https:\/\/enolife.com.ar\/es\/wp-content\/uploads\/2024\/05\/CCI3.jpg\" data-rel=\"penci-gallery-image-content\" ><img loading=\"lazy\" decoding=\"async\" width=\"400\" height=\"589\" data-id=\"116206\" src=\"https:\/\/enolife.com.ar\/es\/wp-content\/uploads\/2024\/05\/CCI3.jpg\" alt=\"\" class=\"wp-image-116206\" srcset=\"https:\/\/enolife.com.ar\/es\/wp-content\/uploads\/2024\/05\/CCI3.jpg 400w, https:\/\/enolife.com.ar\/es\/wp-content\/uploads\/2024\/05\/CCI3-204x300.jpg 204w\" sizes=\"auto, (max-width: 400px) 100vw, 400px\" \/><\/a><figcaption class=\"wp-element-caption\"><em><strong>Silvia Cordioli , export manager de Sincera Sistemi en stand de CCI<\/strong><\/em><\/figcaption><\/figure>\n<\/figure>\n\n\n\n<div style=\"height:30px\" aria-hidden=\"true\" class=\"wp-block-spacer\"><\/div>\n\n\n<div class=\"wp-block-image\">\n<figure class=\"aligncenter size-full\"><a href=\"https:\/\/enolife.com.ar\/es\/wp-content\/uploads\/2024\/05\/ALTIERI.jpg\" data-rel=\"penci-gallery-image-content\" ><img loading=\"lazy\" decoding=\"async\" width=\"662\" height=\"500\" src=\"https:\/\/enolife.com.ar\/es\/wp-content\/uploads\/2024\/05\/ALTIERI.jpg\" alt=\"\" class=\"wp-image-116153\" srcset=\"https:\/\/enolife.com.ar\/es\/wp-content\/uploads\/2024\/05\/ALTIERI.jpg 662w, https:\/\/enolife.com.ar\/es\/wp-content\/uploads\/2024\/05\/ALTIERI-300x227.jpg 300w, https:\/\/enolife.com.ar\/es\/wp-content\/uploads\/2024\/05\/ALTIERI-585x442.jpg 585w\" sizes=\"auto, (max-width: 662px) 100vw, 662px\" \/><\/a><figcaption class=\"wp-element-caption\"><em><strong>Emilio, Guillermo y Mar\u00eda Victoria Altieri<\/strong><\/em><\/figcaption><\/figure><\/div>\n\n\n<div style=\"height:30px\" aria-hidden=\"true\" class=\"wp-block-spacer\"><\/div>\n\n\n<div class=\"wp-block-image\">\n<figure class=\"aligncenter size-full is-resized\"><a href=\"https:\/\/enolife.com.ar\/es\/wp-content\/uploads\/2024\/05\/VASON.jpg\" data-rel=\"penci-gallery-image-content\" ><img loading=\"lazy\" decoding=\"async\" src=\"https:\/\/enolife.com.ar\/es\/wp-content\/uploads\/2024\/05\/VASON.jpg\" alt=\"\" class=\"wp-image-116151\" width=\"648\" height=\"411\" srcset=\"https:\/\/enolife.com.ar\/es\/wp-content\/uploads\/2024\/05\/VASON.jpg 788w, https:\/\/enolife.com.ar\/es\/wp-content\/uploads\/2024\/05\/VASON-300x190.jpg 300w, https:\/\/enolife.com.ar\/es\/wp-content\/uploads\/2024\/05\/VASON-768x487.jpg 768w, https:\/\/enolife.com.ar\/es\/wp-content\/uploads\/2024\/05\/VASON-585x371.jpg 585w\" sizes=\"auto, (max-width: 648px) 100vw, 648px\" \/><\/a><figcaption class=\"wp-element-caption\"><em><strong>El equipo de Vason presentando sus novedades en Sitevinitech<\/strong><\/em><\/figcaption><\/figure><\/div>\n\n\n<div style=\"height:30px\" aria-hidden=\"true\" class=\"wp-block-spacer\"><\/div>\n\n\n<div class=\"wp-block-image\">\n<figure class=\"aligncenter size-full is-resized\"><a href=\"https:\/\/enolife.com.ar\/es\/wp-content\/uploads\/2024\/05\/LA-ERNESTINA.jpg\" data-rel=\"penci-gallery-image-content\" ><img loading=\"lazy\" decoding=\"async\" src=\"https:\/\/enolife.com.ar\/es\/wp-content\/uploads\/2024\/05\/LA-ERNESTINA.jpg\" alt=\"\" class=\"wp-image-116156\" width=\"603\" height=\"410\" srcset=\"https:\/\/enolife.com.ar\/es\/wp-content\/uploads\/2024\/05\/LA-ERNESTINA.jpg 735w, https:\/\/enolife.com.ar\/es\/wp-content\/uploads\/2024\/05\/LA-ERNESTINA-300x204.jpg 300w, https:\/\/enolife.com.ar\/es\/wp-content\/uploads\/2024\/05\/LA-ERNESTINA-585x398.jpg 585w\" sizes=\"auto, (max-width: 603px) 100vw, 603px\" \/><\/a><figcaption class=\"wp-element-caption\"><em><strong>Mar\u00eda Alejandra Mart\u00ednez y Bernardita Gil de La Ernestina en su 1er participaci\u00f3n en la feria<\/strong><\/em><\/figcaption><\/figure><\/div>\n\n\n<div style=\"height:30px\" aria-hidden=\"true\" class=\"wp-block-spacer\"><\/div>\n\n\n\n<figure class=\"wp-block-gallery has-nested-images columns-default is-cropped wp-block-gallery-2 is-layout-flex wp-block-gallery-is-layout-flex\">\n<figure class=\"wp-block-image size-full\"><a href=\"https:\/\/enolife.com.ar\/es\/wp-content\/uploads\/2024\/05\/Imagen1-17.jpg\" data-rel=\"penci-gallery-image-content\" ><img loading=\"lazy\" decoding=\"async\" width=\"339\" height=\"333\" data-id=\"116225\" src=\"https:\/\/enolife.com.ar\/es\/wp-content\/uploads\/2024\/05\/Imagen1-17.jpg\" alt=\"\" class=\"wp-image-116225\" srcset=\"https:\/\/enolife.com.ar\/es\/wp-content\/uploads\/2024\/05\/Imagen1-17.jpg 339w, https:\/\/enolife.com.ar\/es\/wp-content\/uploads\/2024\/05\/Imagen1-17-300x295.jpg 300w\" sizes=\"auto, (max-width: 339px) 100vw, 339px\" \/><\/a><figcaption class=\"wp-element-caption\"><em><strong>Los hacedores de Vivero Mercier en su stand<\/strong><\/em><\/figcaption><\/figure>\n\n\n\n<figure class=\"wp-block-image size-full\"><a href=\"https:\/\/enolife.com.ar\/es\/wp-content\/uploads\/2024\/05\/aaaa.jpg\" data-rel=\"penci-gallery-image-content\" ><img loading=\"lazy\" decoding=\"async\" width=\"396\" height=\"312\" data-id=\"116226\" src=\"https:\/\/enolife.com.ar\/es\/wp-content\/uploads\/2024\/05\/aaaa.jpg\" alt=\"\" class=\"wp-image-116226\" srcset=\"https:\/\/enolife.com.ar\/es\/wp-content\/uploads\/2024\/05\/aaaa.jpg 396w, https:\/\/enolife.com.ar\/es\/wp-content\/uploads\/2024\/05\/aaaa-300x236.jpg 300w\" sizes=\"auto, (max-width: 396px) 100vw, 396px\" \/><\/a><figcaption class=\"wp-element-caption\"><em><strong>Daniel Bergamin, gerente de producci\u00f3n de Vivero Mercier en conferencia<\/strong><\/em><\/figcaption><\/figure>\n<\/figure>\n\n\n\n<div style=\"height:30px\" aria-hidden=\"true\" class=\"wp-block-spacer\"><\/div>\n\n\n<div class=\"wp-block-image\">\n<figure class=\"aligncenter size-full is-resized\"><a href=\"https:\/\/enolife.com.ar\/es\/wp-content\/uploads\/2024\/05\/FERMENTIS.jpg\" data-rel=\"penci-gallery-image-content\" ><img loading=\"lazy\" decoding=\"async\" src=\"https:\/\/enolife.com.ar\/es\/wp-content\/uploads\/2024\/05\/FERMENTIS.jpg\" alt=\"\" class=\"wp-image-116158\" width=\"642\" height=\"418\" srcset=\"https:\/\/enolife.com.ar\/es\/wp-content\/uploads\/2024\/05\/FERMENTIS.jpg 769w, https:\/\/enolife.com.ar\/es\/wp-content\/uploads\/2024\/05\/FERMENTIS-300x195.jpg 300w, https:\/\/enolife.com.ar\/es\/wp-content\/uploads\/2024\/05\/FERMENTIS-585x380.jpg 585w\" sizes=\"auto, (max-width: 642px) 100vw, 642px\" \/><\/a><figcaption class=\"wp-element-caption\"><em><strong>Marcelo Cerd\u00e1n, director comercial para Am\u00e9rica en el espacio de de la empresa de levaduras dentro del stand de Chirca<\/strong><\/em><\/figcaption><\/figure><\/div>\n\n\n<div style=\"height:30px\" aria-hidden=\"true\" class=\"wp-block-spacer\"><\/div>\n\n\n<div class=\"wp-block-image\">\n<figure class=\"aligncenter size-full is-resized\"><a href=\"https:\/\/enolife.com.ar\/es\/wp-content\/uploads\/2024\/05\/SUDAFILT.jpg\" data-rel=\"penci-gallery-image-content\" ><img loading=\"lazy\" decoding=\"async\" src=\"https:\/\/enolife.com.ar\/es\/wp-content\/uploads\/2024\/05\/SUDAFILT.jpg\" alt=\"\" class=\"wp-image-116159\" width=\"642\" height=\"414\" srcset=\"https:\/\/enolife.com.ar\/es\/wp-content\/uploads\/2024\/05\/SUDAFILT.jpg 776w, https:\/\/enolife.com.ar\/es\/wp-content\/uploads\/2024\/05\/SUDAFILT-300x193.jpg 300w, https:\/\/enolife.com.ar\/es\/wp-content\/uploads\/2024\/05\/SUDAFILT-768x495.jpg 768w, https:\/\/enolife.com.ar\/es\/wp-content\/uploads\/2024\/05\/SUDAFILT-585x377.jpg 585w\" sizes=\"auto, (max-width: 642px) 100vw, 642px\" \/><\/a><figcaption class=\"wp-element-caption\"><em><strong>Sudamericana de Filtrado present\u00f3 sus nuevas tecnolog\u00edas en filtros<\/strong><\/em><\/figcaption><\/figure><\/div>\n\n\n<div style=\"height:30px\" aria-hidden=\"true\" class=\"wp-block-spacer\"><\/div>\n\n\n<div class=\"wp-block-image\">\n<figure class=\"aligncenter size-full is-resized\"><a href=\"https:\/\/enolife.com.ar\/es\/wp-content\/uploads\/2024\/05\/ZEBALLOS.jpg\" data-rel=\"penci-gallery-image-content\" ><img loading=\"lazy\" decoding=\"async\" src=\"https:\/\/enolife.com.ar\/es\/wp-content\/uploads\/2024\/05\/ZEBALLOS.jpg\" alt=\"\" class=\"wp-image-116160\" width=\"641\" height=\"425\" srcset=\"https:\/\/enolife.com.ar\/es\/wp-content\/uploads\/2024\/05\/ZEBALLOS.jpg 755w, https:\/\/enolife.com.ar\/es\/wp-content\/uploads\/2024\/05\/ZEBALLOS-300x199.jpg 300w, https:\/\/enolife.com.ar\/es\/wp-content\/uploads\/2024\/05\/ZEBALLOS-585x387.jpg 585w\" sizes=\"auto, (max-width: 641px) 100vw, 641px\" \/><\/a><figcaption class=\"wp-element-caption\"><em><strong>JM Zeballos, empresa de insumos enol\u00f3gicos presentando las marcas que importa del exterior<\/strong><\/em><\/figcaption><\/figure><\/div>\n\n\n<div style=\"height:30px\" aria-hidden=\"true\" class=\"wp-block-spacer\"><\/div>\n\n\n\n<figure class=\"wp-block-gallery has-nested-images columns-default is-cropped wp-block-gallery-3 is-layout-flex wp-block-gallery-is-layout-flex\">\n<figure class=\"wp-block-image size-full\"><a href=\"https:\/\/enolife.com.ar\/es\/wp-content\/uploads\/2024\/05\/Imagen2-11.jpg\" data-rel=\"penci-gallery-image-content\" ><img loading=\"lazy\" decoding=\"async\" width=\"357\" height=\"308\" data-id=\"116202\" src=\"https:\/\/enolife.com.ar\/es\/wp-content\/uploads\/2024\/05\/Imagen2-11.jpg\" alt=\"\" class=\"wp-image-116202\" srcset=\"https:\/\/enolife.com.ar\/es\/wp-content\/uploads\/2024\/05\/Imagen2-11.jpg 357w, https:\/\/enolife.com.ar\/es\/wp-content\/uploads\/2024\/05\/Imagen2-11-300x259.jpg 300w\" sizes=\"auto, (max-width: 357px) 100vw, 357px\" \/><\/a><figcaption class=\"wp-element-caption\"><em><strong>Agroconciencia y FaresTaie dijeron presente<\/strong><\/em><\/figcaption><\/figure>\n\n\n\n<figure class=\"wp-block-image size-full\"><a href=\"https:\/\/enolife.com.ar\/es\/wp-content\/uploads\/2024\/05\/Imagen3-10.jpg\" data-rel=\"penci-gallery-image-content\" ><img loading=\"lazy\" decoding=\"async\" width=\"277\" height=\"266\" data-id=\"116203\" src=\"https:\/\/enolife.com.ar\/es\/wp-content\/uploads\/2024\/05\/Imagen3-10.jpg\" alt=\"\" class=\"wp-image-116203\"\/><\/a><figcaption class=\"wp-element-caption\"><em><strong>Recibieron muchas visitas durante Sitevinitech<\/strong><\/em><\/figcaption><\/figure>\n<\/figure>\n\n\n\n<div style=\"height:30px\" aria-hidden=\"true\" class=\"wp-block-spacer\"><\/div>\n\n\n<div class=\"wp-block-image\">\n<figure class=\"aligncenter size-full is-resized\"><a href=\"https:\/\/enolife.com.ar\/es\/wp-content\/uploads\/2024\/05\/PARSEC-1.jpg\" data-rel=\"penci-gallery-image-content\" ><img loading=\"lazy\" decoding=\"async\" src=\"https:\/\/enolife.com.ar\/es\/wp-content\/uploads\/2024\/05\/PARSEC-1.jpg\" alt=\"\" class=\"wp-image-116242\" width=\"612\" height=\"409\" srcset=\"https:\/\/enolife.com.ar\/es\/wp-content\/uploads\/2024\/05\/PARSEC-1.jpg 748w, https:\/\/enolife.com.ar\/es\/wp-content\/uploads\/2024\/05\/PARSEC-1-300x201.jpg 300w, https:\/\/enolife.com.ar\/es\/wp-content\/uploads\/2024\/05\/PARSEC-1-585x391.jpg 585w\" sizes=\"auto, (max-width: 612px) 100vw, 612px\" \/><\/a><figcaption class=\"wp-element-caption\"><em><strong>La empresa italiana Parsec, tuvo su espacio en el stand de Chirca. De izq a derecha: Juan Chirca, Leo Forte, Mercedes Irigoyen y Marcelo Fascioli<\/strong><\/em><\/figcaption><\/figure><\/div>\n\n\n<div style=\"height:30px\" aria-hidden=\"true\" class=\"wp-block-spacer\"><\/div>\n\n\n<div class=\"wp-block-image\">\n<figure class=\"aligncenter size-full is-resized\"><a href=\"https:\/\/enolife.com.ar\/es\/wp-content\/uploads\/2024\/05\/TECNORIEGO-CUYO.jpg\" data-rel=\"penci-gallery-image-content\" ><img loading=\"lazy\" decoding=\"async\" src=\"https:\/\/enolife.com.ar\/es\/wp-content\/uploads\/2024\/05\/TECNORIEGO-CUYO.jpg\" alt=\"\" class=\"wp-image-116172\" width=\"623\" height=\"390\" srcset=\"https:\/\/enolife.com.ar\/es\/wp-content\/uploads\/2024\/05\/TECNORIEGO-CUYO.jpg 799w, https:\/\/enolife.com.ar\/es\/wp-content\/uploads\/2024\/05\/TECNORIEGO-CUYO-300x188.jpg 300w, https:\/\/enolife.com.ar\/es\/wp-content\/uploads\/2024\/05\/TECNORIEGO-CUYO-768x481.jpg 768w, https:\/\/enolife.com.ar\/es\/wp-content\/uploads\/2024\/05\/TECNORIEGO-CUYO-585x366.jpg 585w\" sizes=\"auto, (max-width: 623px) 100vw, 623px\" \/><\/a><figcaption class=\"wp-element-caption\"><em><strong>Gerardo Inzirillo Bajik y Luc\u00eda \u00c1vila de Tecnoriego Cuyo<\/strong><\/em><\/figcaption><\/figure><\/div>\n\n\n<div style=\"height:30px\" aria-hidden=\"true\" class=\"wp-block-spacer\"><\/div>\n\n\n\n<figure class=\"wp-block-gallery has-nested-images columns-default is-cropped wp-block-gallery-4 is-layout-flex wp-block-gallery-is-layout-flex\">\n<figure class=\"wp-block-image size-full\"><a href=\"https:\/\/enolife.com.ar\/es\/wp-content\/uploads\/2024\/05\/DUROX.jpg\" data-rel=\"penci-gallery-image-content\" ><img loading=\"lazy\" decoding=\"async\" width=\"873\" height=\"500\" data-id=\"116166\" src=\"https:\/\/enolife.com.ar\/es\/wp-content\/uploads\/2024\/05\/DUROX.jpg\" alt=\"\" class=\"wp-image-116166\" srcset=\"https:\/\/enolife.com.ar\/es\/wp-content\/uploads\/2024\/05\/DUROX.jpg 873w, https:\/\/enolife.com.ar\/es\/wp-content\/uploads\/2024\/05\/DUROX-300x172.jpg 300w, https:\/\/enolife.com.ar\/es\/wp-content\/uploads\/2024\/05\/DUROX-768x440.jpg 768w, https:\/\/enolife.com.ar\/es\/wp-content\/uploads\/2024\/05\/DUROX-585x335.jpg 585w\" sizes=\"auto, (max-width: 873px) 100vw, 873px\" \/><\/a><figcaption class=\"wp-element-caption\"><em><strong>Stand de Durox<\/strong><\/em><\/figcaption><\/figure>\n\n\n\n<figure class=\"wp-block-image size-full\"><a href=\"https:\/\/enolife.com.ar\/es\/wp-content\/uploads\/2024\/05\/METAL-LINIERS.jpg\" data-rel=\"penci-gallery-image-content\" ><img loading=\"lazy\" decoding=\"async\" width=\"740\" height=\"500\" data-id=\"116167\" src=\"https:\/\/enolife.com.ar\/es\/wp-content\/uploads\/2024\/05\/METAL-LINIERS.jpg\" alt=\"\" class=\"wp-image-116167\" srcset=\"https:\/\/enolife.com.ar\/es\/wp-content\/uploads\/2024\/05\/METAL-LINIERS.jpg 740w, https:\/\/enolife.com.ar\/es\/wp-content\/uploads\/2024\/05\/METAL-LINIERS-300x203.jpg 300w, https:\/\/enolife.com.ar\/es\/wp-content\/uploads\/2024\/05\/METAL-LINIERS-585x395.jpg 585w\" sizes=\"auto, (max-width: 740px) 100vw, 740px\" \/><\/a><figcaption class=\"wp-element-caption\"><em><strong>Participaci\u00f3n de Metal Liniers<\/strong><\/em><\/figcaption><\/figure>\n<\/figure>\n\n\n\n<div style=\"height:30px\" aria-hidden=\"true\" class=\"wp-block-spacer\"><\/div>\n\n\n<div class=\"wp-block-image\">\n<figure class=\"aligncenter size-full is-resized\"><a href=\"https:\/\/enolife.com.ar\/es\/wp-content\/uploads\/2024\/05\/NETAFIM.jpg\" data-rel=\"penci-gallery-image-content\" ><img loading=\"lazy\" decoding=\"async\" src=\"https:\/\/enolife.com.ar\/es\/wp-content\/uploads\/2024\/05\/NETAFIM.jpg\" alt=\"\" class=\"wp-image-116168\" width=\"640\" height=\"471\" srcset=\"https:\/\/enolife.com.ar\/es\/wp-content\/uploads\/2024\/05\/NETAFIM.jpg 680w, https:\/\/enolife.com.ar\/es\/wp-content\/uploads\/2024\/05\/NETAFIM-300x221.jpg 300w, https:\/\/enolife.com.ar\/es\/wp-content\/uploads\/2024\/05\/NETAFIM-585x430.jpg 585w\" sizes=\"auto, (max-width: 640px) 100vw, 640px\" \/><\/a><figcaption class=\"wp-element-caption\"><em><strong>Equipo de Netafim muy sonrientes en el \u00faltimo d\u00eda de la feria<\/strong><\/em><\/figcaption><\/figure><\/div>\n\n\n<div style=\"height:30px\" aria-hidden=\"true\" class=\"wp-block-spacer\"><\/div>\n\n\n\n<p>La feria fue inaugurada por el gobernador de Mendoza, <strong>Alfredo Cornejo<\/strong>, presente entre numerosas personalidades del sector p\u00fablico y privado<em>. \u201cAdmiro a esta industria porque en la vitivinicultura hay que competir y esa competencia requiere innovaci\u00f3n permanente y esta feria es el lugar ideal para conocer lo que est\u00e1 haciendo en el \u00e1mbito internacional, tener acceso a las principales tecnolog\u00edas, y estar al altura de lo que requiere el mundo. Esto le agrega valor a la econom\u00eda de Argentina y en particular de Mendoza\u201d<\/em>, expres\u00f3 Cornejo.<\/p>\n\n\n\n<div style=\"height:30px\" aria-hidden=\"true\" class=\"wp-block-spacer\"><\/div>\n\n\n\n<figure class=\"wp-block-gallery has-nested-images columns-default is-cropped wp-block-gallery-5 is-layout-flex wp-block-gallery-is-layout-flex\">\n<figure class=\"wp-block-image size-full\"><a href=\"https:\/\/enolife.com.ar\/es\/wp-content\/uploads\/2024\/05\/Imagen4-6.jpg\" data-rel=\"penci-gallery-image-content\" ><img loading=\"lazy\" decoding=\"async\" width=\"853\" height=\"653\" data-id=\"116208\" src=\"https:\/\/enolife.com.ar\/es\/wp-content\/uploads\/2024\/05\/Imagen4-6.jpg\" alt=\"\" class=\"wp-image-116208\" srcset=\"https:\/\/enolife.com.ar\/es\/wp-content\/uploads\/2024\/05\/Imagen4-6.jpg 853w, https:\/\/enolife.com.ar\/es\/wp-content\/uploads\/2024\/05\/Imagen4-6-300x230.jpg 300w, https:\/\/enolife.com.ar\/es\/wp-content\/uploads\/2024\/05\/Imagen4-6-768x588.jpg 768w, https:\/\/enolife.com.ar\/es\/wp-content\/uploads\/2024\/05\/Imagen4-6-585x448.jpg 585w\" sizes=\"auto, (max-width: 853px) 100vw, 853px\" \/><\/a><\/figure>\n\n\n\n<figure class=\"wp-block-image size-full\"><a href=\"https:\/\/enolife.com.ar\/es\/wp-content\/uploads\/2024\/05\/VIVERO-PRODUCTORA.jpg\" data-rel=\"penci-gallery-image-content\" ><img loading=\"lazy\" decoding=\"async\" width=\"722\" height=\"500\" data-id=\"116170\" src=\"https:\/\/enolife.com.ar\/es\/wp-content\/uploads\/2024\/05\/VIVERO-PRODUCTORA.jpg\" alt=\"\" class=\"wp-image-116170\" srcset=\"https:\/\/enolife.com.ar\/es\/wp-content\/uploads\/2024\/05\/VIVERO-PRODUCTORA.jpg 722w, https:\/\/enolife.com.ar\/es\/wp-content\/uploads\/2024\/05\/VIVERO-PRODUCTORA-300x208.jpg 300w, https:\/\/enolife.com.ar\/es\/wp-content\/uploads\/2024\/05\/VIVERO-PRODUCTORA-585x405.jpg 585w\" sizes=\"auto, (max-width: 722px) 100vw, 722px\" \/><\/a><\/figure>\n<\/figure>\n\n\n\n<div style=\"height:30px\" aria-hidden=\"true\" class=\"wp-block-spacer\"><\/div>\n\n\n\n<figure class=\"wp-block-gallery has-nested-images columns-default is-cropped wp-block-gallery-6 is-layout-flex wp-block-gallery-is-layout-flex\">\n<figure class=\"wp-block-image size-full\"><a href=\"https:\/\/enolife.com.ar\/es\/wp-content\/uploads\/2024\/05\/SMURFITT-KAPPA.jpg\" data-rel=\"penci-gallery-image-content\" ><img loading=\"lazy\" decoding=\"async\" width=\"723\" height=\"500\" data-id=\"116169\" src=\"https:\/\/enolife.com.ar\/es\/wp-content\/uploads\/2024\/05\/SMURFITT-KAPPA.jpg\" alt=\"\" class=\"wp-image-116169\" srcset=\"https:\/\/enolife.com.ar\/es\/wp-content\/uploads\/2024\/05\/SMURFITT-KAPPA.jpg 723w, https:\/\/enolife.com.ar\/es\/wp-content\/uploads\/2024\/05\/SMURFITT-KAPPA-300x207.jpg 300w, https:\/\/enolife.com.ar\/es\/wp-content\/uploads\/2024\/05\/SMURFITT-KAPPA-585x405.jpg 585w\" sizes=\"auto, (max-width: 723px) 100vw, 723px\" \/><\/a><\/figure>\n\n\n\n<figure class=\"wp-block-image size-full\"><a href=\"https:\/\/enolife.com.ar\/es\/wp-content\/uploads\/2024\/05\/TEXTIL-KOPRUCH.jpg\" data-rel=\"penci-gallery-image-content\" ><img loading=\"lazy\" decoding=\"async\" width=\"708\" height=\"500\" data-id=\"116171\" src=\"https:\/\/enolife.com.ar\/es\/wp-content\/uploads\/2024\/05\/TEXTIL-KOPRUCH.jpg\" alt=\"\" class=\"wp-image-116171\" srcset=\"https:\/\/enolife.com.ar\/es\/wp-content\/uploads\/2024\/05\/TEXTIL-KOPRUCH.jpg 708w, https:\/\/enolife.com.ar\/es\/wp-content\/uploads\/2024\/05\/TEXTIL-KOPRUCH-300x212.jpg 300w, https:\/\/enolife.com.ar\/es\/wp-content\/uploads\/2024\/05\/TEXTIL-KOPRUCH-585x413.jpg 585w\" sizes=\"auto, (max-width: 708px) 100vw, 708px\" \/><\/a><\/figure>\n<\/figure>\n\n\n\n<div style=\"height:30px\" aria-hidden=\"true\" class=\"wp-block-spacer\"><\/div>\n\n\n<div class=\"wp-block-image\">\n<figure class=\"aligncenter size-full is-resized\"><a href=\"https:\/\/enolife.com.ar\/es\/wp-content\/uploads\/2024\/05\/SUCOPACK.jpg\" data-rel=\"penci-gallery-image-content\" ><img loading=\"lazy\" decoding=\"async\" src=\"https:\/\/enolife.com.ar\/es\/wp-content\/uploads\/2024\/05\/SUCOPACK.jpg\" alt=\"\" class=\"wp-image-116173\" width=\"593\" height=\"377\" srcset=\"https:\/\/enolife.com.ar\/es\/wp-content\/uploads\/2024\/05\/SUCOPACK.jpg 741w, https:\/\/enolife.com.ar\/es\/wp-content\/uploads\/2024\/05\/SUCOPACK-300x191.jpg 300w, https:\/\/enolife.com.ar\/es\/wp-content\/uploads\/2024\/05\/SUCOPACK-585x372.jpg 585w\" sizes=\"auto, (max-width: 593px) 100vw, 593px\" \/><\/a><figcaption class=\"wp-element-caption\"><em><strong>Participaci\u00f3n de Sucopack en el stand de la CCI<\/strong><\/em><\/figcaption><\/figure><\/div>\n\n\n<div style=\"height:30px\" aria-hidden=\"true\" class=\"wp-block-spacer\"><\/div>\n\n\n\n<p>Sitevinitech 2024 cont\u00f3 con el apoyo del <strong>Gobierno de Mendoza, Vinventions, Di\u00e9sel Lange (John Deere\u2060), Banco Comafi y Triunfo Seguros. <\/strong>Adem\u00e1s del apoyo de la <strong>Municipalidad de Mendoza, Palmero, Centauro y la Uncuyo<\/strong>, entre otros.<\/p>\n\n\n\n<p>La feria se destac\u00f3 por su enfoque en la innovaci\u00f3n y la creaci\u00f3n de alianzas estrat\u00e9gicas, por lo cual se han establecido m\u00faltiples colaboraciones.<\/p>\n\n\n\n<div style=\"height:30px\" aria-hidden=\"true\" class=\"wp-block-spacer\"><\/div>\n\n\n<div class=\"wp-block-image\">\n<figure class=\"aligncenter size-full is-resized\"><a href=\"https:\/\/enolife.com.ar\/es\/wp-content\/uploads\/2024\/05\/LUJAN-AGRICOLA-1.jpg\" data-rel=\"penci-gallery-image-content\" ><img loading=\"lazy\" decoding=\"async\" src=\"https:\/\/enolife.com.ar\/es\/wp-content\/uploads\/2024\/05\/LUJAN-AGRICOLA-1.jpg\" alt=\"\" class=\"wp-image-116182\" width=\"603\" height=\"385\" srcset=\"https:\/\/enolife.com.ar\/es\/wp-content\/uploads\/2024\/05\/LUJAN-AGRICOLA-1.jpg 783w, https:\/\/enolife.com.ar\/es\/wp-content\/uploads\/2024\/05\/LUJAN-AGRICOLA-1-300x192.jpg 300w, https:\/\/enolife.com.ar\/es\/wp-content\/uploads\/2024\/05\/LUJAN-AGRICOLA-1-768x490.jpg 768w, https:\/\/enolife.com.ar\/es\/wp-content\/uploads\/2024\/05\/LUJAN-AGRICOLA-1-585x374.jpg 585w\" sizes=\"auto, (max-width: 603px) 100vw, 603px\" \/><\/a><figcaption class=\"wp-element-caption\"><em><strong>Daniel y Carlos Merlo de Luj\u00e1n Agr\u00edcola<\/strong><\/em><\/figcaption><\/figure><\/div>\n\n\n<div style=\"height:30px\" aria-hidden=\"true\" class=\"wp-block-spacer\"><\/div>\n\n\n<div class=\"wp-block-image\">\n<figure class=\"aligncenter size-full is-resized\"><a href=\"https:\/\/enolife.com.ar\/es\/wp-content\/uploads\/2024\/05\/d994be7d-6a10-423b-99b5-41811438af1f-1.jpg\" data-rel=\"penci-gallery-image-content\" ><img loading=\"lazy\" decoding=\"async\" src=\"https:\/\/enolife.com.ar\/es\/wp-content\/uploads\/2024\/05\/d994be7d-6a10-423b-99b5-41811438af1f-1.jpg\" alt=\"\" class=\"wp-image-116536\" width=\"637\" height=\"424\" srcset=\"https:\/\/enolife.com.ar\/es\/wp-content\/uploads\/2024\/05\/d994be7d-6a10-423b-99b5-41811438af1f-1.jpg 751w, https:\/\/enolife.com.ar\/es\/wp-content\/uploads\/2024\/05\/d994be7d-6a10-423b-99b5-41811438af1f-1-300x200.jpg 300w, https:\/\/enolife.com.ar\/es\/wp-content\/uploads\/2024\/05\/d994be7d-6a10-423b-99b5-41811438af1f-1-585x389.jpg 585w\" sizes=\"auto, (max-width: 637px) 100vw, 637px\" \/><\/a><figcaption class=\"wp-element-caption\"><em><strong>El team Real de la Cruz: \u00c1ngel Morchio, Nicol\u00e1s D\u00edaz, Pablo Bassin e Iv\u00e1n Chrabolowsky<\/strong><\/em><\/figcaption><\/figure><\/div>\n\n\n<div style=\"height:30px\" aria-hidden=\"true\" class=\"wp-block-spacer\"><\/div>\n\n\n\n<figure class=\"wp-block-gallery has-nested-images columns-default is-cropped wp-block-gallery-7 is-layout-flex wp-block-gallery-is-layout-flex\">\n<figure class=\"wp-block-image size-full\"><a href=\"https:\/\/enolife.com.ar\/es\/wp-content\/uploads\/2024\/05\/ARPEX.jpg\" data-rel=\"penci-gallery-image-content\" ><img loading=\"lazy\" decoding=\"async\" width=\"719\" height=\"500\" data-id=\"116175\" src=\"https:\/\/enolife.com.ar\/es\/wp-content\/uploads\/2024\/05\/ARPEX.jpg\" alt=\"\" class=\"wp-image-116175\" srcset=\"https:\/\/enolife.com.ar\/es\/wp-content\/uploads\/2024\/05\/ARPEX.jpg 719w, https:\/\/enolife.com.ar\/es\/wp-content\/uploads\/2024\/05\/ARPEX-300x209.jpg 300w, https:\/\/enolife.com.ar\/es\/wp-content\/uploads\/2024\/05\/ARPEX-585x407.jpg 585w\" sizes=\"auto, (max-width: 719px) 100vw, 719px\" \/><\/a><figcaption class=\"wp-element-caption\"><strong><em>Arpex<\/em><\/strong><\/figcaption><\/figure>\n\n\n\n<figure class=\"wp-block-image size-full\"><a href=\"https:\/\/enolife.com.ar\/es\/wp-content\/uploads\/2024\/05\/BUCHER-VASLIN1.jpg\" data-rel=\"penci-gallery-image-content\" ><img loading=\"lazy\" decoding=\"async\" width=\"739\" height=\"500\" data-id=\"116176\" src=\"https:\/\/enolife.com.ar\/es\/wp-content\/uploads\/2024\/05\/BUCHER-VASLIN1.jpg\" alt=\"\" class=\"wp-image-116176\" srcset=\"https:\/\/enolife.com.ar\/es\/wp-content\/uploads\/2024\/05\/BUCHER-VASLIN1.jpg 739w, https:\/\/enolife.com.ar\/es\/wp-content\/uploads\/2024\/05\/BUCHER-VASLIN1-300x203.jpg 300w, https:\/\/enolife.com.ar\/es\/wp-content\/uploads\/2024\/05\/BUCHER-VASLIN1-585x396.jpg 585w\" sizes=\"auto, (max-width: 739px) 100vw, 739px\" \/><\/a><figcaption class=\"wp-element-caption\"><strong><em>Bucher Vaslin<\/em><\/strong><\/figcaption><\/figure>\n<\/figure>\n\n\n\n<div style=\"height:30px\" aria-hidden=\"true\" class=\"wp-block-spacer\"><\/div>\n\n\n<div class=\"wp-block-image\">\n<figure class=\"aligncenter size-full is-resized\"><a href=\"https:\/\/enolife.com.ar\/es\/wp-content\/uploads\/2024\/05\/INDUSTRIA-Y-MEDICINA.jpg\" data-rel=\"penci-gallery-image-content\" ><img loading=\"lazy\" decoding=\"async\" src=\"https:\/\/enolife.com.ar\/es\/wp-content\/uploads\/2024\/05\/INDUSTRIA-Y-MEDICINA.jpg\" alt=\"\" class=\"wp-image-116181\" width=\"609\" height=\"398\" srcset=\"https:\/\/enolife.com.ar\/es\/wp-content\/uploads\/2024\/05\/INDUSTRIA-Y-MEDICINA.jpg 765w, https:\/\/enolife.com.ar\/es\/wp-content\/uploads\/2024\/05\/INDUSTRIA-Y-MEDICINA-300x196.jpg 300w, https:\/\/enolife.com.ar\/es\/wp-content\/uploads\/2024\/05\/INDUSTRIA-Y-MEDICINA-585x382.jpg 585w\" sizes=\"auto, (max-width: 609px) 100vw, 609px\" \/><\/a><figcaption class=\"wp-element-caption\"><em><strong>Laurent Desavoye de Industria y Medicina<\/strong><\/em><\/figcaption><\/figure><\/div>\n\n\n<div style=\"height:30px\" aria-hidden=\"true\" class=\"wp-block-spacer\"><\/div>\n\n\n\n<figure class=\"wp-block-gallery has-nested-images columns-default is-cropped wp-block-gallery-8 is-layout-flex wp-block-gallery-is-layout-flex\">\n<figure class=\"wp-block-image size-full\"><a href=\"https:\/\/enolife.com.ar\/es\/wp-content\/uploads\/2024\/05\/AGRICHECK.jpg\" data-rel=\"penci-gallery-image-content\" ><img loading=\"lazy\" decoding=\"async\" width=\"665\" height=\"433\" data-id=\"116177\" src=\"https:\/\/enolife.com.ar\/es\/wp-content\/uploads\/2024\/05\/AGRICHECK.jpg\" alt=\"\" class=\"wp-image-116177\" srcset=\"https:\/\/enolife.com.ar\/es\/wp-content\/uploads\/2024\/05\/AGRICHECK.jpg 665w, https:\/\/enolife.com.ar\/es\/wp-content\/uploads\/2024\/05\/AGRICHECK-300x195.jpg 300w, https:\/\/enolife.com.ar\/es\/wp-content\/uploads\/2024\/05\/AGRICHECK-585x381.jpg 585w\" sizes=\"auto, (max-width: 665px) 100vw, 665px\" \/><\/a><\/figure>\n\n\n\n<figure class=\"wp-block-image size-full\"><a href=\"https:\/\/enolife.com.ar\/es\/wp-content\/uploads\/2024\/05\/08b85c24-7754-4b08-afe4-dfa1b8d63627.jpg\" data-rel=\"penci-gallery-image-content\" ><img loading=\"lazy\" decoding=\"async\" width=\"709\" height=\"699\" data-id=\"116335\" src=\"https:\/\/enolife.com.ar\/es\/wp-content\/uploads\/2024\/05\/08b85c24-7754-4b08-afe4-dfa1b8d63627.jpg\" alt=\"\" class=\"wp-image-116335\" srcset=\"https:\/\/enolife.com.ar\/es\/wp-content\/uploads\/2024\/05\/08b85c24-7754-4b08-afe4-dfa1b8d63627.jpg 709w, https:\/\/enolife.com.ar\/es\/wp-content\/uploads\/2024\/05\/08b85c24-7754-4b08-afe4-dfa1b8d63627-300x296.jpg 300w, https:\/\/enolife.com.ar\/es\/wp-content\/uploads\/2024\/05\/08b85c24-7754-4b08-afe4-dfa1b8d63627-585x577.jpg 585w\" sizes=\"auto, (max-width: 709px) 100vw, 709px\" \/><\/a><figcaption class=\"wp-element-caption\"><strong><em>Team completo de Agricheck<\/em><\/strong><\/figcaption><\/figure>\n<\/figure>\n\n\n\n<div style=\"height:30px\" aria-hidden=\"true\" class=\"wp-block-spacer\"><\/div>\n\n\n<div class=\"wp-block-image\">\n<figure class=\"aligncenter size-full is-resized\"><a href=\"https:\/\/enolife.com.ar\/es\/wp-content\/uploads\/2024\/05\/SURTECNICA.jpg\" data-rel=\"penci-gallery-image-content\" ><img loading=\"lazy\" decoding=\"async\" src=\"https:\/\/enolife.com.ar\/es\/wp-content\/uploads\/2024\/05\/SURTECNICA.jpg\" alt=\"\" class=\"wp-image-116184\" width=\"589\" height=\"345\" srcset=\"https:\/\/enolife.com.ar\/es\/wp-content\/uploads\/2024\/05\/SURTECNICA.jpg 853w, https:\/\/enolife.com.ar\/es\/wp-content\/uploads\/2024\/05\/SURTECNICA-300x176.jpg 300w, https:\/\/enolife.com.ar\/es\/wp-content\/uploads\/2024\/05\/SURTECNICA-768x450.jpg 768w, https:\/\/enolife.com.ar\/es\/wp-content\/uploads\/2024\/05\/SURTECNICA-585x343.jpg 585w\" sizes=\"auto, (max-width: 589px) 100vw, 589px\" \/><\/a><figcaption class=\"wp-element-caption\"><em><strong>El stand de Surt\u00e9cnica estuvo atendido por Julio Totero y sus hijos Franco y Mat\u00edas<\/strong><\/em><\/figcaption><\/figure><\/div>\n\n\n<div style=\"height:30px\" aria-hidden=\"true\" class=\"wp-block-spacer\"><\/div>\n\n\n<div class=\"wp-block-image\">\n<figure class=\"aligncenter size-full is-resized\"><a href=\"https:\/\/enolife.com.ar\/es\/wp-content\/uploads\/2024\/05\/metzer.jpg\" data-rel=\"penci-gallery-image-content\" ><img loading=\"lazy\" decoding=\"async\" src=\"https:\/\/enolife.com.ar\/es\/wp-content\/uploads\/2024\/05\/metzer.jpg\" alt=\"\" class=\"wp-image-116252\" width=\"652\" height=\"388\" srcset=\"https:\/\/enolife.com.ar\/es\/wp-content\/uploads\/2024\/05\/metzer.jpg 807w, https:\/\/enolife.com.ar\/es\/wp-content\/uploads\/2024\/05\/metzer-300x178.jpg 300w, https:\/\/enolife.com.ar\/es\/wp-content\/uploads\/2024\/05\/metzer-768x457.jpg 768w, https:\/\/enolife.com.ar\/es\/wp-content\/uploads\/2024\/05\/metzer-585x348.jpg 585w\" sizes=\"auto, (max-width: 652px) 100vw, 652px\" \/><\/a><figcaption class=\"wp-element-caption\"><strong><em>As\u00ed qued\u00f3 el stand de la empresa Metzer Argentina, experta en sistemas de riego por goteo<\/em><\/strong><\/figcaption><\/figure><\/div>\n\n\n<div style=\"height:30px\" aria-hidden=\"true\" class=\"wp-block-spacer\"><\/div>\n\n\n\n<figure class=\"wp-block-gallery has-nested-images columns-default is-cropped wp-block-gallery-9 is-layout-flex wp-block-gallery-is-layout-flex\">\n<figure class=\"wp-block-image size-full\"><a href=\"https:\/\/enolife.com.ar\/es\/wp-content\/uploads\/2024\/05\/SOUL-INOX.jpg\" data-rel=\"penci-gallery-image-content\" ><img loading=\"lazy\" decoding=\"async\" width=\"841\" height=\"500\" data-id=\"116179\" src=\"https:\/\/enolife.com.ar\/es\/wp-content\/uploads\/2024\/05\/SOUL-INOX.jpg\" alt=\"\" class=\"wp-image-116179\" srcset=\"https:\/\/enolife.com.ar\/es\/wp-content\/uploads\/2024\/05\/SOUL-INOX.jpg 841w, https:\/\/enolife.com.ar\/es\/wp-content\/uploads\/2024\/05\/SOUL-INOX-300x178.jpg 300w, https:\/\/enolife.com.ar\/es\/wp-content\/uploads\/2024\/05\/SOUL-INOX-768x457.jpg 768w, https:\/\/enolife.com.ar\/es\/wp-content\/uploads\/2024\/05\/SOUL-INOX-585x348.jpg 585w\" sizes=\"auto, (max-width: 841px) 100vw, 841px\" \/><\/a><\/figure>\n\n\n\n<figure class=\"wp-block-image size-full\"><a href=\"https:\/\/enolife.com.ar\/es\/wp-content\/uploads\/2024\/05\/PALMERO.jpg\" data-rel=\"penci-gallery-image-content\" ><img loading=\"lazy\" decoding=\"async\" width=\"824\" height=\"500\" data-id=\"116183\" src=\"https:\/\/enolife.com.ar\/es\/wp-content\/uploads\/2024\/05\/PALMERO.jpg\" alt=\"\" class=\"wp-image-116183\" srcset=\"https:\/\/enolife.com.ar\/es\/wp-content\/uploads\/2024\/05\/PALMERO.jpg 824w, https:\/\/enolife.com.ar\/es\/wp-content\/uploads\/2024\/05\/PALMERO-300x182.jpg 300w, https:\/\/enolife.com.ar\/es\/wp-content\/uploads\/2024\/05\/PALMERO-768x466.jpg 768w, https:\/\/enolife.com.ar\/es\/wp-content\/uploads\/2024\/05\/PALMERO-585x355.jpg 585w\" sizes=\"auto, (max-width: 824px) 100vw, 824px\" \/><\/a><figcaption class=\"wp-element-caption\"><strong><em>Palmero<\/em><\/strong><\/figcaption><\/figure>\n<\/figure>\n\n\n\n<div style=\"height:35px\" aria-hidden=\"true\" class=\"wp-block-spacer\"><\/div>\n\n\n\n<p class=\"has-medium-font-size\"><strong>La innovaci\u00f3n, eje de Sitevinitech 2024<\/strong><\/p>\n\n\n\n<p><em>\u201cLa verdad es que estamos muy contentos de haber participado nuevamente de esta feria tan importante para Mendoza y Argentina. Siempre es importante para estar cerca de los clientes y de esta manera poder presentar todas las novedades y nuevos productos. Desde <strong>Vinventions<\/strong> estamos dispuestos a seguir participando de este cl\u00faster vitivin\u00edcola tan importante para el \u00e9xito de todos\u201d<\/em>, declar\u00f3 <strong>Andr\u00e9s Belinsky,<\/strong> gerente general de la empresa proveedora de tapones.<\/p>\n\n\n\n<div style=\"height:30px\" aria-hidden=\"true\" class=\"wp-block-spacer\"><\/div>\n\n\n<div class=\"wp-block-image\">\n<figure class=\"aligncenter size-full is-resized\"><a href=\"https:\/\/enolife.com.ar\/es\/wp-content\/uploads\/2024\/05\/VINVENTIONS-1.jpg\" data-rel=\"penci-gallery-image-content\" ><img loading=\"lazy\" decoding=\"async\" src=\"https:\/\/enolife.com.ar\/es\/wp-content\/uploads\/2024\/05\/VINVENTIONS-1.jpg\" alt=\"\" class=\"wp-image-116150\" width=\"594\" height=\"412\" srcset=\"https:\/\/enolife.com.ar\/es\/wp-content\/uploads\/2024\/05\/VINVENTIONS-1.jpg 721w, https:\/\/enolife.com.ar\/es\/wp-content\/uploads\/2024\/05\/VINVENTIONS-1-300x208.jpg 300w, https:\/\/enolife.com.ar\/es\/wp-content\/uploads\/2024\/05\/VINVENTIONS-1-585x406.jpg 585w\" sizes=\"auto, (max-width: 594px) 100vw, 594px\" \/><\/a><figcaption class=\"wp-element-caption\"><em><strong>El stand de Vinventions, donde se degustaron vinos italianos con tapones de su marca<\/strong><\/em><\/figcaption><\/figure><\/div>\n\n\n<div style=\"height:30px\" aria-hidden=\"true\" class=\"wp-block-spacer\"><\/div>\n\n\n\n<p><em>\u201cCon nuevas perspectivas para Argentina, tambi\u00e9n apostamos a la exportaci\u00f3n de nuestra planta de San Juan a todo el resto de Latinoam\u00e9rica. Este es el mejor lugar para interactuar y encontrarnos con nuestros clientes\u201d,<\/em> remarc\u00f3.<\/p>\n\n\n\n<p>Por su parte, <strong>Mart\u00edn S\u00e1nchez<\/strong>, CEO de <strong>Agromaq Vird\u00f3<\/strong>, se\u00f1al\u00f3 que <em>\u201clas maquinarias cosechadora de uva New Holland tienen como virtud que se adaptan a todo tipo de cliente. Tenemos flexibilidad como concesionario para financiar a clientes y nos permite llegar a distintos p\u00fablicos\u201d.<\/em><\/p>\n\n\n\n<div style=\"height:30px\" aria-hidden=\"true\" class=\"wp-block-spacer\"><\/div>\n\n\n<div class=\"wp-block-image\">\n<figure class=\"aligncenter size-full is-resized\"><a href=\"https:\/\/enolife.com.ar\/es\/wp-content\/uploads\/2024\/05\/LODO.jpg\" data-rel=\"penci-gallery-image-content\" ><img loading=\"lazy\" decoding=\"async\" src=\"https:\/\/enolife.com.ar\/es\/wp-content\/uploads\/2024\/05\/LODO.jpg\" alt=\"\" class=\"wp-image-116188\" width=\"605\" height=\"374\" srcset=\"https:\/\/enolife.com.ar\/es\/wp-content\/uploads\/2024\/05\/LODO.jpg 809w, https:\/\/enolife.com.ar\/es\/wp-content\/uploads\/2024\/05\/LODO-300x185.jpg 300w, https:\/\/enolife.com.ar\/es\/wp-content\/uploads\/2024\/05\/LODO-768x475.jpg 768w, https:\/\/enolife.com.ar\/es\/wp-content\/uploads\/2024\/05\/LODO-585x362.jpg 585w\" sizes=\"auto, (max-width: 605px) 100vw, 605px\" \/><\/a><figcaption class=\"wp-element-caption\"><em><strong>Espacio Lodo, donde convergieron marcas como Halpern, New Holland, Caprivi, Maderas Pl\u00e1sticas Mendoza, Luj\u00e1n Agr\u00edcola, Entre Dos, entre otras<\/strong><\/em><\/figcaption><\/figure><\/div>\n\n\n<div style=\"height:30px\" aria-hidden=\"true\" class=\"wp-block-spacer\"><\/div>\n\n\n\n<p>La innovaci\u00f3n como motor de la firma present\u00f3 en exclusiva un portal digital de telemetr\u00eda que trabaja sobre la predicci\u00f3n de las maquinas. <em>\u201cAdem\u00e1s del piloto autom\u00e1tico mostramos telemetr\u00eda que trabaja sobre la predicci\u00f3n y no prevenci\u00f3n. Toda la maquinaria est\u00e1 conectada a un GPS y tenemos el seguimiento de la maquina desde el concesionario. Lo cual permite detectar una falla a futuro, informar al cliente y enviar el service con antelaci\u00f3n, evitando rupturas<\/em>\u201d, adelant\u00f3 S\u00e1nchez.<\/p>\n\n\n\n<p>Durante la edici\u00f3n 2024 de Sitevinitech, <strong>Verallia<\/strong> present\u00f3 una nueva botella para homenajear a la <strong>Reina Nacional de la Vendimia: Agostina Saua<\/strong>. Se trata de un envase para espumante de m\u00e9todo champenoise, que lleva el nombre \u00abSparkling Agostina\u00bb, una versi\u00f3n Eco caracterizada por una reducci\u00f3n en el peso del envase. <\/p>\n\n\n\n<div style=\"height:30px\" aria-hidden=\"true\" class=\"wp-block-spacer\"><\/div>\n\n\n<div class=\"wp-block-image\">\n<figure class=\"aligncenter size-full is-resized\"><a href=\"https:\/\/enolife.com.ar\/es\/wp-content\/uploads\/2024\/05\/verallia-reina-1.jpg\" data-rel=\"penci-gallery-image-content\" ><img loading=\"lazy\" decoding=\"async\" src=\"https:\/\/enolife.com.ar\/es\/wp-content\/uploads\/2024\/05\/verallia-reina-1.jpg\" alt=\"\" class=\"wp-image-116240\" width=\"582\" height=\"419\" srcset=\"https:\/\/enolife.com.ar\/es\/wp-content\/uploads\/2024\/05\/verallia-reina-1.jpg 695w, https:\/\/enolife.com.ar\/es\/wp-content\/uploads\/2024\/05\/verallia-reina-1-300x216.jpg 300w, https:\/\/enolife.com.ar\/es\/wp-content\/uploads\/2024\/05\/verallia-reina-1-585x421.jpg 585w\" sizes=\"auto, (max-width: 582px) 100vw, 582px\" \/><\/a><figcaption class=\"wp-element-caption\"><em><strong>Walter Formica, director de Verallia; Agustina Saua, Reina de la Vendimia y Diego Gareca, ministro de Cultura de Mendoza<\/strong><\/em><\/figcaption><\/figure><\/div>\n\n\n<div style=\"height:30px\" aria-hidden=\"true\" class=\"wp-block-spacer\"><\/div>\n\n\n\n<p>Hay que destacar tambi\u00e9n el fortalecimiento de esta \u00faltima edici\u00f3n de Sitevinitech en su relaci\u00f3n con Francia. Cabe recordar que la feria de Mendoza surgi\u00f3 de la conjunci\u00f3n de Sitevi, en Montpellier y Vinitech, en Burdeos, transform\u00e1ndose Sitevinitech en la exhibici\u00f3n referente para Latinoam\u00e9rica del mundo vitivin\u00edcola.<\/p>\n\n\n\n<div style=\"height:38px\" aria-hidden=\"true\" class=\"wp-block-spacer\"><\/div>\n","protected":false},"excerpt":{"rendered":"<p>La mayor feria y exposici\u00f3n en Am\u00e9rica Latina de la industria vitivin\u00edcola se llev\u00f3 a&hellip;<\/p>\n","protected":false},"author":3,"featured_media":116197,"comment_status":"open","ping_status":"open","sticky":false,"template":"","format":"standard","meta":{"footnotes":""},"categories":[10],"tags":[],"class_list":["post-116107","post","type-post","status-publish","format-standard","has-post-thumbnail","hentry","category-ferias"],"_links":{"self":[{"href":"https:\/\/enolife.com.ar\/es\/wp-json\/wp\/v2\/posts\/116107","targetHints":{"allow":["GET"]}}],"collection":[{"href":"https:\/\/enolife.com.ar\/es\/wp-json\/wp\/v2\/posts"}],"about":[{"href":"https:\/\/enolife.com.ar\/es\/wp-json\/wp\/v2\/types\/post"}],"author":[{"embeddable":true,"href":"https:\/\/enolife.com.ar\/es\/wp-json\/wp\/v2\/users\/3"}],"replies":[{"embeddable":true,"href":"https:\/\/enolife.com.ar\/es\/wp-json\/wp\/v2\/comments?post=116107"}],"version-history":[{"count":0,"href":"https:\/\/enolife.com.ar\/es\/wp-json\/wp\/v2\/posts\/116107\/revisions"}],"wp:featuredmedia":[{"embeddable":true,"href":"https:\/\/enolife.com.ar\/es\/wp-json\/wp\/v2\/media\/116197"}],"wp:attachment":[{"href":"https:\/\/enolife.com.ar\/es\/wp-json\/wp\/v2\/media?parent=116107"}],"wp:term":[{"taxonomy":"category","embeddable":true,"href":"https:\/\/enolife.com.ar\/es\/wp-json\/wp\/v2\/categories?post=116107"},{"taxonomy":"post_tag","embeddable":true,"href":"https:\/\/enolife.com.ar\/es\/wp-json\/wp\/v2\/tags?post=116107"}],"curies":[{"name":"wp","href":"https:\/\/api.w.org\/{rel}","templated":true}]}}