{"id":115885,"date":"2024-05-17T15:03:18","date_gmt":"2024-05-17T15:03:18","guid":{"rendered":"https:\/\/enolife.com.ar\/es\/?p=115885"},"modified":"2024-05-18T13:48:35","modified_gmt":"2024-05-18T13:48:35","slug":"hoy-viernes-17-5-ultimo-dia-para-visitar-en-mendoza-la-feria-vitivinicola-mas-grande-de-latinoamerica","status":"publish","type":"post","link":"https:\/\/enolife.com.ar\/es\/hoy-viernes-17-5-ultimo-dia-para-visitar-en-mendoza-la-feria-vitivinicola-mas-grande-de-latinoamerica\/","title":{"rendered":"Hoy viernes 17\/5, \u00faltimo d\u00eda para visitar en Mendoza la feria vitivin\u00edcola m\u00e1s grande de Latinoam\u00e9rica"},"content":{"rendered":"\n<h4 class=\"wp-block-heading\"><em><strong>Luego de dos jornadas en las que ya pasaron miles de visitantes, hoy viernes 17 la Expo Sitevinitech cerrar\u00e1 con 150 expositores, en el imponente marco del complejo Las Naves, en el Parque Central de la Ciudad de Mendoza. Ayer, durante su segundo d\u00eda, la feria cont\u00f3 con la visita de la rectora de la Universidad Nacional de Cuyo y de la Reina Nacional de la Vendimia, entre otras figuras destacadas.<\/strong><\/em><\/h4>\n\n\n\n<div style=\"height:35px\" aria-hidden=\"true\" class=\"wp-block-spacer\"><\/div>\n\n\n\n\n\n<div style=\"height:45px\" aria-hidden=\"true\" class=\"wp-block-spacer\"><\/div>\n\n\n\n<p><strong>Sitevinitech 2024<\/strong>, la feria y exposici\u00f3n m\u00e1s convocante de Am\u00e9rica Latina de la industria vitivin\u00edcola argentina e internacional, culmina hoy viernes 17, en horario de 13 a 20, donde los asistentes tendr\u00e1n la \u00faltima oportunidad para explorar las nuevas tendencias en tecnolog\u00eda vitivin\u00edcola y novedades del agro en general. Adem\u00e1s, en la feria podr\u00e1n encontrar todas las innovaciones del sector y participar de interesantes conferencias y talleres.<\/p>\n\n\n\n<p>El primer d\u00eda, en su apertura el 15\/5, la Feria cont\u00f3 con la presencia del gobernador de Mendoza, <strong>Alfredo Cornejo<\/strong>, la vicegobernadora <strong>Hebe Casado<\/strong>, el embajador de Francia en Argentina, <strong>Romain Nadal<\/strong>, el intendente de la Ciudad de Mendoza, <strong>Ulpiano Su\u00e1rez<\/strong>, anfitri\u00f3n del evento. Tambi\u00e9n con destacadas figuras de la industria vitivin\u00edcola y con el director general de Sitevinitech, <strong>Arturo Yaci\u00f3fano.<\/strong><\/p>\n\n\n\n<p>Ayer, en su segunda jornada, se destac\u00f3 la presencia de la Reina Nacional de la Vendimia, <strong>Agostina Saua, <\/strong>as\u00ed como tambi\u00e9n las de directivos de la Universidad Nacional de Cuyo. Estuvieron presentes la rectora <strong>Esther S\u00e1nchez<\/strong> y el vicerrector<strong> Gabriel Fidel<\/strong>, quienes recorrieron la feria junto a Arturo Yaci\u00f3fano.<\/p>\n\n\n\n<div style=\"height:30px\" aria-hidden=\"true\" class=\"wp-block-spacer\"><\/div>\n\n\n<div class=\"wp-block-image\">\n<figure class=\"aligncenter size-full is-resized\"><a href=\"https:\/\/enolife.com.ar\/es\/wp-content\/uploads\/2024\/05\/77346551-b0c1-4ce9-a55f-fc0a8f4daf2c.jpg\" data-rel=\"penci-gallery-image-content\" ><img loading=\"lazy\" decoding=\"async\" src=\"https:\/\/enolife.com.ar\/es\/wp-content\/uploads\/2024\/05\/77346551-b0c1-4ce9-a55f-fc0a8f4daf2c.jpg\" alt=\"\" class=\"wp-image-115891\" width=\"491\" height=\"510\" srcset=\"https:\/\/enolife.com.ar\/es\/wp-content\/uploads\/2024\/05\/77346551-b0c1-4ce9-a55f-fc0a8f4daf2c.jpg 481w, https:\/\/enolife.com.ar\/es\/wp-content\/uploads\/2024\/05\/77346551-b0c1-4ce9-a55f-fc0a8f4daf2c-289x300.jpg 289w\" sizes=\"auto, (max-width: 491px) 100vw, 491px\" \/><\/a><figcaption class=\"wp-element-caption\"><em><strong>Arturo Yaci\u00f3fano junto a Esther S\u00e1nchez, rectora de la UNCuyo y Gabriel Fidel, vicerrector de la UNCuyo<\/strong><\/em><\/figcaption><\/figure><\/div>\n\n\n<div style=\"height:30px\" aria-hidden=\"true\" class=\"wp-block-spacer\"><\/div>\n\n\n\n<p>Sitevinitech 2024 se destaca por su enfoque en la innovaci\u00f3n y la creaci\u00f3n de alianzas estrat\u00e9gicas, por lo cual se han establecido m\u00faltiples colaboraciones, desde concursos de innovaci\u00f3n y sustentabilidad hasta premiaciones en cert\u00e1menes de renombre que prometen impulsar a\u00fan m\u00e1s la industria.<\/p>\n\n\n\n<div style=\"height:30px\" aria-hidden=\"true\" class=\"wp-block-spacer\"><\/div>\n\n\n\n<figure class=\"wp-block-gallery has-nested-images columns-default is-cropped wp-block-gallery-1 is-layout-flex wp-block-gallery-is-layout-flex\">\n<figure class=\"wp-block-image size-full\"><a href=\"https:\/\/enolife.com.ar\/es\/wp-content\/uploads\/2024\/05\/4f7b7f26-957d-4f7f-9374-9fde5bb912b4.jpg\" data-rel=\"penci-gallery-image-content\" ><img loading=\"lazy\" decoding=\"async\" width=\"430\" height=\"500\" data-id=\"115893\" src=\"https:\/\/enolife.com.ar\/es\/wp-content\/uploads\/2024\/05\/4f7b7f26-957d-4f7f-9374-9fde5bb912b4.jpg\" alt=\"\" class=\"wp-image-115893\" srcset=\"https:\/\/enolife.com.ar\/es\/wp-content\/uploads\/2024\/05\/4f7b7f26-957d-4f7f-9374-9fde5bb912b4.jpg 430w, https:\/\/enolife.com.ar\/es\/wp-content\/uploads\/2024\/05\/4f7b7f26-957d-4f7f-9374-9fde5bb912b4-258x300.jpg 258w\" sizes=\"auto, (max-width: 430px) 100vw, 430px\" \/><\/a><figcaption class=\"wp-element-caption\"><em><strong>En el stand de Vinventions degustando un gran vino italiano<\/strong><\/em><\/figcaption><\/figure>\n\n\n\n<figure class=\"wp-block-image size-full\"><a href=\"https:\/\/enolife.com.ar\/es\/wp-content\/uploads\/2024\/05\/af2648c7-f50f-43cc-be16-ee22489f0766.jpg\" data-rel=\"penci-gallery-image-content\" ><img loading=\"lazy\" decoding=\"async\" width=\"431\" height=\"500\" data-id=\"115896\" src=\"https:\/\/enolife.com.ar\/es\/wp-content\/uploads\/2024\/05\/af2648c7-f50f-43cc-be16-ee22489f0766.jpg\" alt=\"\" class=\"wp-image-115896\" srcset=\"https:\/\/enolife.com.ar\/es\/wp-content\/uploads\/2024\/05\/af2648c7-f50f-43cc-be16-ee22489f0766.jpg 431w, https:\/\/enolife.com.ar\/es\/wp-content\/uploads\/2024\/05\/af2648c7-f50f-43cc-be16-ee22489f0766-259x300.jpg 259w\" sizes=\"auto, (max-width: 431px) 100vw, 431px\" \/><\/a><figcaption class=\"wp-element-caption\"><em><strong>Agrinet promueve acciones sustentables en su stand<\/strong><\/em><\/figcaption><\/figure>\n<\/figure>\n\n\n\n<div style=\"height:30px\" aria-hidden=\"true\" class=\"wp-block-spacer\"><\/div>\n\n\n\n<p>Esta feria, de fuerte impacto para la industria, el comercio y el turismo de Mendoza, cuenta con el apoyo del <strong>Gobierno de Mendoza, Vinventions, Di\u00e9sel Lange, \u2060Banco Comafi <\/strong>y <strong>Triunfo Seguros. <\/strong>Y con el auspicio de la <strong>Municipalidad de Mendoza, Palmero, Centauro <\/strong>y la<strong> UNCuyo.<\/strong><\/p>\n\n\n\n<div style=\"height:30px\" aria-hidden=\"true\" class=\"wp-block-spacer\"><\/div>\n\n\n<div class=\"wp-block-image\">\n<figure class=\"aligncenter size-full is-resized\"><a href=\"https:\/\/enolife.com.ar\/es\/wp-content\/uploads\/2024\/05\/b22f1326-af89-4783-8997-79969042a072.jpg\" data-rel=\"penci-gallery-image-content\" ><img loading=\"lazy\" decoding=\"async\" src=\"https:\/\/enolife.com.ar\/es\/wp-content\/uploads\/2024\/05\/b22f1326-af89-4783-8997-79969042a072.jpg\" alt=\"\" class=\"wp-image-115895\" width=\"575\" height=\"372\" srcset=\"https:\/\/enolife.com.ar\/es\/wp-content\/uploads\/2024\/05\/b22f1326-af89-4783-8997-79969042a072.jpg 619w, https:\/\/enolife.com.ar\/es\/wp-content\/uploads\/2024\/05\/b22f1326-af89-4783-8997-79969042a072-300x194.jpg 300w, https:\/\/enolife.com.ar\/es\/wp-content\/uploads\/2024\/05\/b22f1326-af89-4783-8997-79969042a072-585x378.jpg 585w\" sizes=\"auto, (max-width: 575px) 100vw, 575px\" \/><\/a><figcaption class=\"wp-element-caption\"><em><strong>Verallia recibi\u00f3 a la Reina Nacional de la Vendimia, Agostina Saua, quien pos\u00f3 junto al vino que lleva su nombre.<\/strong><\/em><\/figcaption><\/figure><\/div>\n\n\n<div style=\"height:35px\" aria-hidden=\"true\" class=\"wp-block-spacer\"><\/div>\n\n\n\n<p class=\"has-medium-font-size\"><strong>Agenda de charlas 17\/5<\/strong><\/p>\n\n\n\n<p class=\"has-background\" style=\"background-color:#abb7c24d\"><strong>15 hs.<\/strong><\/p>\n\n\n\n<p><strong>-Vivero Mercier.<\/strong> Innovaci\u00f3n en el desarrollo de variedades resistentes a enfermedades o el genoma Malbec. Laura Bree \u2013&nbsp; Daniel Bergam\u00edn.<\/p>\n\n\n\n<p><strong>-Aplicaciones para la producci\u00f3n vitivin\u00edcola.<\/strong> Jean Philippe Boulanger.<\/p>\n\n\n\n<p><strong>-Stoller Argentina. Cambios clim\u00e1ticos y Vid. Principales consecuencias.<\/strong> Leonor Deis.<\/p>\n\n\n\n<div style=\"height:30px\" aria-hidden=\"true\" class=\"wp-block-spacer\"><\/div>\n\n\n\n<p class=\"has-background\" style=\"background-color:#abb7c24d\"><strong>16 hs.<\/strong><\/p>\n\n\n\n<p><strong>-WINEOBS. Innovaci\u00f3n en la digitalizaci\u00f3n del enoturismo.<\/strong> Sof\u00eda Ruiz.<\/p>\n\n\n\n<p><strong>-Wofa | Retos del Vino 2050<\/strong>. Una mirada a la industria vitivin\u00edcola del Futuro. Franco Bast\u00edas. Victoria Brun (Alpamanta).<\/p>\n\n\n\n<p><strong>-Panel Expertos. Econom\u00eda Circular \/ Sustentabilidad \/ Huella de Carbono.<\/strong> Moderador: Daniel Merlo. Victoria (BLOOM) Pedro Olivera. Trivento. Carina Egea Portfolio<\/p>\n\n\n\n<p>17 horas.<\/p>\n\n\n\n<p><strong>-Panel Expertos | Mecanizaci\u00f3n en el agro.<\/strong> Moderador: Paulo M\u00e1ximo. Mauricio Z\u00fa\u00f1iga. Sara Ungaro \/ Francisco Bassarotto.<\/p>\n\n\n\n<p><strong>-Un nuevo estilo de Malbec con aires de transformaci\u00f3n. <\/strong>Maximiliano Ortiz. Trivento.<\/p>\n\n\n\n<p>17.45 horas<\/p>\n\n\n\n<p>-HDIM People &amp; Processes &#8211; Marcelo Mart\u00ednez. <strong>La epopeya de atraer y desarrollar talento en la industria vitivin\u00edcola.<\/strong> Soluciones para atraer y desarrollar a las nuevas generaciones.<\/p>\n\n\n\n<div style=\"height:30px\" aria-hidden=\"true\" class=\"wp-block-spacer\"><\/div>\n\n\n\n<p class=\"has-background\" style=\"background-color:#abb7c24d\"><strong>18 hs.<\/strong><\/p>\n\n\n\n<p><strong>Entrega de Premios<\/strong><\/p>\n\n\n\n<div style=\"height:18px\" aria-hidden=\"true\" class=\"wp-block-spacer\"><\/div>\n\n\n\n<p class=\"has-medium-font-size\"><strong>Listado de Expositores<\/strong><\/p>\n\n\n\n<p class=\"has-background\" style=\"background-color:#abb7c24d\"><strong>Viticultura<\/strong><\/p>\n\n\n\n<p><strong>-Pulverizaci\u00f3n: <\/strong>Spraytec SRL<\/p>\n\n\n\n<p><strong>-Riego<\/strong>: Rivulis Plastro SA, Metzer, Drop Center SA, Netafim Argentina, Todo Riego Insumos SRL, Tecnoriego Cuyo, Udor Argentina SA.<\/p>\n\n\n\n<p><strong>-Vivero: <\/strong>Vivero Mercier, Vivero Productora.<\/p>\n\n\n\n<p><strong>-Protecci\u00f3n de Cultivos: <\/strong>Textil Kopruch, Agrinet SA \u2013 Euram Chile Spa; Brometan SRL; UPL Argentina SA, Uco Drone, Yara Argentina.&nbsp;&nbsp;&nbsp;&nbsp;&nbsp;&nbsp;<\/p>\n\n\n\n<p><strong>-Maquinaria Agr\u00edcola:<\/strong> Diesel Lange SRL, Agromaq Vird\u00f3 \/ New Holland, Mateu Agrovial, Bucher Vaslin Argentina, ARAG, Roland, Industrias Pehuenche, Aconcagro (Pauny), Tellzen Corp SA, Palmero, Crontab.&nbsp;&nbsp;<\/p>\n\n\n\n<p><strong>-Insumos Estructurales: <\/strong>Maderas Ragone.<\/p>\n\n\n\n<p><strong>-Equipamiento para vi\u00f1edos: <\/strong>Tecno Vid (Valeno), Infaco.<\/p>\n\n\n\n<p><strong>-Fabricaci\u00f3n de separadores de fibra s\u00f3lida: <\/strong>Corp-Met SRL<\/p>\n\n\n\n<p><strong>-Investigaci\u00f3n, Desarrollo e Innovaci\u00f3n:<\/strong> IndeGAP.<\/p>\n\n\n\n<div style=\"height:30px\" aria-hidden=\"true\" class=\"wp-block-spacer\"><\/div>\n\n\n\n<p class=\"has-background\" style=\"background-color:#abb7c24d\"><strong>Producto terminado<\/strong><\/p>\n\n\n\n<p><strong>-Packaging: <\/strong>Adhefull SA, RTS Embalajes de Argentina (Spraytec), Microcorr,<\/p>\n\n\n\n<p>Cartocor.<\/p>\n\n\n\n<p><strong>-Botellas: <\/strong>Verallia, Blue Sky.<\/p>\n\n\n\n<p>Etiquetas y papeles: Avery Dennison, Ajec Autoadhesivos SA, Upm Raflatac SRL, Kirlabels, AGM (Artes Gr\u00e1ficas Modernas).<\/p>\n\n\n\n<p><strong>-C\u00e1psulas, corchos, tapones y tapas: <\/strong>Altieri, Vinventions, Real de la Cruz Sa, Arpex,<\/p>\n\n\n\n<p><strong>Servicios a la industria<\/strong><\/p>\n\n\n\n<p><strong>-Indumentaria de trabajo:<\/strong> As Distribuidora Mayorista de Calzados<\/p>\n\n\n\n<p><strong>-Registro de marcas y patentes:<\/strong> AR Marcas SRL (Almaraz).<\/p>\n\n\n\n<p><strong>-Software:<\/strong> Vintrace.<\/p>\n\n\n\n<p><strong>-Dise\u00f1o, mecanizado y matricer\u00eda, transformaci\u00f3n de pol\u00edmeros:<\/strong> Dinperr SA.<\/p>\n\n\n\n<p><strong>-Contrataci\u00f3n de personal calificado:<\/strong> Grupo Ceta.<\/p>\n\n\n\n<p><strong>-Automatizaci\u00f3n y compresores de aire:<\/strong> Protec.&nbsp;&nbsp;&nbsp;&nbsp;<\/p>\n\n\n\n<p><strong>-Energ\u00eda solar:<\/strong> Solper, Meet Business SA.<\/p>\n\n\n\n<div style=\"height:30px\" aria-hidden=\"true\" class=\"wp-block-spacer\"><\/div>\n\n\n\n<p class=\"has-background\" style=\"background-color:#abb7c24d\"><strong>Agroindustria<\/strong><\/p>\n\n\n\n<p><strong>-Control fitosanitario: <\/strong>Agritecno Argentina, Agro Bayer, Luj\u00e1n Agr\u00edcola.<\/p>\n\n\n\n<div style=\"height:30px\" aria-hidden=\"true\" class=\"wp-block-spacer\"><\/div>\n\n\n\n<p class=\"has-background\" style=\"background-color:#abb7c24d\"><strong>Enolog\u00eda<\/strong><\/p>\n\n\n\n<p><strong>-Equipamiento para bodegas: <\/strong>Mangueras Concord, SISA Argentina, Wine Solutions, Metal Liniers, TIA Inox, Gallardo Ingenier\u00eda, Petainer, Sudamericana de Filtrado&nbsp; SA, ESTECMA SA, Frusso, TecnoPrem, Puleo \u2013 Athena \u2013 Soul Inox,&nbsp; Arneg Argentina SA, Tedelta \u2013 Grupo Cuatro, Nor-Fer, Sur T\u00e9cnica, Della Toffola Argentina SA, Co2 Winery, Chaudronnerie Cogna\u00e7aise.<\/p>\n\n\n\n<p><strong>-Equipamiento para laboratorios: <\/strong>Industria y Medicina SA, Biomerieux Argentina SA.<\/p>\n\n\n\n<p><strong>-Insumos enol\u00f3gicos: <\/strong>Vason, Durox, Cersa (Centro Enol\u00f3gico), Zeballos, Chirca.<\/p>\n\n\n\n<p><strong>-An\u00e1lisis enol\u00f3gico: <\/strong>Ciati SA.<\/p>\n\n\n\n<p><strong>-Control de fluidos: <\/strong>Access Tech SA&nbsp;&nbsp;<\/p>\n\n\n\n<p><strong>-Equipos de refrigeraci\u00f3n industrial y comercial:<\/strong> Fr\u00edo 21 SRL.<\/p>\n\n\n\n<div style=\"height:20px\" aria-hidden=\"true\" class=\"wp-block-spacer\"><\/div>\n\n\n\n<p class=\"has-background\" style=\"background-color:#abb7c24d\"><strong>M\u00e1s informaci\u00f3n <a href=\"http:\/\/www.sitevinitech.com.ar\/\">www.sitevinitech.com.ar\/<\/a><\/strong><\/p>\n\n\n\n<div style=\"height:30px\" aria-hidden=\"true\" class=\"wp-block-spacer\"><\/div>\n","protected":false},"excerpt":{"rendered":"<p>Luego de dos jornadas en las que ya pasaron miles de visitantes, hoy viernes 17&hellip;<\/p>\n","protected":false},"author":3,"featured_media":115902,"comment_status":"open","ping_status":"open","sticky":false,"template":"","format":"standard","meta":{"footnotes":""},"categories":[10],"tags":[],"class_list":["post-115885","post","type-post","status-publish","format-standard","has-post-thumbnail","hentry","category-ferias"],"_links":{"self":[{"href":"https:\/\/enolife.com.ar\/es\/wp-json\/wp\/v2\/posts\/115885","targetHints":{"allow":["GET"]}}],"collection":[{"href":"https:\/\/enolife.com.ar\/es\/wp-json\/wp\/v2\/posts"}],"about":[{"href":"https:\/\/enolife.com.ar\/es\/wp-json\/wp\/v2\/types\/post"}],"author":[{"embeddable":true,"href":"https:\/\/enolife.com.ar\/es\/wp-json\/wp\/v2\/users\/3"}],"replies":[{"embeddable":true,"href":"https:\/\/enolife.com.ar\/es\/wp-json\/wp\/v2\/comments?post=115885"}],"version-history":[{"count":0,"href":"https:\/\/enolife.com.ar\/es\/wp-json\/wp\/v2\/posts\/115885\/revisions"}],"wp:featuredmedia":[{"embeddable":true,"href":"https:\/\/enolife.com.ar\/es\/wp-json\/wp\/v2\/media\/115902"}],"wp:attachment":[{"href":"https:\/\/enolife.com.ar\/es\/wp-json\/wp\/v2\/media?parent=115885"}],"wp:term":[{"taxonomy":"category","embeddable":true,"href":"https:\/\/enolife.com.ar\/es\/wp-json\/wp\/v2\/categories?post=115885"},{"taxonomy":"post_tag","embeddable":true,"href":"https:\/\/enolife.com.ar\/es\/wp-json\/wp\/v2\/tags?post=115885"}],"curies":[{"name":"wp","href":"https:\/\/api.w.org\/{rel}","templated":true}]}}