{"id":115811,"date":"2024-05-18T16:23:16","date_gmt":"2024-05-18T16:23:16","guid":{"rendered":"https:\/\/enolife.com.ar\/es\/?p=115811"},"modified":"2024-05-19T14:43:25","modified_gmt":"2024-05-19T14:43:25","slug":"mision-de-promendoza-gestiono-en-pernambuco-un-acuerdo-para-exportar-productos-locales","status":"publish","type":"post","link":"https:\/\/enolife.com.ar\/es\/mision-de-promendoza-gestiono-en-pernambuco-un-acuerdo-para-exportar-productos-locales\/","title":{"rendered":"Misi\u00f3n de ProMendoza gestion\u00f3 en Pernambuco un acuerdo para exportar productos locales"},"content":{"rendered":"\n<h4 class=\"wp-block-heading\"><em><strong>En el marco de un reciente viaje de promoci\u00f3n a Brasil, la presidenta de la Unidad ProMendoza, Patricia Gim\u00e9nez, se reuni\u00f3 en este Estado del Nordeste del vecino pa\u00eds con dirigentes y funcionarios para explorar una posible integraci\u00f3n que beneficie el desarrollo econ\u00f3mico de ambas regiones. El plan es firmar, en el transcurso de 2024, un acuerdo de cooperaci\u00f3n que incremente y dinamice el intercambio de productos agr\u00edcolas, metalmec\u00e1nica, miner\u00eda, servicios y de otras \u00e1reas.<\/strong><\/em><\/h4>\n\n\n\n<div style=\"height:35px\" aria-hidden=\"true\" class=\"wp-block-spacer\"><\/div>\n\n\n\n\n\n<div style=\"height:45px\" aria-hidden=\"true\" class=\"wp-block-spacer\"><\/div>\n\n\n\n<p><strong>Patricia Gim\u00e9nez<\/strong> fue recibida por <strong>Priscila Krause<\/strong>, vicegobernadora en ejercicio de la Gobernaci\u00f3n; <strong>Julieta Grande<\/strong>, C\u00f3nsul General de Argentina en Recife; <strong>Andr\u00e9s Teixeira<\/strong>, presidente de la Agencia de Desarrollo Econ\u00f3mico de Pernambuco (Adepe); <strong>Pedro Neves<\/strong>, director general de Fomento, Innovaci\u00f3n y Arreglos Productivos de Adeep; y <strong>Rayane Aguilar<\/strong>, secretaria ejecutiva de Relaciones Internacionales. &nbsp;<\/p>\n\n\n\n<p><em>\u00abHemos tenido un excelente recibimiento de Mendoza en el Estado de Pernambuco con el que empezamos a idear una agenda de intereses comunes para estrechar lazos y potenciarnos\u00bb<\/em>, cont\u00f3 la titular de la Unidad ProMendoza del gobierno de Mendoza.&nbsp; &nbsp;<\/p>\n\n\n\n<div style=\"height:30px\" aria-hidden=\"true\" class=\"wp-block-spacer\"><\/div>\n\n\n<div class=\"wp-block-image\">\n<figure class=\"aligncenter size-full is-resized\"><a href=\"https:\/\/enolife.com.ar\/es\/wp-content\/uploads\/2024\/05\/f3ade7f7-3253-9f2b-0afe-83cd93a04ffc.jpg\" data-rel=\"penci-gallery-image-content\" ><img loading=\"lazy\" decoding=\"async\" src=\"https:\/\/enolife.com.ar\/es\/wp-content\/uploads\/2024\/05\/f3ade7f7-3253-9f2b-0afe-83cd93a04ffc.jpg\" alt=\"\" class=\"wp-image-115815\" width=\"538\" height=\"359\" srcset=\"https:\/\/enolife.com.ar\/es\/wp-content\/uploads\/2024\/05\/f3ade7f7-3253-9f2b-0afe-83cd93a04ffc.jpg 600w, https:\/\/enolife.com.ar\/es\/wp-content\/uploads\/2024\/05\/f3ade7f7-3253-9f2b-0afe-83cd93a04ffc-300x200.jpg 300w, https:\/\/enolife.com.ar\/es\/wp-content\/uploads\/2024\/05\/f3ade7f7-3253-9f2b-0afe-83cd93a04ffc-585x390.jpg 585w\" sizes=\"auto, (max-width: 538px) 100vw, 538px\" \/><\/a><\/figure><\/div>\n\n\n<div style=\"height:30px\" aria-hidden=\"true\" class=\"wp-block-spacer\"><\/div>\n\n\n\n<p>Pernambuco es un Estado del nordeste de Brasil, que, con una poblaci\u00f3n mayor a 8 millones de habitantes, siento el 7mo. Estado m\u00e1s poblado del pa\u00eds. Su econom\u00eda est\u00e1 basada en la <strong>agricultura <\/strong>(ca\u00f1a de az\u00facar, mandioca), <strong>ganader\u00eda<\/strong> y crianza de animales, as\u00ed como en una fuerte presencia de la <strong>industria<\/strong> alrededor del <strong>Puerto de Saupe<\/strong> (alimentos, qu\u00edmica, metalurgia, electr\u00f3nica, textil). A su vez, posee importantes ventajas log\u00edstica, para abastecer a toda la regi\u00f3n <strong>Nordeste de Brasil<\/strong> y regi\u00f3n de la <strong>Amazon\u00eda<\/strong>, lo que lo convierte en un potencial socio comercial de importancia para Mendoza. &nbsp;<\/p>\n\n\n\n<p>Entre los canales de cooperaci\u00f3n que se analizaron estuvieron: cooperaci\u00f3n vitivin\u00edcola, universitaria, promoci\u00f3n tur\u00edstica, complementaci\u00f3n econ\u00f3mica y comercial en los sectores de alimentos y bebidas, energ\u00eda, maquinaria agr\u00edcola y promoci\u00f3n mutua de inversiones. Entre los puntos de cooperaci\u00f3n vitivin\u00edcola, se explorar\u00e1n acuerdos, que incluyan buenas pr\u00e1cticas, manejo de cultivos y la posibilidad de que el Estado de Pernambuco pueda aplicar una reducci\u00f3n del impuesto a la comercializaci\u00f3n de bebidas alcoh\u00f3licas, en particular vinos, denominado ICMS, con el fin de mejorar el acceso de los vinos mendocinos al mercado regional.&nbsp;&nbsp;&nbsp; &nbsp;<\/p>\n\n\n\n<p>Otro de los temas que se discute en conjunto es el trabajo de plataformas log\u00edstico-comerciales para favorecer la competitividad de los productos; cooperaci\u00f3n para desarrollos energ\u00e9ticos; negocios birregionales en alimentos y bebidas, servicios petroleros, metalmec\u00e1nica dedicada a la miner\u00eda, la energ\u00eda, Oil &amp; Gas y la industria alimenticia.&nbsp; &nbsp;<\/p>\n\n\n\n<p>Asimismo, se decidi\u00f3 avanzar en reuniones bilaterales que permitan arribar a un acuerdo que firmar\u00e1n autoridades de ambas regiones a finales de 2024, en una Misi\u00f3n institucional y empresarial de Pernambuco a Mendoza. &nbsp;<\/p>\n\n\n\n<div style=\"height:35px\" aria-hidden=\"true\" class=\"wp-block-spacer\"><\/div>\n\n\n\n<p class=\"has-medium-font-size\"><strong>Brasil por regiones&nbsp; &nbsp;<\/strong><\/p>\n\n\n\n<p>A partir del a\u00f1o 2017, ProMendoza comenz\u00f3 a desarrollar una estrategia de regionalizaci\u00f3n y de ampliaci\u00f3n de las relaciones con las diversas regiones de Brasil. De esta manera, se firm\u00f3 un acuerdo de cooperaci\u00f3n con <strong>R\u00edo Grande del Sur<\/strong>, se estableci\u00f3 un hub log\u00edstico en el <strong>Estado de&nbsp;Santa Catarina<\/strong>&nbsp;y se est\u00e1 negociando un acuerdo con el <strong>Estado de Bah\u00eda.&nbsp;&nbsp; <\/strong>&nbsp;<\/p>\n\n\n\n<p>Actualmente, el objetivo de Mendoza es aumentar y profundizar las relaciones con los Estados del <strong>Nordeste de Brasil<\/strong>, no solamente por su importancia propia, sino tambi\u00e9n como punto log\u00edstico para la regi\u00f3n y para la regi\u00f3n de la <strong>Amazon\u00eda.<\/strong>&nbsp;&nbsp; &nbsp;<\/p>\n\n\n\n<p><em>\u00abCon la vicegobernadora de Pernambuco, Priscila Krause y la C\u00f3nsul Argentina Julieta Grande, analizamos la larga lista de puntos en com\u00fan que tienen nuestros pueblos. Podemos lograr un interesante intercambio comercial entre nuestras econom\u00edas, ya estamos con nuestros equipos armando agendas de negocios. Tambi\u00e9n coincidimos en el intercambio cultural y educativo ya que ambos Estados son sedes de importantes universidades. Por supuesto que intensificar los lazos tur\u00edsticos fue otro de los puntos en com\u00fan para que haya m\u00e1s conectividad entre Mendoza y la regi\u00f3n del Valle de San Francisco\u00bb<\/em>, coment\u00f3 Gim\u00e9nez. &nbsp;<\/p>\n\n\n\n<p>Y adelant\u00f3 finalmente: <em>\u00abPronto nos van a visitar. Tienen mucha expectativa en todo lo que tiene Mendoza para los habitantes de Pernambuco\u00bb.&nbsp;<\/em><\/p>\n\n\n\n<div style=\"height:30px\" aria-hidden=\"true\" class=\"wp-block-spacer\"><\/div>\n","protected":false},"excerpt":{"rendered":"<p>En el marco de un reciente viaje de promoci\u00f3n a Brasil, la presidenta de la&hellip;<\/p>\n","protected":false},"author":3,"featured_media":115814,"comment_status":"open","ping_status":"open","sticky":false,"template":"","format":"standard","meta":{"footnotes":""},"categories":[14],"tags":[],"class_list":["post-115811","post","type-post","status-publish","format-standard","has-post-thumbnail","hentry","category-news"],"_links":{"self":[{"href":"https:\/\/enolife.com.ar\/es\/wp-json\/wp\/v2\/posts\/115811","targetHints":{"allow":["GET"]}}],"collection":[{"href":"https:\/\/enolife.com.ar\/es\/wp-json\/wp\/v2\/posts"}],"about":[{"href":"https:\/\/enolife.com.ar\/es\/wp-json\/wp\/v2\/types\/post"}],"author":[{"embeddable":true,"href":"https:\/\/enolife.com.ar\/es\/wp-json\/wp\/v2\/users\/3"}],"replies":[{"embeddable":true,"href":"https:\/\/enolife.com.ar\/es\/wp-json\/wp\/v2\/comments?post=115811"}],"version-history":[{"count":0,"href":"https:\/\/enolife.com.ar\/es\/wp-json\/wp\/v2\/posts\/115811\/revisions"}],"wp:featuredmedia":[{"embeddable":true,"href":"https:\/\/enolife.com.ar\/es\/wp-json\/wp\/v2\/media\/115814"}],"wp:attachment":[{"href":"https:\/\/enolife.com.ar\/es\/wp-json\/wp\/v2\/media?parent=115811"}],"wp:term":[{"taxonomy":"category","embeddable":true,"href":"https:\/\/enolife.com.ar\/es\/wp-json\/wp\/v2\/categories?post=115811"},{"taxonomy":"post_tag","embeddable":true,"href":"https:\/\/enolife.com.ar\/es\/wp-json\/wp\/v2\/tags?post=115811"}],"curies":[{"name":"wp","href":"https:\/\/api.w.org\/{rel}","templated":true}]}}