{"id":115737,"date":"2024-05-15T19:28:31","date_gmt":"2024-05-15T19:28:31","guid":{"rendered":"https:\/\/enolife.com.ar\/es\/?p=115737"},"modified":"2024-05-17T14:24:54","modified_gmt":"2024-05-17T14:24:54","slug":"abrio-expo-sitevinitech-con-fuerte-clima-de-negocios-presencia-internacional-y-numeroso-publico","status":"publish","type":"post","link":"https:\/\/enolife.com.ar\/es\/abrio-expo-sitevinitech-con-fuerte-clima-de-negocios-presencia-internacional-y-numeroso-publico\/","title":{"rendered":"Abri\u00f3 Expo Sitevinitech con fuerte clima de negocios, presencia internacional y numeroso p\u00fablico"},"content":{"rendered":"\n<h4 class=\"wp-block-heading\"><em><strong>El primero de los tres d\u00edas de la Feria Sitevinitech 2024 en la Nave Cultural de Mendoza comenz\u00f3 con marcado inter\u00e9s del p\u00fablico por los equipamientos y la \u00faltima tecnolog\u00eda all\u00ed expuestos por unas 300 empresas de 10 pa\u00edses adem\u00e1s de Argentina. Funcionarios de gobierno, empresarios, directivos de la industria vitivin\u00edcola y del agro, diplom\u00e1ticos y acad\u00e9micos coincidieron en destacar el fuerte impacto positivo que este encuentro, el m\u00e1s grande de Am\u00e9rica Latina en su tipo, tiene para la industria, el comercio y el turismo de la provincia.<\/strong><\/em><\/h4>\n\n\n\n<div style=\"height:34px\" aria-hidden=\"true\" class=\"wp-block-spacer\"><\/div>\n\n\n\n\n\n<div style=\"height:45px\" aria-hidden=\"true\" class=\"wp-block-spacer\"><\/div>\n\n\n\n<p>En el acto de apertura, dando prueba de la importancia asignada a la Feria, estuvieron presentes el gobernador de Mendoza, <strong>Alfredo Cornejo<\/strong>; el intendente de la Ciudad, <strong>Ulpiano Su\u00e1rez<\/strong>; el embajador de Francia en Argentina, <strong>Romain Nadal<\/strong>; el presidente de Bodegas de Argentina, <strong>Walter Bressia<\/strong>; el presidente de la Corporaci\u00f3n Vitivin\u00edcola Argentina (Coviar), <strong>Mario Gonz\u00e1lez<\/strong>; el presidente del Instituto Nacional de Vitivinicultura, <strong>Carlos Tizio<\/strong>; la gerenta general de Wines of Argentina, <strong>Magdalena Pesce<\/strong>; el ministro de Producci\u00f3n de Mendoza, <strong>Rodolfo Vargas Arizu<\/strong>; el vicerrector de la Universidad Nacional de Cuyo (UNCuyo), <strong>Gabriel Fidel<\/strong>; y otras destacadas personalidades.<\/p>\n\n\n\n<p>Desde la ma\u00f1ana temprano, el p\u00fablico empez\u00f3 a ingresar al predio dispuesto para la exposici\u00f3n, donde los stands de las empresas vitivin\u00edcolas y agr\u00edcolas en general mostraban sus productos, desde insumos enol\u00f3gicos hasta grandes m\u00e1quinas cosechadoras, tractores, tanques y equipos para bodegas. Por la tarde, desde las 15 horas, comenzaron una serie de charlas de expertos sobre los distintos temas que inciden en el sector, aspectos t\u00e9cnicos e innovaciones y la marcha de la econom\u00eda nacional y global en relaci\u00f3n con el negocio vitivin\u00edcola.<\/p>\n\n\n\n<div style=\"height:25px\" aria-hidden=\"true\" class=\"wp-block-spacer\"><\/div>\n\n\n\n<p class=\"has-medium-font-size\"><strong>\u00abEsta feria le agrega valor a la econom\u00eda de Mendoza y Argentina\u00bb<\/strong><\/p>\n\n\n\n<p>En el acto de inauguraci\u00f3n, el gobernador de Mendoza, Alfredo Cornejo, destac\u00f3 la importancia de la industria vitivin\u00edcola para la econom\u00eda y la calidad de vida de la regi\u00f3n. Puso el acento en la competencia y la necesidad de innovaci\u00f3n en el sector y en la importancia de la Feria para acceder a tecnolog\u00edas y mostrar lo que se est\u00e1 haciendo en el mundo.<\/p>\n\n\n\n<p><em>\u201cQue la feria se desarrolle en nuestra provincia nos llena de orgullo, por eso nuestra presencia, la presencia del poder pol\u00edtico, ya que es el aporte que podemos hacerle a la industria y a la actividad\u201d<\/em>, dijo Cornejo y agreg\u00f3: <em>\u201cEsta feria le agrega valor a la econom\u00eda de la Argentina y de Mendoza\u201d.<\/em><\/p>\n\n\n\n<p>Adem\u00e1s, Cornejo mencion\u00f3 que <em>\u201cuna buena cosecha est\u00e1, sin duda, arm\u00f3nica con esta feria. Hay perspectivas de estabilidad econ\u00f3mica, aunque estemos sufriendo un ajuste de la econom\u00eda doloroso que sin duda pagan los m\u00e1s d\u00e9biles, cosa que no es buena y no nos llena de orgullo de ninguna manera\u201d.<\/em><\/p>\n\n\n\n<p>De todas maneras, resalt\u00f3 que <em>\u201ccreemos que si no se cambia la forma en la que funciona la econom\u00eda, se van a ir agotando los negocios, incluso los de mayor talento, los de mayor competencia, los de mayor actividad, los de mejor organizaci\u00f3n, como es el de la vitivinicultura\u201d<\/em>. <\/p>\n\n\n\n<p>En su discurso, Cornejo destac\u00f3 la presencia del embajador de Francia en la Argentina y se\u00f1al\u00f3 que sus palabras definen la presencia de su pa\u00eds en viticultura mendocina. Record\u00f3 que esta industria naci\u00f3 con los inmigrantes italianos, espa\u00f1oles y tambi\u00e9n franceses.<\/p>\n\n\n\n<p><em>\u201cEn la actualidad, nuestras generaciones m\u00e1s j\u00f3venes trabajan en Francia en su cosecha y franceses trabajan en Mendoza en periodos de cosecha y no tanto<\/em>\u201d, dijo el mandatario provincial y asegur\u00f3 que <em>\u201cmuchos de esos productos y esa tecnolog\u00eda se usa en nuestras tierras y en nuestra producci\u00f3n\u201d.<\/em> Y dirigi\u00e9ndose al diplom\u00e1tico dijo: <em>\u201cQue usted est\u00e9 presente aqu\u00ed pone a esta feria en un lugar m\u00e1s alto del que ya, por propios m\u00e9ritos, tiene\u201d.<\/em><\/p>\n\n\n\n<div style=\"height:20px\" aria-hidden=\"true\" class=\"wp-block-spacer\"><\/div>\n\n\n\n<p class=\"has-medium-font-size\"><strong>La mayor feria vitivin\u00edcola de Am\u00e9rica Latina<\/strong><\/p>\n\n\n\n<p>Para esta edici\u00f3n se esperan unos 10 mil visitantes y compradores de toda Latinoam\u00e9rica, en busca de maquinaria agr\u00edcola y vitivin\u00edcola, como tambi\u00e9n profesionales, t\u00e9cnicos y p\u00fablico en general vinculado al sector, interesado en conocer las innovaciones que ofrece la industria.<\/p>\n\n\n\n<p>Los asistentes tienen la oportunidad de explorar las \u00faltimas tendencias en tecnolog\u00eda vitivin\u00edcola y las novedades del agro en general. Adem\u00e1s, pueden descubrir las innovaciones del sector y participar de interesantes conferencias y talleres.<\/p>\n\n\n\n<p><strong>Sitevinitech 2024<\/strong> se destaca por su enfoque en la innovaci\u00f3n y la creaci\u00f3n de alianzas estrat\u00e9gicas, por lo cual se han establecido m\u00faltiples colaboraciones, desde concursos de innovaci\u00f3n y sustentabilidad hasta premiaciones en cert\u00e1menes de renombre que prometen impulsar a\u00fan m\u00e1s la industria.<\/p>\n\n\n\n<p>La Feria para la provincia cuenta con el apoyo del <strong>Gobierno de Mendoza, Vinvention, Di\u00e9sel Lange, Banco Comafi <\/strong>y<strong> Triunfo Seguros.<\/strong> Adem\u00e1s del auspicio de la <strong>Municipalidad de Mendoza, Palmero, Centauro <\/strong>y<strong> la UNCuyo.<\/strong><\/p>\n\n\n\n<p>La feria se encamina al fortalecimiento de la relaci\u00f3n con Francia. Cabe recordar que la feria de Mendoza surgi\u00f3 de la conjunci\u00f3n de <strong>Sitevi<\/strong>, en Motpellier y <strong>Vinitech<\/strong>, en Bordeaux, transform\u00e1ndose <strong>Sitevinitech<\/strong> en la exhibici\u00f3n referente para<strong> Latinoam\u00e9rica<\/strong> del mundo vitivin\u00edcola.<\/p>\n\n\n\n<div style=\"height:21px\" aria-hidden=\"true\" class=\"wp-block-spacer\"><\/div>\n","protected":false},"excerpt":{"rendered":"<p>El primero de los tres d\u00edas de la Feria Sitevinitech 2024 en la Nave Cultural&hellip;<\/p>\n","protected":false},"author":3,"featured_media":115746,"comment_status":"open","ping_status":"open","sticky":false,"template":"","format":"standard","meta":{"footnotes":""},"categories":[14],"tags":[],"class_list":["post-115737","post","type-post","status-publish","format-standard","has-post-thumbnail","hentry","category-news"],"_links":{"self":[{"href":"https:\/\/enolife.com.ar\/es\/wp-json\/wp\/v2\/posts\/115737","targetHints":{"allow":["GET"]}}],"collection":[{"href":"https:\/\/enolife.com.ar\/es\/wp-json\/wp\/v2\/posts"}],"about":[{"href":"https:\/\/enolife.com.ar\/es\/wp-json\/wp\/v2\/types\/post"}],"author":[{"embeddable":true,"href":"https:\/\/enolife.com.ar\/es\/wp-json\/wp\/v2\/users\/3"}],"replies":[{"embeddable":true,"href":"https:\/\/enolife.com.ar\/es\/wp-json\/wp\/v2\/comments?post=115737"}],"version-history":[{"count":0,"href":"https:\/\/enolife.com.ar\/es\/wp-json\/wp\/v2\/posts\/115737\/revisions"}],"wp:featuredmedia":[{"embeddable":true,"href":"https:\/\/enolife.com.ar\/es\/wp-json\/wp\/v2\/media\/115746"}],"wp:attachment":[{"href":"https:\/\/enolife.com.ar\/es\/wp-json\/wp\/v2\/media?parent=115737"}],"wp:term":[{"taxonomy":"category","embeddable":true,"href":"https:\/\/enolife.com.ar\/es\/wp-json\/wp\/v2\/categories?post=115737"},{"taxonomy":"post_tag","embeddable":true,"href":"https:\/\/enolife.com.ar\/es\/wp-json\/wp\/v2\/tags?post=115737"}],"curies":[{"name":"wp","href":"https:\/\/api.w.org\/{rel}","templated":true}]}}