{"id":115665,"date":"2024-05-15T11:10:48","date_gmt":"2024-05-15T11:10:48","guid":{"rendered":"https:\/\/enolife.com.ar\/es\/?p=115665"},"modified":"2024-05-17T02:40:49","modified_gmt":"2024-05-17T02:40:49","slug":"conicet-y-vivero-san-nicolas-investigan-el-uso-de-una-cepa-nativa-para-mejorar-la-calidad-de-las-vides","status":"publish","type":"post","link":"https:\/\/enolife.com.ar\/es\/conicet-y-vivero-san-nicolas-investigan-el-uso-de-una-cepa-nativa-para-mejorar-la-calidad-de-las-vides\/","title":{"rendered":"Conicet y Vivero San Nicol\u00e1s investigan el uso de una cepa nativa para mejorar la calidad de las vides"},"content":{"rendered":"\n<h4 class=\"wp-block-heading\"><em><strong>El estudio ser\u00e1 realizado por especialistas y cient\u00edficos del Consejo Nacional de Investigaciones Cient\u00edficas y T\u00e9cnicas (Conicet), del Instituto de Biolog\u00eda Agr\u00edcola de Mendoza (IBAM, con sede en la Facultad de Ciencias Agrarias de la Universidad Nacional de Cuyo) y de la empresa Vivero San Nicol\u00e1s Vid, de Mendoza. El convenio firmado tiene como objetivo mejorar la producci\u00f3n sustentable de plantas de vid.<\/strong><\/em><\/h4>\n\n\n\n<div style=\"height:35px\" aria-hidden=\"true\" class=\"wp-block-spacer\"><\/div>\n\n\n\n\n\n<div style=\"height:45px\" aria-hidden=\"true\" class=\"wp-block-spacer\"><\/div>\n\n\n\n<p>El <strong>Consejo Nacional de Investigaciones Cient\u00edficas y T\u00e9cnicas (Conicet)<\/strong> y el vivero <strong>San Nicol\u00e1s Vid <\/strong>de Mendoza firmaron un convenio para evaluar los <strong>cambios bioqu\u00edmicos y anat\u00f3micos<\/strong> que se producen durante la formaci\u00f3n de ra\u00edces de vid, y para evaluar el <strong>efecto de la inoculaci\u00f3n de la rizobacteria&nbsp;nativa de Cuyo, Pseudomonas 42P4<\/strong>, sobre la promoci\u00f3n del crecimiento vegetal y el control biol\u00f3gico de la planta.<\/p>\n\n\n\n<p>La investigaci\u00f3n estar\u00e1 a cargo de un equipo de investigaci\u00f3n compuesto por las especialistas del Instituto de Biolog\u00eda Agr\u00edcola de Mendoza (IBAM, Conicet-UNCUYO), Carina Gonz\u00e1lez, Ana Cohen y Mar\u00eda Gabriela Gordillo, y V\u00edctor Barroso y Gast\u00f3n Ahumada por parte de Vivero San Nicol\u00e1s, empresa que adem\u00e1s proveer\u00e1 el material vegetal para los estudios.<\/p>\n\n\n\n<p>El acuerdo, de tres a\u00f1os de duraci\u00f3n, busca comprender los cambios bioqu\u00edmicos y anat\u00f3micos que se producen durante la producci\u00f3n de ra\u00edces adventicias&nbsp;que se desarrollan a partir de estacas le\u00f1osas de vid de portainjertos, los que poseen distinta capacidad de enraizamiento, con el objetivo de poder proponer estrategias que permitan inducir este proceso.<\/p>\n\n\n\n<p>Adem\u00e1s, se espera comprobar, por un lado, si las plantas inoculadas con una cepa nativa <strong><em>Pseudomonas\u00a0<\/em>42P4<\/strong> -aislada por el grupo investigaci\u00f3n- crecen m\u00e1s y tienen un mejor estado nutricional y, por otro, si esta rizobacteria ejerce control biol\u00f3gico\u00a0sobre una enfermedad\u00a0que deprecia la calidad de las plantas, lo que reducir\u00eda la necesidad de aplicar fertilizantes de s\u00edntesis o agroqu\u00edmicos que controlen el pat\u00f3geno.<\/p>\n\n\n\n<div style=\"height:17px\" aria-hidden=\"true\" class=\"wp-block-spacer\"><\/div>\n\n\n\n<p class=\"has-small-font-size\"><em><strong>Fuente: Conicet<\/strong><\/em><\/p>\n\n\n\n<div style=\"height:30px\" aria-hidden=\"true\" class=\"wp-block-spacer\"><\/div>\n","protected":false},"excerpt":{"rendered":"<p>El estudio ser\u00e1 realizado por especialistas y cient\u00edficos del Consejo Nacional de Investigaciones Cient\u00edficas y&hellip;<\/p>\n","protected":false},"author":3,"featured_media":115691,"comment_status":"open","ping_status":"open","sticky":false,"template":"","format":"standard","meta":{"footnotes":""},"categories":[5],"tags":[],"class_list":["post-115665","post","type-post","status-publish","format-standard","has-post-thumbnail","hentry","category-fincas"],"_links":{"self":[{"href":"https:\/\/enolife.com.ar\/es\/wp-json\/wp\/v2\/posts\/115665","targetHints":{"allow":["GET"]}}],"collection":[{"href":"https:\/\/enolife.com.ar\/es\/wp-json\/wp\/v2\/posts"}],"about":[{"href":"https:\/\/enolife.com.ar\/es\/wp-json\/wp\/v2\/types\/post"}],"author":[{"embeddable":true,"href":"https:\/\/enolife.com.ar\/es\/wp-json\/wp\/v2\/users\/3"}],"replies":[{"embeddable":true,"href":"https:\/\/enolife.com.ar\/es\/wp-json\/wp\/v2\/comments?post=115665"}],"version-history":[{"count":0,"href":"https:\/\/enolife.com.ar\/es\/wp-json\/wp\/v2\/posts\/115665\/revisions"}],"wp:featuredmedia":[{"embeddable":true,"href":"https:\/\/enolife.com.ar\/es\/wp-json\/wp\/v2\/media\/115691"}],"wp:attachment":[{"href":"https:\/\/enolife.com.ar\/es\/wp-json\/wp\/v2\/media?parent=115665"}],"wp:term":[{"taxonomy":"category","embeddable":true,"href":"https:\/\/enolife.com.ar\/es\/wp-json\/wp\/v2\/categories?post=115665"},{"taxonomy":"post_tag","embeddable":true,"href":"https:\/\/enolife.com.ar\/es\/wp-json\/wp\/v2\/tags?post=115665"}],"curies":[{"name":"wp","href":"https:\/\/api.w.org\/{rel}","templated":true}]}}