{"id":115644,"date":"2024-05-15T11:19:29","date_gmt":"2024-05-15T11:19:29","guid":{"rendered":"https:\/\/enolife.com.ar\/es\/?p=115644"},"modified":"2024-05-16T23:42:07","modified_gmt":"2024-05-16T23:42:07","slug":"en-esta-epoca-de-menos-riego-irrigacion-corta-el-agua-para-limpiar-canales-y-hacer-obras-hidricas","status":"publish","type":"post","link":"https:\/\/enolife.com.ar\/es\/en-esta-epoca-de-menos-riego-irrigacion-corta-el-agua-para-limpiar-canales-y-hacer-obras-hidricas\/","title":{"rendered":"En esta \u00e9poca de menos riego, Irrigaci\u00f3n corta el agua para limpiar canales y hacer obras h\u00eddricas"},"content":{"rendered":"\n<h4 class=\"wp-block-heading\"><em><strong>En el oto\u00f1o-invierno mendocino, ya con la temporada de mayor riego de fincas concluida, el Departamento General de Irrigaci\u00f3n comenzar\u00e1 en los pr\u00f3ximos d\u00edas su \u00abcorta\u00bb anual de agua, con la etapa inicial de obras y limpieza de cupos. As\u00ed, ya con la provisi\u00f3n del vital l\u00edquido asegurada para potabilizaci\u00f3n, el organismo fiscalizador y regulador del vital elemento renueva las redes de riego. En esta nota, el calendario de cortes de agua en los 6 grandes r\u00edos de la provincia.<\/strong><\/em><\/h4>\n\n\n\n<div style=\"height:35px\" aria-hidden=\"true\" class=\"wp-block-spacer\"><\/div>\n\n\n<a href=\"https:\/\/www.irrigacion.gov.ar\/web\/\" aria-label=\"irrigaci\u00f3n-1700X500\"><img loading=\"lazy\" decoding=\"async\" src=\"https:\/\/enolife.com.ar\/es\/wp-content\/uploads\/2021\/02\/irrigacion-1700X500.gif\" alt=\"\"  width=\"1700\" height=\"500\"   \/><\/a>\n\n\n<div style=\"height:45px\" aria-hidden=\"true\" class=\"wp-block-spacer\"><\/div>\n\n\n\n<p>La necesidad de ejecutar obras de conservaci\u00f3n, mantenimiento y limpieza en los diques de cabecera y derivadores internos de la red primaria de distribuci\u00f3n de agua, hace imprescindible planificar una \u00abcorta\u00bb de agua anual que se realiza en todas las cuencas h\u00eddricas de nuestra provincia, entre mayo y agosto.<\/p>\n\n\n\n<p>En este per\u00edodo, cuando los cultivos necesitan menos agua, las <strong>Inspecciones de Cauc<\/strong>e del <strong>Departamento General de Irrigaci\u00f3n (DGI)<\/strong> de <strong>Mendoza<\/strong> se ocupan de la limpieza anual de cauces de la red secundaria, terciaria y desag\u00fces, tambi\u00e9n conocida como <strong>\u00ablimpieza de cupos\u00bb.<\/strong><\/p>\n\n\n\n<p>Esta etapa, denominada <strong>Corta de Aguas<\/strong>, no influye en las dotaciones que se entregan a plantas potabilizadoras de toda la provincia. Por lo tanto, el abastecimiento de uso poblacional se encuentra planificado y asegurado.<\/p>\n\n\n\n<p>Por otra parte, la entrega de agua a plantas industriales tambi\u00e9n se encuentra asegurada y sin modificaciones.<\/p>\n\n\n\n<div style=\"height:30px\" aria-hidden=\"true\" class=\"wp-block-spacer\"><\/div>\n\n\n<div class=\"wp-block-image\">\n<figure class=\"aligncenter size-full is-resized\"><a href=\"https:\/\/enolife.com.ar\/es\/wp-content\/uploads\/2024\/05\/Imagen1-10.jpg\" data-rel=\"penci-gallery-image-content\" ><img loading=\"lazy\" decoding=\"async\" src=\"https:\/\/enolife.com.ar\/es\/wp-content\/uploads\/2024\/05\/Imagen1-10.jpg\" alt=\"\" class=\"wp-image-115696\" width=\"533\" height=\"533\" srcset=\"https:\/\/enolife.com.ar\/es\/wp-content\/uploads\/2024\/05\/Imagen1-10.jpg 532w, https:\/\/enolife.com.ar\/es\/wp-content\/uploads\/2024\/05\/Imagen1-10-300x300.jpg 300w, https:\/\/enolife.com.ar\/es\/wp-content\/uploads\/2024\/05\/Imagen1-10-150x150.jpg 150w\" sizes=\"auto, (max-width: 533px) 100vw, 533px\" \/><\/a><\/figure><\/div>\n\n\n<div style=\"height:35px\" aria-hidden=\"true\" class=\"wp-block-spacer\"><\/div>\n\n\n\n<p class=\"has-medium-font-size\"><strong>El calendario de cortas de agua, cuenca por cuenca<\/strong><\/p>\n\n\n\n<p>&#8211;<strong>R\u00edo Mendoza:<\/strong> 25 de mayo al 12 de agosto<br><br><strong>-R\u00edo Tunuy\u00e1n Inferior<\/strong>: 23 de mayo al 1 de agosto<br><br><strong>-R\u00edo Tunuy\u00e1n Superior:<\/strong> En este caso el corte es rotativo entre los distintos r\u00edos y arroyos.<\/p>\n\n\n\n<ul class=\"wp-block-list\">\n<li>Desde el 6 de mayo al 1 de junio: CANAL ESQUINA, CANAL HIJUELA GUALTALLARY, MARGEN DERECHA LAS TUNAS.<\/li>\n\n\n\n<li>Desde el 6 de mayo al 5 de agosto (rotativo): ARROYO CLARO (Sistema Unificado)<\/li>\n\n\n\n<li>Desde el 15 de mayo al 15 de junio: CANAL HIJUELA LA PAMPA (desde el 06\/05 al 15\/05 recibe desde R\u00edo Las Tunas)<\/li>\n\n\n\n<li>Desde el 3 de junio al 1 de julio (rotativo): ARROYO GUI\u00d1AZU<\/li>\n\n\n\n<li>Desde el 3 de junio al 21 de agosto (rotativo): CANAL MATRIZ ESTE (Sistema Unificado)<\/li>\n\n\n\n<li>Desde el 10 de junio al 15 de julio (rotativo): VERTIENTES O MANANTIAL DE CAPIZ<\/li>\n\n\n\n<li>Desde el 10 de junio al 15 de julio: ARROYO GRANDE<\/li>\n\n\n\n<li>Desde el 10 de junio al 26 de agosto (rotativo): ARROYO SALAS CAROCA (Sistema Unificado), MANANTIALES DE TUNUY\u00c1N ZONA CENTRO (Sistema Unificado), ARROYO QUEBRADA DE LAS CASAS<\/li>\n\n\n\n<li>Desde el 17 de junio al 29 de julio: ARROYO LAS PIRCAS<\/li>\n\n\n\n<li>Desde el 17 de junio al 31 de julio: CANAL MELOCOT\u00d3N, CANAL MANZANO, CANAL VISTA FLORES, CANAL MATRIZ VALLE DE UCO MARGEN DERECHA, CANAL CAPACHO, ARROYO NEGRO, CANAL RINC\u00d3N, CANAL ANZORENA<\/li>\n\n\n\n<li>Desde el 18 de junio al 31 de julio (rotativo): CANAL EL PERAL<\/li>\n\n\n\n<li>Desde el 24 de junio al 31 de julio: ARROYO VILLEGAS<\/li>\n\n\n\n<li>Desde el 1 de julio al 31 de julio (rotativo): ARROYO YAUCHA AGUANDA. (Sistema Unificado)<\/li>\n\n\n\n<li>Desde el 04 de julio al 18 de julio: CANAL LA QUEBRADA<\/li>\n\n\n\n<li>Desde el 1 de enero al 31 de enero de 2025 (rotativo): CANAL FORTUGNO<\/li>\n<\/ul>\n\n\n\n<p><strong>-R\u00edo Diamante:<\/strong> 1 de junio al 1 de agosto. Esta fecha del inicio y final de la corta es general. Como la distribuci\u00f3n y el manejo de la Cuenta de Agua por Inspecci\u00f3n de Cauce es potestad del Inspector, el comienzo de la corta puede variar seg\u00fan el caso. Se sugiere a los usuarios que consulten con el Inspector de Cauce ante cualquier duda.<\/p>\n\n\n\n<p><strong>-R\u00edo Atuel:<\/strong> 15 de mayo al 15 de agosto<\/p>\n\n\n\n<p><strong>-R\u00edo Malarg\u00fce:<\/strong> 1 de junio al 20 de julio<\/p>\n\n\n\n<div style=\"height:35px\" aria-hidden=\"true\" class=\"wp-block-spacer\"><\/div>\n","protected":false},"excerpt":{"rendered":"<p>En el oto\u00f1o-invierno mendocino, ya con la temporada de mayor riego de fincas concluida, el&hellip;<\/p>\n","protected":false},"author":3,"featured_media":115698,"comment_status":"open","ping_status":"open","sticky":false,"template":"","format":"standard","meta":{"footnotes":""},"categories":[14],"tags":[],"class_list":["post-115644","post","type-post","status-publish","format-standard","has-post-thumbnail","hentry","category-news"],"_links":{"self":[{"href":"https:\/\/enolife.com.ar\/es\/wp-json\/wp\/v2\/posts\/115644","targetHints":{"allow":["GET"]}}],"collection":[{"href":"https:\/\/enolife.com.ar\/es\/wp-json\/wp\/v2\/posts"}],"about":[{"href":"https:\/\/enolife.com.ar\/es\/wp-json\/wp\/v2\/types\/post"}],"author":[{"embeddable":true,"href":"https:\/\/enolife.com.ar\/es\/wp-json\/wp\/v2\/users\/3"}],"replies":[{"embeddable":true,"href":"https:\/\/enolife.com.ar\/es\/wp-json\/wp\/v2\/comments?post=115644"}],"version-history":[{"count":0,"href":"https:\/\/enolife.com.ar\/es\/wp-json\/wp\/v2\/posts\/115644\/revisions"}],"wp:featuredmedia":[{"embeddable":true,"href":"https:\/\/enolife.com.ar\/es\/wp-json\/wp\/v2\/media\/115698"}],"wp:attachment":[{"href":"https:\/\/enolife.com.ar\/es\/wp-json\/wp\/v2\/media?parent=115644"}],"wp:term":[{"taxonomy":"category","embeddable":true,"href":"https:\/\/enolife.com.ar\/es\/wp-json\/wp\/v2\/categories?post=115644"},{"taxonomy":"post_tag","embeddable":true,"href":"https:\/\/enolife.com.ar\/es\/wp-json\/wp\/v2\/tags?post=115644"}],"curies":[{"name":"wp","href":"https:\/\/api.w.org\/{rel}","templated":true}]}}