{"id":115605,"date":"2024-05-15T11:01:45","date_gmt":"2024-05-15T11:01:45","guid":{"rendered":"https:\/\/enolife.com.ar\/es\/?p=115605"},"modified":"2024-05-16T13:31:51","modified_gmt":"2024-05-16T13:31:51","slug":"vinos-y-chocolates-con-el-sommelier-y-musico-leo-gasco-en-casa-montenegro-el-17-5","status":"publish","type":"post","link":"https:\/\/enolife.com.ar\/es\/vinos-y-chocolates-con-el-sommelier-y-musico-leo-gasco-en-casa-montenegro-el-17-5\/","title":{"rendered":"Vinos y chocolates con el sommelier y m\u00fasico Leo Gasco, en Casa Montenegro el 17\/5"},"content":{"rendered":"\n<h4 class=\"wp-block-heading\"><em><strong>En la continuidad de su ciclo de degustaciones Wine Experience, el ya tradicional espacio cultural de calle Olascoaga 1.480 de la Capital mendocina ofrecer\u00e1 este pr\u00f3ximo viernes 17\/5, desde las 21 hs, una cata dirigida de dos buenos malbec biodin\u00e1micos locales, acompa\u00f1ada de chocolates elaborados por artesanos de la regi\u00f3n andina argentina. El conductor del encuentro ser\u00e1 el sommelier y cantautor Leo Gasco -ex l\u00edder de la banda de rock Pedro El Ermita\u00f1o-, quien entre copa y bocado interpretar\u00e1 temas de su \u00faltimo trabajo discogr\u00e1fico, \u00edntimo y ac\u00fastico.<\/strong><\/em><\/h4>\n\n\n\n<div style=\"height:35px\" aria-hidden=\"true\" class=\"wp-block-spacer\"><\/div>\n\n\n<a href=\"https:\/\/www.instagram.com\/vinventions.sudamerica\/\" aria-label=\"Banner_Subr_1700x500\"><img loading=\"lazy\" decoding=\"async\" src=\"https:\/\/enolife.com.ar\/es\/wp-content\/uploads\/2019\/07\/Banner_Subr_1700x500.gif\" alt=\"\"  width=\"1700\" height=\"501\"   \/><\/a>\n\n\n<div style=\"height:45px\" aria-hidden=\"true\" class=\"wp-block-spacer\"><\/div>\n\n\n\n<p>El evento enogastron\u00f3mico y musical del viernes 17 desde las 21 hs en <strong>Casa Montenegro<\/strong> tambi\u00e9n tiene un sentido educativo: iniciar a los asistentes en la degustaci\u00f3n de vinos y en el conocimiento de los <strong>productos biodin\u00e1micos <\/strong>que producen emprendedores mendocinos de la <strong>zona andina.<\/strong><\/p>\n\n\n\n<p>Para ello, el reconocido sommelier y cantautor -fuerte combinaci\u00f3n de talentos- Leo Gasco guiar\u00e1 la degustaci\u00f3n, que adem\u00e1s de dos malbec mendocinos de <strong>Bodega Finca Dinamia<\/strong> incluir\u00e1 la apreciaci\u00f3n de chocolates elaborados con productos naturales.<\/p>\n\n\n\n<p>Para hacer a\u00fan m\u00e1s atractiva la experiencia, Gasco -int\u00e9rprete, compositor y voz l\u00edder del grupo mendocino de rock <strong>Pedro el Ermita\u00f1o<\/strong>&#8211; brindar\u00e1 un adelanto de su 4\u00b0 disco, en formato \u00edntimo y ac\u00fastico.<\/p>\n\n\n\n<div style=\"height:27px\" aria-hidden=\"true\" class=\"wp-block-spacer\"><\/div>\n\n\n<div class=\"wp-block-image\">\n<figure class=\"alignleft size-full is-resized\"><a href=\"https:\/\/enolife.com.ar\/es\/wp-content\/uploads\/2024\/05\/796e6925-dcfd-4026-bb1b-befa911db0b0.jpg\" data-rel=\"penci-gallery-image-content\" ><img loading=\"lazy\" decoding=\"async\" src=\"https:\/\/enolife.com.ar\/es\/wp-content\/uploads\/2024\/05\/796e6925-dcfd-4026-bb1b-befa911db0b0.jpg\" alt=\"\" class=\"wp-image-115686\" width=\"349\" height=\"349\" srcset=\"https:\/\/enolife.com.ar\/es\/wp-content\/uploads\/2024\/05\/796e6925-dcfd-4026-bb1b-befa911db0b0.jpg 400w, https:\/\/enolife.com.ar\/es\/wp-content\/uploads\/2024\/05\/796e6925-dcfd-4026-bb1b-befa911db0b0-300x300.jpg 300w, https:\/\/enolife.com.ar\/es\/wp-content\/uploads\/2024\/05\/796e6925-dcfd-4026-bb1b-befa911db0b0-150x150.jpg 150w\" sizes=\"auto, (max-width: 349px) 100vw, 349px\" \/><\/a><\/figure><\/div>\n\n\n<p class=\"has-background\" style=\"background-color:#abb7c25c\"><strong>Para agendar<\/strong><br><br>&#8211;<strong>Ciclo de degustaciones y m\u00fasica:<\/strong> Wine Experience<br>-Evento: <strong>Vinos y chocolates<\/strong><br>-Vinos biodin\u00e1micos a catar: <strong>Malbec Buen Alma y Malbec roble Dinamia<\/strong><br>-Maridaje: con <strong>chocolate andino natural vegano<\/strong><br>-Sommelier conductor: <strong>Leo Gasco<\/strong><br>-M\u00fasica: <strong>temas propios ac\u00fasticos de Leo Gasco<\/strong><br>-Fecha: <strong>viernes 17 de mayo<\/strong><br>-Hora: <strong>21 hs<\/strong><br>-Lugar: <strong>Casa Montenegro<\/strong>, Olascoaga 1.480, Mendoza, Capital<br>-Entradas anticipadas:<strong> Entrada Web<\/strong><br>-Informaci\u00f3n: <strong>+54 9 2804194116<\/strong><\/p>\n\n\n\n<div style=\"height:30px\" aria-hidden=\"true\" class=\"wp-block-spacer\"><\/div>\n","protected":false},"excerpt":{"rendered":"<p>En la continuidad de su ciclo de degustaciones Wine Experience, el ya tradicional espacio cultural&hellip;<\/p>\n","protected":false},"author":3,"featured_media":115688,"comment_status":"open","ping_status":"open","sticky":false,"template":"","format":"standard","meta":{"footnotes":""},"categories":[47],"tags":[],"class_list":["post-115605","post","type-post","status-publish","format-standard","has-post-thumbnail","hentry","category-agenda"],"_links":{"self":[{"href":"https:\/\/enolife.com.ar\/es\/wp-json\/wp\/v2\/posts\/115605","targetHints":{"allow":["GET"]}}],"collection":[{"href":"https:\/\/enolife.com.ar\/es\/wp-json\/wp\/v2\/posts"}],"about":[{"href":"https:\/\/enolife.com.ar\/es\/wp-json\/wp\/v2\/types\/post"}],"author":[{"embeddable":true,"href":"https:\/\/enolife.com.ar\/es\/wp-json\/wp\/v2\/users\/3"}],"replies":[{"embeddable":true,"href":"https:\/\/enolife.com.ar\/es\/wp-json\/wp\/v2\/comments?post=115605"}],"version-history":[{"count":0,"href":"https:\/\/enolife.com.ar\/es\/wp-json\/wp\/v2\/posts\/115605\/revisions"}],"wp:featuredmedia":[{"embeddable":true,"href":"https:\/\/enolife.com.ar\/es\/wp-json\/wp\/v2\/media\/115688"}],"wp:attachment":[{"href":"https:\/\/enolife.com.ar\/es\/wp-json\/wp\/v2\/media?parent=115605"}],"wp:term":[{"taxonomy":"category","embeddable":true,"href":"https:\/\/enolife.com.ar\/es\/wp-json\/wp\/v2\/categories?post=115605"},{"taxonomy":"post_tag","embeddable":true,"href":"https:\/\/enolife.com.ar\/es\/wp-json\/wp\/v2\/tags?post=115605"}],"curies":[{"name":"wp","href":"https:\/\/api.w.org\/{rel}","templated":true}]}}