{"id":115467,"date":"2024-05-11T21:28:57","date_gmt":"2024-05-11T21:28:57","guid":{"rendered":"https:\/\/enolife.com.ar\/es\/?p=115467"},"modified":"2024-05-13T16:57:08","modified_gmt":"2024-05-13T16:57:08","slug":"espacio-arizu-la-historica-bodega-de-godoy-cruz-sera-un-centro-cultural-gastronomico-y-comercial","status":"publish","type":"post","link":"https:\/\/enolife.com.ar\/es\/espacio-arizu-la-historica-bodega-de-godoy-cruz-sera-un-centro-cultural-gastronomico-y-comercial\/","title":{"rendered":"Espacio Arizu: la hist\u00f3rica bodega de Godoy Cruz ser\u00e1 un centro cultural, gastron\u00f3mico y comercial"},"content":{"rendered":"\n<h4 class=\"wp-block-heading\"><em><strong>En el marco del 169\u00ba aniversario del departamento mendocino de Godoy Cruz, el viernes 10\/5 funcionarios de gobierno y municipales inauguraron la segunda etapa del Espacio Arizu, ubicado en parte de la bodega patrimonio hist\u00f3rico nacional, que tiene un predio de 90.000 m2. El intendente Diego Costarelli invit\u00f3 a emprendedores y empresarios para que inviertan y sean parte de este desarrollo proyectado.<\/strong><\/em><\/h4>\n\n\n\n<div style=\"height:35px\" aria-hidden=\"true\" class=\"wp-block-spacer\"><\/div>\n\n\n\n\n\n<div style=\"height:45px\" aria-hidden=\"true\" class=\"wp-block-spacer\"><\/div>\n\n\n\n<p>El&nbsp;11 de mayo de 2024&nbsp;se cumple el&nbsp;<strong>primer a\u00f1o de la recuperaci\u00f3n patrimonial de la hist\u00f3rica Bodega Arizu, abandonada por d\u00e9cadas y recuperada por la comuna, <\/strong>y tambi\u00e9n es la fecha del&nbsp;<strong>169\u00ba aniversario<\/strong>&nbsp;del Departamento.<\/p>\n\n\n\n<p>Los festejos se iniciaron el 10\/5 con la inauguraci\u00f3n de la segunda etapa del <strong>Espacio Arizu<\/strong>, cuya primera parte ya funciona como lugar de eventos y conciertos. Por ello, el&nbsp;intendente de <strong>Godoy Cruz<\/strong>, <strong>Diego Costarelli<\/strong>,&nbsp;se reuni\u00f3 con empresarios&nbsp;e invitados para darles a conocer el&nbsp;master plan. Se trata de una propuesta de&nbsp;desarrollo de un polo comercial, gastron\u00f3mico, tur\u00edstico y cultural muy importante para la provincia de Mendoz, y estar\u00e1 ubicado estrat\u00e9gicamente&nbsp;en el coraz\u00f3n del departamento de Godoy Cruz.<\/p>\n\n\n\n<div style=\"height:30px\" aria-hidden=\"true\" class=\"wp-block-spacer\"><\/div>\n\n\n<div class=\"wp-block-image\">\n<figure class=\"aligncenter size-large is-resized\"><a href=\"https:\/\/enolife.com.ar\/es\/wp-content\/uploads\/2024\/05\/WhatsApp-Image-2024-05-10-at-21.13.18.jpeg\" data-rel=\"penci-gallery-image-content\" ><img loading=\"lazy\" decoding=\"async\" src=\"https:\/\/enolife.com.ar\/es\/wp-content\/uploads\/2024\/05\/WhatsApp-Image-2024-05-10-at-21.13.18-1024x683.jpeg\" alt=\"\" class=\"wp-image-115476\" width=\"559\" height=\"373\" srcset=\"https:\/\/enolife.com.ar\/es\/wp-content\/uploads\/2024\/05\/WhatsApp-Image-2024-05-10-at-21.13.18-1024x683.jpeg 1024w, https:\/\/enolife.com.ar\/es\/wp-content\/uploads\/2024\/05\/WhatsApp-Image-2024-05-10-at-21.13.18-300x200.jpeg 300w, https:\/\/enolife.com.ar\/es\/wp-content\/uploads\/2024\/05\/WhatsApp-Image-2024-05-10-at-21.13.18-768x512.jpeg 768w, https:\/\/enolife.com.ar\/es\/wp-content\/uploads\/2024\/05\/WhatsApp-Image-2024-05-10-at-21.13.18-1170x781.jpeg 1170w, https:\/\/enolife.com.ar\/es\/wp-content\/uploads\/2024\/05\/WhatsApp-Image-2024-05-10-at-21.13.18-585x390.jpeg 585w, https:\/\/enolife.com.ar\/es\/wp-content\/uploads\/2024\/05\/WhatsApp-Image-2024-05-10-at-21.13.18.jpeg 1280w\" sizes=\"auto, (max-width: 559px) 100vw, 559px\" \/><\/a><\/figure><\/div>\n\n\n<div style=\"height:30px\" aria-hidden=\"true\" class=\"wp-block-spacer\"><\/div>\n\n\n\n<p>En la apertura, el jefe comunal explic\u00f3 que <em>\u201cGodoy Cruz mantiene hace&nbsp;24 a\u00f1os un crecimiento ordenado, planificado.&nbsp;Esto es lo que ha permitido que despu\u00e9s de este arduo trabajo, podamos ofrecer nuestra propuesta de&nbsp;Consorcio Arizu. As\u00ed,&nbsp;convocamos al sector privado para trabajar juntos&nbsp;en lo que pretendemos sea la remodelaci\u00f3n completa de este sector, y se convierta en una&nbsp;oportunidad enorme de negocios\u201c.<\/em><\/p>\n\n\n\n<p>Finalmente, invit\u00f3 a los presentes <em>\u201ca ser parte de la transformaci\u00f3n que se viene en Godoy Cruz\u201c<\/em>.<\/p>\n\n\n\n<p>Por su parte, el gobernador de Mendoza, Alfredo Cornejo, destac\u00f3 que el Municipio aprovecha muy bien este lugar. Y remarc\u00f3 que la etapa que viene es la m\u00e1s interesante. <em>\u201cHabr\u00e1 inversi\u00f3n privada, gente que se va a instalar en este sitio, que va a poder realizar&nbsp;toda clase de negocios&nbsp;aqu\u00ed\u201d. <\/em>Y resalt\u00f3 la&nbsp;ubicaci\u00f3n privilegiada que tiene el edificio.<\/p>\n\n\n\n<p>Antes del espect\u00e1culo, los funcionarios cortaron la cinta y visitaron las cavas subterr\u00e1neas de este emblem\u00e1tico lugar.<\/p>\n\n\n\n<div style=\"height:30px\" aria-hidden=\"true\" class=\"wp-block-spacer\"><\/div>\n\n\n<div class=\"wp-block-image\">\n<figure class=\"aligncenter size-full is-resized\"><a href=\"https:\/\/enolife.com.ar\/es\/wp-content\/uploads\/2024\/05\/663f64d8cec29_738_487.jpg\" data-rel=\"penci-gallery-image-content\" ><img loading=\"lazy\" decoding=\"async\" src=\"https:\/\/enolife.com.ar\/es\/wp-content\/uploads\/2024\/05\/663f64d8cec29_738_487.jpg\" alt=\"\" class=\"wp-image-115477\" width=\"671\" height=\"394\" srcset=\"https:\/\/enolife.com.ar\/es\/wp-content\/uploads\/2024\/05\/663f64d8cec29_738_487.jpg 681w, https:\/\/enolife.com.ar\/es\/wp-content\/uploads\/2024\/05\/663f64d8cec29_738_487-300x176.jpg 300w, https:\/\/enolife.com.ar\/es\/wp-content\/uploads\/2024\/05\/663f64d8cec29_738_487-585x344.jpg 585w\" sizes=\"auto, (max-width: 671px) 100vw, 671px\" \/><\/a><\/figure><\/div>\n\n\n<div style=\"height:30px\" aria-hidden=\"true\" class=\"wp-block-spacer\"><\/div>\n\n\n\n<p>Luego,&nbsp;vecinos y p\u00fablico en general participaron de los festejos por el Aniversario. Con entrada libre y gratuita, disfrutaron de la puesta en escena del espect\u00e1culo \u00abThe Beatles + Cerati Sinf\u00f3nico\u00bb y de la&nbsp;degustaci\u00f3n de vinos de 20 bodegas.<\/p>\n\n\n\n<div style=\"height:35px\" aria-hidden=\"true\" class=\"wp-block-spacer\"><\/div>\n\n\n\n<p class=\"has-medium-font-size\"><strong>El espect\u00e1culo<\/strong><\/p>\n\n\n\n<p>En esta celebraci\u00f3n, el Municipio quiso homenajear a uno de los grupos m\u00e1s emblem\u00e1ticos del rock internacional, y recordar a un \u00edcono de la m\u00fasica argentina. Sobre el escenario son\u00f3 una selecci\u00f3n de obras pertenecientes a&nbsp;<strong>The Beatles <\/strong>y al m\u00fasico <strong>Gustavo Cerati<\/strong>, en formato sinf\u00f3nico. El toque original fue el montaje art\u00edstico conformado por una banda instrumental, un cuarteto de cuerdas, trio de vientos y voces.<\/p>\n\n\n\n<div style=\"height:35px\" aria-hidden=\"true\" class=\"wp-block-spacer\"><\/div>\n\n\n\n<p class=\"has-medium-font-size\"><strong>Ficha t\u00e9cnica<\/strong><\/p>\n\n\n\n<ul class=\"wp-block-list\">\n<li><strong>Piano, arreglos y direcci\u00f3n musical: <\/strong>Mario Galv\u00e1n.<\/li>\n<\/ul>\n\n\n\n<ul class=\"wp-block-list\">\n<li><strong>Cantantes<\/strong>: David De Matta y Marianela Martin.<\/li>\n<\/ul>\n\n\n\n<ul class=\"wp-block-list\">\n<li><strong>Banda<\/strong>: Iv\u00e1n Mateo (bater\u00eda), Gerardo Lucero (bajo el\u00e9ctrico) y Martin S\u00e1nchez (guitarra el\u00e9ctrica).<\/li>\n<\/ul>\n\n\n\n<ul class=\"wp-block-list\">\n<li><strong>Cuerdas<\/strong>: Elda Pinedo (1\u00ba viol\u00edn), Fabricio Constanza (2\u00ba viol\u00edn), Jeli Sara Herrera (viola), Leandra Vel\u00e1zquez (violoncello).<\/li>\n<\/ul>\n\n\n\n<ul class=\"wp-block-list\">\n<li><strong>Vientos<\/strong>: Martin Cappi (flauta traversa), Pamela Dalpozzo (trompeta), Daniel Lucero (tromb\u00f3n).<\/li>\n<\/ul>\n\n\n\n<div style=\"height:35px\" aria-hidden=\"true\" class=\"wp-block-spacer\"><\/div>\n\n\n\n<p class=\"has-medium-font-size\"><strong>Posibilidad de adaptaciones<\/strong><\/p>\n\n\n\n<p>El&nbsp;Espacio Arizu&nbsp;tiene posibilidades de readaptaci\u00f3n muy interesantes:&nbsp;estrat\u00e9gica ubicaci\u00f3n, buena construcci\u00f3n con distintos sistemas, per\u00edmetro apto para relacionarse con el entorno. Adem\u00e1s del interior articulado en distintos cuerpos, con patios y espacios libres, y circulaciones internas que conectan con las calles adyacentes.<\/p>\n\n\n\n<p>Esto fomentar\u00e1 la&nbsp;inversi\u00f3n p\u00fablica privada&nbsp;para el crecimiento econ\u00f3mico del departamento, con&nbsp;desarrollos inmobiliarios; de industria creativa y audiovisual; auditorio, y polos art\u00edsticos, recreativos, gastron\u00f3micos y comerciales.<\/p>\n\n\n\n<p>De esta manera,&nbsp;se pone en valor Arizu y sus zonas aleda\u00f1as, posicion\u00e1ndolos como uno de los conglomerados m\u00e1s importantes de Mendoza.<\/p>\n\n\n\n<p>Es importante destacar que el&nbsp;86% del conjunto arquitect\u00f3nico y el 93% de los muros existentes, pueden ser preservados y conservados.<\/p>\n\n\n\n<div style=\"height:35px\" aria-hidden=\"true\" class=\"wp-block-spacer\"><\/div>\n\n\n\n<p class=\"has-medium-font-size\"><strong>La historia de Arizu<\/strong><\/p>\n\n\n\n<p>Luego de la expropiaci\u00f3n realizada en 2018 por la comuna, comenz\u00f3 la recuperaci\u00f3n patrimonial de la ex bodega. De esta manera, quedaron&nbsp;refuncionalizados 4.172 metros cuadrados de los edificios.<\/p>\n\n\n\n<p>Durante este a\u00f1o 2024, este&nbsp;edificio patrimonial protagonista de la historia mendocina&nbsp;le dio cabida a todas las expresiones culturales. Es por eso que&nbsp;unos&nbsp;320 artistas y 6.200 espectadores&nbsp;les dieron vida a las propuestas de las&nbsp;industrias culturales. Adem\u00e1s, se realizaron festivales de gastronom\u00eda, caf\u00e9, vino y diversas bebidas de emprendedores mendocinos.<\/p>\n\n\n\n<p>En tanto, el&nbsp;museo y archivo hist\u00f3rico de la Bodega Arizu&nbsp;ha recibido m\u00e1s de 1.400 visitas, tanto de escuelas e instituciones, como de visitantes de todas partes del mundo interesados en conocerlo.<\/p>\n\n\n\n<div style=\"height:35px\" aria-hidden=\"true\" class=\"wp-block-spacer\"><\/div>\n\n\n\n<p class=\"has-medium-font-size\"><strong>\u00bfQu\u00e9 trabajos se realizaron?<\/strong><\/p>\n\n\n\n<p>Todas las tareas de recuperaci\u00f3n&nbsp;respetaron la estructura original, gracias a la coordinaci\u00f3n entre el Municipio y la Comisi\u00f3n Nacional de Monumentos, Lugares y Bienes Hist\u00f3ricos.<\/p>\n\n\n\n<p>En esta oportunidad, se realizaron&nbsp;instalaciones el\u00e9ctricas y sanitarias, servicios contra incendio y restauraci\u00f3n de carpinter\u00edas y contrapisos. Tambi\u00e9n se llev\u00f3 a cabo un&nbsp;tratamiento protector en ladrillos internos y mamposter\u00eda externa&nbsp;y se reformaron los&nbsp;pisos.<\/p>\n\n\n\n<p>Se incluy\u00f3 la&nbsp;restauraci\u00f3n en cabreadas de madera y en la cubierta de los techos.<\/p>\n\n\n\n<p>Asimismo, se limpiaron las&nbsp;canaletas, desag\u00fces&nbsp;y se recambiaron los&nbsp;pluviales&nbsp;de los techos. Con el fin de establecer condiciones de seguridad edilicia y dar funcionalidad y habitabilidad a las superficies existentes, se trabaj\u00f3 en&nbsp;refuerzos estructurales&nbsp;sobre los muros.<\/p>\n\n\n\n<p>Complementariamente, se remodel\u00f3 la casa anexa a la nave principal. All\u00ed, se mejor\u00f3 el espacio con&nbsp;salas de exposiciones, camerinos, salas de reuniones y espacios de encuentro culturales. Tambi\u00e9n se construy\u00f3 un&nbsp;n\u00facleo de sanitarios nuevos.<\/p>\n\n\n\n<div style=\"height:35px\" aria-hidden=\"true\" class=\"wp-block-spacer\"><\/div>\n\n\n\n<p class=\"has-medium-font-size\"><strong>Bodega protagonista de la historia<\/strong><\/p>\n\n\n\n<p>La ic\u00f3nica Bodega Arizu, ubicada en Godoy Cruz (Mendoza),&nbsp;se fund\u00f3 en 1888. Fue propiedad de la familia Arizu por 90 a\u00f1os y en 1978 pas\u00f3 a manos del Grupo Greco. Despu\u00e9s, en 1980 fue intervenida por el Gobierno Nacional y continu\u00f3 funcionando como Bodegas y Vi\u00f1edos Arizu hasta 1991. En ese a\u00f1o cerr\u00f3 definitivamente sus puertas.<\/p>\n\n\n\n<p>El edificio fue comprado por Cencosud en 1998 y, al a\u00f1o siguiente, fue declarado Monumento Hist\u00f3rico Nacional (Decreto 339\/99). En 2017 se declar\u00f3 de inter\u00e9s municipal y sujeto a expropiaci\u00f3n por Ordenanza 6725\/17, dictada por el Honorable Concejo Deliberante. Mientras que, en 2018, la ley provincial 9047\/18 lo declar\u00f3 de utilidad p\u00fablica y sujeto a expropiaci\u00f3n.<\/p>\n\n\n\n<p>Ya en 2019 la Municipalidad tom\u00f3 posesi\u00f3n del terreno y los edificios y comenz\u00f3 a realizar trabajos de limpieza y mantenimiento. En ese sentido, se elabor\u00f3 un Master Plan e inici\u00f3 la evaluaci\u00f3n y puesta en valor del Archivo.<\/p>\n\n\n\n<div style=\"height:35px\" aria-hidden=\"true\" class=\"wp-block-spacer\"><\/div>\n\n\n\n<p class=\"has-medium-font-size\"><strong>Un espacio de expresi\u00f3n arquitect\u00f3nica<\/strong><\/p>\n\n\n\n<p>Dentro del patrimonio arquitect\u00f3nico de Mendoza, Arizu representa una tipolog\u00eda de grandes conjuntos agroindustriales vitivin\u00edcolas de fines del siglo XIX. Fue el resultado de la concentraci\u00f3n de importantes capitales y que hoy constituyen enclaves estrat\u00e9gicos en el territorio. Y el primer gran establecimiento de la empresa familiar fundada por Balbino Arizu.<\/p>\n\n\n\n<p>Estos grandes establecimientos estuvieron vinculados en sus or\u00edgenes al territorio cultivado. Sin embargo, en la actualidad son parte del privilegiado tejido urbano. All\u00ed, es posible identificar diferentes \u00e9pocas en la morfolog\u00eda de las naves y la expresi\u00f3n arquitect\u00f3nica de los espacios.<\/p>\n\n\n\n<p>Las bodegas mendocinas tienen un alto valor como objetos culturales. Por la alta sismicidad de la regi\u00f3n, la gran mayor\u00eda de estos edificios son de muy buena factura de ladrillo cocido. Y con posibilidades de mejoramiento de la capacidad sismo resistente, lo cual es una condici\u00f3n facilitadora en la reutilizaci\u00f3n de sus edificios.<\/p>\n\n\n\n<div style=\"height:30px\" aria-hidden=\"true\" class=\"wp-block-spacer\"><\/div>\n","protected":false},"excerpt":{"rendered":"<p>En el marco del 169\u00ba aniversario del departamento mendocino de Godoy Cruz, el viernes 10\/5&hellip;<\/p>\n","protected":false},"author":3,"featured_media":115475,"comment_status":"open","ping_status":"open","sticky":false,"template":"","format":"standard","meta":{"footnotes":""},"categories":[14],"tags":[],"class_list":["post-115467","post","type-post","status-publish","format-standard","has-post-thumbnail","hentry","category-news"],"_links":{"self":[{"href":"https:\/\/enolife.com.ar\/es\/wp-json\/wp\/v2\/posts\/115467","targetHints":{"allow":["GET"]}}],"collection":[{"href":"https:\/\/enolife.com.ar\/es\/wp-json\/wp\/v2\/posts"}],"about":[{"href":"https:\/\/enolife.com.ar\/es\/wp-json\/wp\/v2\/types\/post"}],"author":[{"embeddable":true,"href":"https:\/\/enolife.com.ar\/es\/wp-json\/wp\/v2\/users\/3"}],"replies":[{"embeddable":true,"href":"https:\/\/enolife.com.ar\/es\/wp-json\/wp\/v2\/comments?post=115467"}],"version-history":[{"count":0,"href":"https:\/\/enolife.com.ar\/es\/wp-json\/wp\/v2\/posts\/115467\/revisions"}],"wp:featuredmedia":[{"embeddable":true,"href":"https:\/\/enolife.com.ar\/es\/wp-json\/wp\/v2\/media\/115475"}],"wp:attachment":[{"href":"https:\/\/enolife.com.ar\/es\/wp-json\/wp\/v2\/media?parent=115467"}],"wp:term":[{"taxonomy":"category","embeddable":true,"href":"https:\/\/enolife.com.ar\/es\/wp-json\/wp\/v2\/categories?post=115467"},{"taxonomy":"post_tag","embeddable":true,"href":"https:\/\/enolife.com.ar\/es\/wp-json\/wp\/v2\/tags?post=115467"}],"curies":[{"name":"wp","href":"https:\/\/api.w.org\/{rel}","templated":true}]}}