{"id":115459,"date":"2024-05-11T21:55:12","date_gmt":"2024-05-11T21:55:12","guid":{"rendered":"https:\/\/enolife.com.ar\/es\/?p=115459"},"modified":"2024-05-13T11:40:44","modified_gmt":"2024-05-13T11:40:44","slug":"el-gobierno-de-mendoza-se-suma-al-idits-y-bda-para-alcanzar-las-metas-de-la-agenda-2030-de-onu","status":"publish","type":"post","link":"https:\/\/enolife.com.ar\/es\/el-gobierno-de-mendoza-se-suma-al-idits-y-bda-para-alcanzar-las-metas-de-la-agenda-2030-de-onu\/","title":{"rendered":"El gobierno de Mendoza se suma al Idits y WofA para alcanzar las metas de la Agenda 2030 de ONU"},"content":{"rendered":"\n<h4 class=\"wp-block-heading\"><em><strong>La ministra de Energ\u00eda y Ambiente de Mendoza, Jimena Latorre, firm\u00f3 con el Instituto de Desarrollo Industrial, Tecnol\u00f3gico y de Servicios (Idits) un convenio para trabajar juntos en hacia los Objetivos de la Agenda 2030 de Desarrollo Sostenible (ODS) de la Organizaci\u00f3n de las Naciones Unidas (ONU). Es la primera provincia que se incorpora, como gobierno, a este sello de calidad ambiental, al que ya han adherido Wines of Argentina (WofA), Bodegas de Argentina (BdA), Andes Cervecer\u00eda y Malter\u00eda Quilmes y el Instituto de Desarrollo Rural, entre otras instituciones y empresas del pa\u00eds.<\/strong><\/em><\/h4>\n\n\n\n<div style=\"height:35px\" aria-hidden=\"true\" class=\"wp-block-spacer\"><\/div>\n\n\n<a href=\"https:\/\/www.instagram.com\/agroconciencia_\" aria-label=\"BANNER AGROCONCIENCIA 1700X500\"><img loading=\"lazy\" decoding=\"async\" src=\"https:\/\/enolife.com.ar\/es\/wp-content\/uploads\/2019\/07\/BANNER-AGROCONCIENCIA-1700X500-1.jpg\" alt=\"\"  srcset=\"https:\/\/enolife.com.ar\/es\/wp-content\/uploads\/2019\/07\/BANNER-AGROCONCIENCIA-1700X500-1.jpg 1700w, https:\/\/enolife.com.ar\/es\/wp-content\/uploads\/2019\/07\/BANNER-AGROCONCIENCIA-1700X500-1-300x88.jpg 300w, https:\/\/enolife.com.ar\/es\/wp-content\/uploads\/2019\/07\/BANNER-AGROCONCIENCIA-1700X500-1-1024x301.jpg 1024w, https:\/\/enolife.com.ar\/es\/wp-content\/uploads\/2019\/07\/BANNER-AGROCONCIENCIA-1700X500-1-768x226.jpg 768w, https:\/\/enolife.com.ar\/es\/wp-content\/uploads\/2019\/07\/BANNER-AGROCONCIENCIA-1700X500-1-1536x452.jpg 1536w, https:\/\/enolife.com.ar\/es\/wp-content\/uploads\/2019\/07\/BANNER-AGROCONCIENCIA-1700X500-1-1170x344.jpg 1170w, https:\/\/enolife.com.ar\/es\/wp-content\/uploads\/2019\/07\/BANNER-AGROCONCIENCIA-1700X500-1-585x172.jpg 585w\" sizes=\"auto, (max-width: 1700px) 100vw, 1700px\" width=\"1700\" height=\"500\"   \/><\/a>\n\n\n<div style=\"height:45px\" aria-hidden=\"true\" class=\"wp-block-spacer\"><\/div>\n\n\n\n<p>El programa pionero en Argentina <strong>Mendoza Intec Sustentable<\/strong> sigue sumando empresarios y asociaciones: la ministra de Energ\u00eda y Ambiente de Mendoza, <strong>Jimena Latorre<\/strong>, firmo de un nuevo convenio con la asociaci\u00f3n civil sin fines de lucro <strong>Instituto de Desarrollo Industrial, Tecnol\u00f3gico y de Servicios (Idits).<\/strong><\/p>\n\n\n\n<p>Este programa, que pone a la provincia a la vanguardia de la producci\u00f3n responsable para un futuro sostenible, marca pol\u00edticas ambientales y sostenibles para la producci\u00f3n a las que ya se sumaron <strong>Bodegas de Argentina, Andes Cervecer\u00eda y Malter\u00eda Quilmes <\/strong>y el<strong> Instituto de Desarrollo Rural.<\/strong><\/p>\n\n\n\n<p><em>\u201cQueremos que esto llegue cada vez m\u00e1s y a m\u00e1s rubros para hacerlo m\u00e1s abarcador, m\u00e1s all\u00e1 de nuestro rol como fiscalizadores\u201d<\/em>, afirm\u00f3 la ministra Latorre durante la firma de los convenios. En el acto, estuvieron presentes <strong>Alberto Marengo<\/strong>, presidente del Idits y <strong>Mauricio Oscar Pinti<\/strong>, tesorero de la entidad.<\/p>\n\n\n\n<p>Al firmar el convenio, el Instituto y sus asociados, que van desde empresas IT y de construcci\u00f3n hasta la UNCuyo y C\u00e1maras Comerciales y Empresariales; se comprometen a implementar las mejores pr\u00e1cticas de sostenibilidad.<\/p>\n\n\n\n<p>Entre los objetivos de desarrollo sostenible que se comprometen a cumplir se encuentran el acceso a la energ\u00eda asequible, segura y sostenible; la construcci\u00f3n de infraestructuras resilientes: la promoci\u00f3n de la industrializaci\u00f3n sostenible y el fomento de la innovaci\u00f3n.<\/p>\n\n\n\n<div style=\"height:30px\" aria-hidden=\"true\" class=\"wp-block-spacer\"><\/div>\n\n\n<div class=\"wp-block-image\">\n<figure class=\"aligncenter size-full is-resized\"><a href=\"https:\/\/enolife.com.ar\/es\/wp-content\/uploads\/2024\/05\/aDSC_5273-1.jpg\" data-rel=\"penci-gallery-image-content\" ><img loading=\"lazy\" decoding=\"async\" src=\"https:\/\/enolife.com.ar\/es\/wp-content\/uploads\/2024\/05\/aDSC_5273-1.jpg\" alt=\"\" class=\"wp-image-115463\" width=\"602\" height=\"444\" srcset=\"https:\/\/enolife.com.ar\/es\/wp-content\/uploads\/2024\/05\/aDSC_5273-1.jpg 678w, https:\/\/enolife.com.ar\/es\/wp-content\/uploads\/2024\/05\/aDSC_5273-1-300x221.jpg 300w, https:\/\/enolife.com.ar\/es\/wp-content\/uploads\/2024\/05\/aDSC_5273-1-585x431.jpg 585w\" sizes=\"auto, (max-width: 602px) 100vw, 602px\" \/><\/a><figcaption class=\"wp-element-caption\"><strong><em>Alberto Marengo firmando el convenio<\/em><\/strong>.<\/figcaption><\/figure><\/div>\n\n\n<div style=\"height:30px\" aria-hidden=\"true\" class=\"wp-block-spacer\"><\/div>\n\n\n\n<p><em>\u201cEl IDITS ser\u00e1 uno de los enlaces clave al proporcionar capacitaciones para formar al sector privado en la implementaci\u00f3n del sello de sustentabilidad. Este sello no solo facilitar\u00e1 la b\u00fasqueda de financiamiento internacional, sino tambi\u00e9n, permitir\u00e1 la apertura de mercados internacionales para todos los sectores productivos y en este caso particular para el vino\u201d <\/em>sostuvo el titular de Idits y tambi\u00e9n subsecretario de Industria, Comercio y Log\u00edstica, Alberto Marengo.<\/p>\n\n\n\n<p>Para poner en marcha el programa se conformar\u00e1 una mesa de trabajo con la Direcci\u00f3n de Transici\u00f3n Energ\u00e9tica, dependiente del Ministerio de Energ\u00eda y Ambiente de la provincia, la Direcci\u00f3n General de Desarrollo Productivo, dependiente del Ministerio de Producci\u00f3n y Direcci\u00f3n de Agricultura de este ministerio.<\/p>\n\n\n\n<div style=\"height:35px\" aria-hidden=\"true\" class=\"wp-block-spacer\"><\/div>\n\n\n\n<p class=\"has-medium-font-size\"><strong>Gu\u00eda, supervisi\u00f3n y control<\/strong><\/p>\n\n\n\n<p>Quienes se unen a esta modalidad reciben la gu\u00eda, control y supervisi\u00f3n del Gobierno de Mendoza y una vez que implementan los procedimientos, obtienen un sello de sustentabilidad que es pionero en Argentina y que al ser reconocido por la <strong>Organizaci\u00f3n de las Naciones Unidas (ONU)<\/strong> da valor agregado a los productos y servicios.<\/p>\n\n\n\n<p>El objetivo es que las empresas que producen en nuestro territorio tengan las mejores pr\u00e1cticas en sostenibilidad, en concordancia con los objetivos establecidos en la <strong>Agenda 2030 para los Objetivos del Desarrollo Sostenible (ODS)<\/strong> de la ONU.<\/p>\n\n\n\n<p>Las empresas y productores que se suman a esta estrategia del Gobierno de Mendoza se comprometen a garantizar una energ\u00eda asequible, segura, sostenible y moderna; construir infraestructuras resilientes, promover la industrializaci\u00f3n sostenible; fomentar la innovaci\u00f3n; garantizar modalidades de consumo y producci\u00f3n sostenibles; adoptar medidas urgentes para combatir el cambio clim\u00e1tico y sus efectos; gestionar los bosques; luchar contra la desertificaci\u00f3n; detener e invertir la degradaci\u00f3n de las tierras, detener la p\u00e9rdida de biodiversidad y revitalizar la <strong>Alianza Mundial para el Desarrollo Sostenible.<\/strong><\/p>\n\n\n\n<p>A esta iniciativa ya se unieron&nbsp;<em>Wines of Argentina<\/em>, Bodegas de Argentina, Andes Cervecer\u00eda y Malter\u00eda Quilmes y el Instituto de Desarrollo Rural.<\/p>\n\n\n\n<div style=\"height:30px\" aria-hidden=\"true\" class=\"wp-block-spacer\"><\/div>\n","protected":false},"excerpt":{"rendered":"<p>La ministra de Energ\u00eda y Ambiente de Mendoza, Jimena Latorre, firm\u00f3 con el Instituto de&hellip;<\/p>\n","protected":false},"author":3,"featured_media":115462,"comment_status":"open","ping_status":"open","sticky":false,"template":"","format":"standard","meta":{"footnotes":""},"categories":[14],"tags":[],"class_list":["post-115459","post","type-post","status-publish","format-standard","has-post-thumbnail","hentry","category-news"],"_links":{"self":[{"href":"https:\/\/enolife.com.ar\/es\/wp-json\/wp\/v2\/posts\/115459","targetHints":{"allow":["GET"]}}],"collection":[{"href":"https:\/\/enolife.com.ar\/es\/wp-json\/wp\/v2\/posts"}],"about":[{"href":"https:\/\/enolife.com.ar\/es\/wp-json\/wp\/v2\/types\/post"}],"author":[{"embeddable":true,"href":"https:\/\/enolife.com.ar\/es\/wp-json\/wp\/v2\/users\/3"}],"replies":[{"embeddable":true,"href":"https:\/\/enolife.com.ar\/es\/wp-json\/wp\/v2\/comments?post=115459"}],"version-history":[{"count":0,"href":"https:\/\/enolife.com.ar\/es\/wp-json\/wp\/v2\/posts\/115459\/revisions"}],"wp:featuredmedia":[{"embeddable":true,"href":"https:\/\/enolife.com.ar\/es\/wp-json\/wp\/v2\/media\/115462"}],"wp:attachment":[{"href":"https:\/\/enolife.com.ar\/es\/wp-json\/wp\/v2\/media?parent=115459"}],"wp:term":[{"taxonomy":"category","embeddable":true,"href":"https:\/\/enolife.com.ar\/es\/wp-json\/wp\/v2\/categories?post=115459"},{"taxonomy":"post_tag","embeddable":true,"href":"https:\/\/enolife.com.ar\/es\/wp-json\/wp\/v2\/tags?post=115459"}],"curies":[{"name":"wp","href":"https:\/\/api.w.org\/{rel}","templated":true}]}}