{"id":115444,"date":"2024-05-11T20:45:18","date_gmt":"2024-05-11T20:45:18","guid":{"rendered":"https:\/\/enolife.com.ar\/es\/?p=115444"},"modified":"2024-05-13T17:28:04","modified_gmt":"2024-05-13T17:28:04","slug":"brazil-wine-challenge-2024-por-inundaciones-en-el-sur-del-pais-las-catas-de-vino-seran-del-16-al-19-7","status":"publish","type":"post","link":"https:\/\/enolife.com.ar\/es\/brazil-wine-challenge-2024-por-inundaciones-en-el-sur-del-pais-las-catas-de-vino-seran-del-16-al-19-7\/","title":{"rendered":"Brazil Wine Challenge 2024: por inundaciones en el sur del pa\u00eds, las catas de vino ser\u00e1n del 16 al 19\/7"},"content":{"rendered":"\n<h4 class=\"wp-block-heading\"><em><strong>La llegada de las muestras desde otros estados brasile\u00f1os y pa\u00edses del mundo, as\u00ed como de los catadores internacionales que evaluar\u00e1n las muestras del concurso, dependen de la apertura del Aeropuerto Internacional Salgado Filho, cerrado por inundaciones en Porto Alegre, la capital de Rio Grande do Sul.<\/strong><\/em><\/h4>\n\n\n\n<div style=\"height:35px\" aria-hidden=\"true\" class=\"wp-block-spacer\"><\/div>\n\n\n<a href=\"https:\/\/instagram.com\/labelsolutions?igshid=YmMyMTA2M2Y=\" aria-label=\"Banner Palero 1700&#215;500\"><img loading=\"lazy\" decoding=\"async\" src=\"https:\/\/enolife.com.ar\/es\/wp-content\/uploads\/2021\/09\/Banner-Palero-1700x500-1.gif\" alt=\"\"  width=\"1700\" height=\"500\"   \/><\/a>\n\n\n<div style=\"height:45px\" aria-hidden=\"true\" class=\"wp-block-spacer\"><\/div>\n\n\n\n<p>Las recientes inundaciones en <strong>Rio Grande do Sul<\/strong>, el coraz\u00f3n vitivin\u00edcola de <strong>Brasil<\/strong>, han generado una crisis sin precedentes en la regi\u00f3n, afectando dram\u00e1ticamente la vida y el sustento de sus habitantes, adem\u00e1s de causar estragos en una de las industrias m\u00e1s emblem\u00e1ticas del \u00e1rea: la vitivinicultura<\/p>\n\n\n\n<p>En Rio Grande do Sul, donde se concentra la mayor parte de la producci\u00f3n de vino del pa\u00eds, las lluvias torrenciales han dejado un paisaje de devastaci\u00f3n. Seg\u00fan reportes locales, aproximadamente el <strong>80% del Estado<\/strong> ha sido impactado, desplazando a m\u00e1s de <strong>165.000 personas<\/strong> y dejando un saldo mortal de al menos <strong>107 v\u00edctimas<\/strong>, con cientos de personas a\u00fan <strong>desaparecidas.<\/strong><\/p>\n\n\n\n<p><strong>Luc\u00eda Porto<\/strong>, una periodista brasile\u00f1a residente en la regi\u00f3n y cofundadora de <strong>Brasil de Vinhos<\/strong>, explic\u00f3 que las primeras \u00e1reas afectadas fueron los valles de <strong>Taquari, Central <\/strong>y<strong> Serra Ga\u00facha<\/strong>. <em>\u00abLos deslizamientos de tierra arrastraron todo a su paso, desde vi\u00f1edos y \u00e1rboles hasta coches, casas y personas\u00bb<\/em>, relat\u00f3 con preocupaci\u00f3n.<\/p>\n\n\n\n<p><strong>Eduardo Valduga<\/strong>, viticultor y director de la bodega <strong>Casa Valduga<\/strong> en el <strong>Vale dos Vinhedos<\/strong>, describe la situaci\u00f3n como una cat\u00e1strofe sin paralelo en la historia de Rio Grande do Sul y de Brasil. <em>\u00abEn la regi\u00f3n de Vale dos Vinhedos, muchos viticultores presenciaron la destrucci\u00f3n de sus vi\u00f1edos por grandes deslizamientos desde las cumbres m\u00e1s altas\u00bb<\/em>, coment\u00f3 Valduga, visiblemente afectado por la magnitud del desastre.<\/p>\n\n\n\n<p>La situaci\u00f3n no es menos grave en Pinto Bandeira, donde <strong>Heleno Facchin<\/strong>, due\u00f1o de un vi\u00f1edo, comparti\u00f3 su desoladora experiencia. <em>\u00abLa inundaci\u00f3n pas\u00f3 a 30 metros de mi casa&#8230; Solo Dios pudo haberla desviado de llevarse nuestra casa, que era el camino natural del agua y era inevitable con la fuerza con que ven\u00eda. En su lugar, se llev\u00f3 nuestro vi\u00f1edo. Perdimos un hect\u00e1rea de Merlot y media hect\u00e1rea de Tannat, vi\u00f1edos que nos llevaron diez a\u00f1os de inversi\u00f3n construir\u00bb<\/em>, cont\u00f3 Facchin con resignaci\u00f3n.<\/p>\n\n\n\n<p>Por este motivo, las catas de<strong>l concurso Brazil Wine Challenge 2024, que estaban planificadas para realizarse en el Centro Empresarial de Bento Gon\u00e7alves (Rio Grande do Sul), del 4 al 7 de junio<\/strong> se trasladar\u00e1n del <strong>16 al 19 de julio<\/strong>, ya que la Asociaci\u00f3n Brasile\u00f1a de Enolog\u00eda (ABE) cree que ser\u00e1 posible celebrar el evento sin interrupciones y con total seguridad.<\/p>\n\n\n\n<div style=\"height:13px\" aria-hidden=\"true\" class=\"wp-block-spacer\"><\/div>\n\n\n\n<h4 class=\"wp-block-heading has-vivid-red-color has-white-background-color has-text-color has-background\"><strong>L<\/strong>as fuertes lluvias que azotan la regi\u00f3n desde el 27 de abril han inundado ciudades y provocado numerosos deslizamientos de tierra, bloqueando unas 200 carreteras e inundando el aeropuerto internacional Salgado Filho, en Porto Alegre, cuya reapertura se espera reci\u00e9n para junio. <\/h4>\n\n\n\n<div style=\"height:12px\" aria-hidden=\"true\" class=\"wp-block-spacer\"><\/div>\n\n\n\n<p>El <strong>presidente de la Asociaci\u00f3n Brasile\u00f1o de En\u00f3logos (ABE), Ricardo Morari,<\/strong> explic\u00f3 que la decisi\u00f3n de cambiar la fecha del certamen tom\u00f3 en cuenta la situaci\u00f3n actual del estado. <em>\u00abLas muestras que vienen de otros estados y pa\u00edses dependen del servicio a\u00e9reo, al igual que los expertos internacionales que formar\u00e1n parte del jurado. Adem\u00e1s, la situaci\u00f3n en nuestro estado es muy triste. Cambiamos de fecha y siempre cambiaremos en una situaci\u00f3n como esta\u00bb<\/em>, subray\u00f3.<\/p>\n\n\n\n<p>\u00danico en Brasil con la aprobaci\u00f3n de la <strong>Organizaci\u00f3n Internacional de la Vi\u00f1a y el Vino (OIV)<\/strong>, el concurso se ha convertido en uno de los m\u00e1s importantes de Am\u00e9rica Latina, reuniendo en la \u00faltima edici\u00f3n, en 2022, 903 muestras de 15 pa\u00edses. Los organizadores celebran el crecimiento con cada edici\u00f3n, con el objetivo de lograr una representaci\u00f3n a\u00fan mayor este a\u00f1o. Morari destac\u00f3 que el vino se ha convertido en parte de la cultura nacional.<em> \u00abCon cada cosecha, vemos surgir y consolidarse nuevas regiones productoras en este pa\u00eds continental \u00fanico, poniendo en la copa toda la diversidad que s\u00f3lo Brasil tiene. Compartir este universo ancestral es brindar por el vino, independientemente de su origen. El Brasil Wine Challenge logra reunir historia, tecnolog\u00eda y experiencia en una competencia plural. Es un escaparate de los vinos del mundo\u201d<\/em>, destac\u00f3.<\/p>\n\n\n\n<p>En r\u00e1pida expansi\u00f3n, el sector en Brasil avanza con optimismo, atrayendo la atenci\u00f3n de todo el mundo, dado el aumento del consumo interno y los avances de la producci\u00f3n local. Todo ese potencial es destacado en la <strong>12\u00aa Brazil Wine Challenge<\/strong>, siendo un importante escaparate tanto en territorio brasile\u00f1o como en otros pa\u00edses.<\/p>\n\n\n\n<div style=\"height:30px\" aria-hidden=\"true\" class=\"wp-block-spacer\"><\/div>\n\n\n\n<p class=\"has-background\" style=\"background-color:#abb7c252\"><strong>Ver nota Enolife del 19\/4: <a href=\"https:\/\/enolife.com.ar\/es\/hasta-el-26-4-inscriben-al-brazil-wine-challenge-vidriera-para-exportar-vinos-argentinos-del-5-al-7-6\/\" title=\"\">Hasta el 26\/4 inscriben al Brazil Wine Challenge, vidriera para exportar vinos argentinos, del 5 al 7\/6<\/a><\/strong><\/p>\n\n\n\n<div style=\"height:35px\" aria-hidden=\"true\" class=\"wp-block-spacer\"><\/div>\n\n\n\n<p class=\"has-medium-font-size\"><strong>A tener en cuenta<\/strong><\/p>\n\n\n\n<ul class=\"wp-block-list\">\n<li>12\u00b0 Brazil Wine Challenge \u2013 Concurso Internacional de Vinos de Brasil<\/li>\n\n\n\n<li>Promoci\u00f3n: Asociaci\u00f3n Brasile\u00f1a de Enolog\u00eda (ABE)<\/li>\n\n\n\n<li>Fecha: 16 al 19 de julio de 2024<\/li>\n\n\n\n<li>Ubicaci\u00f3n: Centro de Negocios Bento Gon\u00e7alves<\/li>\n\n\n\n<li>Patrocina: Organizaci\u00f3n Internacional de la Vi\u00f1a y el Vino (OIV)<\/li>\n<\/ul>\n\n\n\n<div style=\"height:18px\" aria-hidden=\"true\" class=\"wp-block-spacer\"><\/div>\n\n\n\n<p class=\"has-background\" style=\"background-color:#abb7c254\"><strong>Reglamento e Inscripciones: <a href=\"http:\/\/www.brazilwinechallenge.com.br\" title=\"\">www.brazilwinechallenge.com.br<\/a><\/strong><br><strong>Contacto en Argentina:&nbsp;<\/strong>Leonardo Castellani&nbsp; \u2013 E-mail:&nbsp;<a href=\"mailto:info@vinar.com.ar\"><strong>info@vinar.com.ar<\/strong><\/a>&nbsp;\u2013 Tel\u00e9fono: (+54) 261-4225188<\/p>\n\n\n\n<div style=\"height:30px\" aria-hidden=\"true\" class=\"wp-block-spacer\"><\/div>\n\n\n\n<p class=\"has-small-font-size\"><em><strong>Fuentes: Asociaci\u00f3n de En\u00f3logos de Brasil y Vinetur<\/strong><\/em><\/p>\n\n\n\n<div style=\"height:15px\" aria-hidden=\"true\" class=\"wp-block-spacer\"><\/div>\n","protected":false},"excerpt":{"rendered":"<p>La llegada de las muestras desde otros estados brasile\u00f1os y pa\u00edses del mundo, as\u00ed como&hellip;<\/p>\n","protected":false},"author":3,"featured_media":115452,"comment_status":"open","ping_status":"open","sticky":false,"template":"","format":"standard","meta":{"footnotes":""},"categories":[10],"tags":[],"class_list":["post-115444","post","type-post","status-publish","format-standard","has-post-thumbnail","hentry","category-ferias"],"_links":{"self":[{"href":"https:\/\/enolife.com.ar\/es\/wp-json\/wp\/v2\/posts\/115444","targetHints":{"allow":["GET"]}}],"collection":[{"href":"https:\/\/enolife.com.ar\/es\/wp-json\/wp\/v2\/posts"}],"about":[{"href":"https:\/\/enolife.com.ar\/es\/wp-json\/wp\/v2\/types\/post"}],"author":[{"embeddable":true,"href":"https:\/\/enolife.com.ar\/es\/wp-json\/wp\/v2\/users\/3"}],"replies":[{"embeddable":true,"href":"https:\/\/enolife.com.ar\/es\/wp-json\/wp\/v2\/comments?post=115444"}],"version-history":[{"count":0,"href":"https:\/\/enolife.com.ar\/es\/wp-json\/wp\/v2\/posts\/115444\/revisions"}],"wp:featuredmedia":[{"embeddable":true,"href":"https:\/\/enolife.com.ar\/es\/wp-json\/wp\/v2\/media\/115452"}],"wp:attachment":[{"href":"https:\/\/enolife.com.ar\/es\/wp-json\/wp\/v2\/media?parent=115444"}],"wp:term":[{"taxonomy":"category","embeddable":true,"href":"https:\/\/enolife.com.ar\/es\/wp-json\/wp\/v2\/categories?post=115444"},{"taxonomy":"post_tag","embeddable":true,"href":"https:\/\/enolife.com.ar\/es\/wp-json\/wp\/v2\/tags?post=115444"}],"curies":[{"name":"wp","href":"https:\/\/api.w.org\/{rel}","templated":true}]}}