{"id":115371,"date":"2024-05-10T14:18:07","date_gmt":"2024-05-10T14:18:07","guid":{"rendered":"https:\/\/enolife.com.ar\/es\/?p=115371"},"modified":"2024-05-11T21:54:42","modified_gmt":"2024-05-11T21:54:42","slug":"sitevinitech-confirma-a-mendoza-como-sede-internacional-de-ferias-y-congresos-y-ambito-de-negocios","status":"publish","type":"post","link":"https:\/\/enolife.com.ar\/es\/sitevinitech-confirma-a-mendoza-como-sede-internacional-de-ferias-y-congresos-y-ambito-de-negocios\/","title":{"rendered":"Sitevinitech confirma a Mendoza como sede internacional de ferias y congresos y \u00e1mbito de negocios"},"content":{"rendered":"\n<h4 class=\"wp-block-heading\"><em><strong>A 5 d\u00edas de su apertura, desde el 15 al 17 de mayo, el intendente de Mendoza, Ulpiano Su\u00e1rez, junto al director de la Feria Sitevinitech 2024, Arturo Yaci\u00f3fano, presentaron ante la prensa argentina los detalles de la mayor feria de equipamientos y servicios para la industria vitivin\u00edcola. En una extensa recorrida por el predio del Complejo Las Naves, Su\u00e1rez y Yaci\u00f3fano mostraron la distribuci\u00f3n de los espacios para los stands y pusieron en valor el hecho de que la Feria se realice aqu\u00ed, generando negocios y reafirmando a la ciudad como sede para congresos y ferias internacionales. <\/strong><\/em><\/h4>\n\n\n\n<div style=\"height:35px\" aria-hidden=\"true\" class=\"wp-block-spacer\"><\/div>\n\n\n\n\n\n<div style=\"height:45px\" aria-hidden=\"true\" class=\"wp-block-spacer\"><\/div>\n\n\n\n<p>Con la participaci\u00f3n del intendente de la Ciudad de Mendoza,&nbsp;<strong>Ulpiano Su\u00e1rez,<\/strong>&nbsp;y del director general de Sitevinitech 2024,<strong>&nbsp;Arturo Yaci\u00f3fano,<\/strong>&nbsp;se realiz\u00f3 la presentaci\u00f3n en sociedad de una nueva edici\u00f3n de la feria de la industria del vino m\u00e1s importante de la regi\u00f3n, que se desarrollar\u00e1 del&nbsp;<strong>15 al 17 de mayo<\/strong>, en el complejo de Las Naves Cultural y UNCuyo del Parque Central de la Capital.<\/p>\n\n\n\n<p><em>\u00abSitevinitech 2024 crear\u00e1 un clima de negocios muy positiv<\/em>o -expres\u00f3 Yaci\u00f3fano-;<em> las tasas est\u00e1n bajando mucho, vamos a tener mucha oferta de equipamiento, o sea que el productor que quiera equiparse va a poder encontrar en el marco de la Feria ofertas, descuentos, y sobre todo tasas muy interesantes de los bancos, que est\u00e1n buscando financiar negocios. Estamos con una Feria cien por ciento llena, no s\u00f3lo con la industria vitivin\u00edcola, sino con rubros nuevos, como la parte agr\u00edcola, con empresas internacionales que exhibir\u00e1n por ejemplo equipamientos para tomates, semillas, biofertilizantes y tecnolog\u00eda nuevas como todo lo vinculado a drones, viene gente con software de an\u00e1lisis de suelos, realmente una feria como no se ha visto nunca en estos a\u00f1os en Argentina\u00bb<\/em>.<\/p>\n\n\n\n<p>Por su parte, el intendente Su\u00e1rez manifest\u00f3: <em>\u00abLa verdad es que esta es una Feria que crece a\u00f1o tras a\u00f1o; agradecezco a todo el equipo de la Sitevinitech por confiar en la ciudad de Mendoza y elegir este espacio magn\u00edfico que tenemos aqu\u00ed, el complejo Las Naves. Tomando en cuenta el crecimiento de la Feria edici\u00f3n tras edici\u00f3n, la cantidad de expositores y visitantes, que se estima en unos 10.000, podemos decir que este es uno de los eventos del sector m\u00e1s importantes de Latinoam\u00e9rica, y que eso est\u00e9 sucediendo en Mendoza, en este contexto del pa\u00eds, es para ponerlo en valor, todo el trabajo que hace el equipo que organiza la Feria, las empresas, los profesionales que se suman a esta convocatoria, as\u00ed que para la Ciudad es un privilegio contar con la Feria nuevamente aqu\u00ed\u00bb.<\/em><\/p>\n\n\n\n<div style=\"height:20px\" aria-hidden=\"true\" class=\"wp-block-spacer\"><\/div>\n\n\n\n<blockquote class=\"wp-block-quote is-layout-flow wp-block-quote-is-layout-flow\">\n<p>La realizaci\u00f3n de esta Feria impacta de manera muy positiva en la Ciudad, llegan visitantes de muchos pa\u00edses americanos y europeos y consolida a Mendoza como destino para el turismo de congresos y ferias\u00bb.<\/p>\n<cite>Ulpiano Su\u00e1rez, intendente de la Ciudad de Mendoza<\/cite><\/blockquote>\n\n\n\n<div style=\"height:20px\" aria-hidden=\"true\" class=\"wp-block-spacer\"><\/div>\n\n\n\n<p>Y agreg\u00f3 el funcionario: <em>\u00abDestaco no s\u00f3lo la importancia de la Feria en s\u00ed, de todo lo que se va a exhibir, vinculado a la innovaci\u00f3n, a la tecnolog\u00eda, las rondas de negocios, los expositores prestigiosos, sino que tambi\u00e9n esto impacta de manera muy positiva en la actividad de la Ciudad, porque hay visitantes de distintas provincias argentinas, hay visitantes de otros pa\u00edses de la regi\u00f3n, y de Europa, y eso tambi\u00e9n permite que la ciudad de Mendoza se siga consolidando como un destino para el turismo de congresos, eventos y ferias\u00bb<\/em><\/p>\n\n\n\n<div style=\"height:30px\" aria-hidden=\"true\" class=\"wp-block-spacer\"><\/div>\n\n\n<div class=\"wp-block-image\">\n<figure class=\"aligncenter size-full is-resized\"><a href=\"https:\/\/enolife.com.ar\/es\/wp-content\/uploads\/2024\/05\/Sitevinitech-2024-2.jpg\" data-rel=\"penci-gallery-image-content\" ><img loading=\"lazy\" decoding=\"async\" src=\"https:\/\/enolife.com.ar\/es\/wp-content\/uploads\/2024\/05\/Sitevinitech-2024-2.jpg\" alt=\"\" class=\"wp-image-115432\" width=\"617\" height=\"461\" srcset=\"https:\/\/enolife.com.ar\/es\/wp-content\/uploads\/2024\/05\/Sitevinitech-2024-2.jpg 761w, https:\/\/enolife.com.ar\/es\/wp-content\/uploads\/2024\/05\/Sitevinitech-2024-2-300x224.jpg 300w, https:\/\/enolife.com.ar\/es\/wp-content\/uploads\/2024\/05\/Sitevinitech-2024-2-585x437.jpg 585w\" sizes=\"auto, (max-width: 617px) 100vw, 617px\" \/><\/a><figcaption class=\"wp-element-caption\"><strong><em>Ulpiano Su\u00e1rez, intendente de la Ciudad de Mendoza y Arturo Yaci\u00f3fano, director de Sitevinitech<\/em><\/strong><\/figcaption><\/figure><\/div>\n\n\n<div style=\"height:30px\" aria-hidden=\"true\" class=\"wp-block-spacer\"><\/div>\n\n\n\n<p>Finalmente, antes de la recorrida, Yaci\u00f3fano coment\u00f3: <em>\u00abEl turismo de ferias, congresos y exposiciones, seg\u00fan la informaci\u00f3n que maneja nuestra feria madre en Bordeaux, deja el triple en gastos de un turista normal, en estos d\u00edas se provoca eso, es gente que viena a la ciudad de Mendoza, estamos ac\u00e1 fundamentalmente porque el complejo Las Naves est\u00e1 inserto en plena ciudad, estamos hablando de que estamos a no m\u00e1s de 10 cuadras de la Plaza Independencia, con todos los hoteles, 3, 4 y 5 estrellas, y un desplazamiento comod\u00edsimo. No es com\u00fan tener ciudades con esta ventaja de traslado tan cercano, y con tan buen nivel de oferta y hoteler\u00eda. Esto nos est\u00e1 sirviendo mucho como atractivo para la gente que viene del resto de Latinoam\u00e9rica en esta edici\u00f3n, y de Europa. As\u00ed que es para destacar el apoyo excepcional que estamos teniendo de la Municipalidad con todo esto\u00bb.<\/em><\/p>\n\n\n\n<div style=\"height:35px\" aria-hidden=\"true\" class=\"wp-block-spacer\"><\/div>\n\n\n\n<p class=\"has-medium-font-size\"><strong>Una feria con enfoque en la innovaci\u00f3n y los negocios<\/strong><\/p>\n\n\n\n<p><strong>Sitevinitech 2024<\/strong>, que cuenta con el auspicio de la Ciudad de Mendoza, se destaca por su enfoque en la innovaci\u00f3n y la creaci\u00f3n de alianzas estrat\u00e9gicas, por lo cual se han establecido m\u00faltiples colaboraciones, desde concursos de innovaci\u00f3n y sustentabilidad hasta premiaciones en cert\u00e1menes de renombre que prometen impulsar a\u00fan m\u00e1s la industria.<\/p>\n\n\n\n<p>Para esta edici\u00f3n la feria llega potenciada y con muchas novedades. Contar\u00e1 con 10 mil metros cuadrados destinados a exhibici\u00f3n y con 150 expositores de diferentes pa\u00edses, todos proveedores de primer nivel mundial. Tambi\u00e9n contar\u00e1 con marcas nuevas dedicadas a tecnolog\u00eda para el agro.<\/p>\n\n\n\n<div style=\"height:17px\" aria-hidden=\"true\" class=\"wp-block-spacer\"><\/div>\n\n\n\n<p class=\"has-background\" style=\"background-color:#abb7c247\"><strong>C\u00f3mo participar de Sitevinitech 2024<\/strong><br><br>Los interesados deben acreditarse&nbsp;<strong>sin cargo hasta el 13 de mayo<\/strong>&nbsp;en el siguiente link&nbsp;<a href=\"https:\/\/congresstools.com.ar\/sitevinitech\/\"><strong>www.congresstools.com.ar\/sitevinitech\/<\/strong><\/a>&nbsp;o bien ingresar al sitio web oficial del evento:&nbsp;<strong><a href=\"https:\/\/sitevinitech.com.ar\/\" target=\"_blank\" rel=\"noreferrer noopener\">www.sitevinitech.com.ar\/<\/a><\/strong><\/p>\n\n\n\n<div style=\"height:30px\" aria-hidden=\"true\" class=\"wp-block-spacer\"><\/div>\n","protected":false},"excerpt":{"rendered":"<p>A 5 d\u00edas de su apertura, desde el 15 al 17 de mayo, el intendente&hellip;<\/p>\n","protected":false},"author":3,"featured_media":115431,"comment_status":"open","ping_status":"open","sticky":false,"template":"","format":"standard","meta":{"footnotes":""},"categories":[56,10],"tags":[],"class_list":["post-115371","post","type-post","status-publish","format-standard","has-post-thumbnail","hentry","category-destacado","category-ferias"],"_links":{"self":[{"href":"https:\/\/enolife.com.ar\/es\/wp-json\/wp\/v2\/posts\/115371","targetHints":{"allow":["GET"]}}],"collection":[{"href":"https:\/\/enolife.com.ar\/es\/wp-json\/wp\/v2\/posts"}],"about":[{"href":"https:\/\/enolife.com.ar\/es\/wp-json\/wp\/v2\/types\/post"}],"author":[{"embeddable":true,"href":"https:\/\/enolife.com.ar\/es\/wp-json\/wp\/v2\/users\/3"}],"replies":[{"embeddable":true,"href":"https:\/\/enolife.com.ar\/es\/wp-json\/wp\/v2\/comments?post=115371"}],"version-history":[{"count":0,"href":"https:\/\/enolife.com.ar\/es\/wp-json\/wp\/v2\/posts\/115371\/revisions"}],"wp:featuredmedia":[{"embeddable":true,"href":"https:\/\/enolife.com.ar\/es\/wp-json\/wp\/v2\/media\/115431"}],"wp:attachment":[{"href":"https:\/\/enolife.com.ar\/es\/wp-json\/wp\/v2\/media?parent=115371"}],"wp:term":[{"taxonomy":"category","embeddable":true,"href":"https:\/\/enolife.com.ar\/es\/wp-json\/wp\/v2\/categories?post=115371"},{"taxonomy":"post_tag","embeddable":true,"href":"https:\/\/enolife.com.ar\/es\/wp-json\/wp\/v2\/tags?post=115371"}],"curies":[{"name":"wp","href":"https:\/\/api.w.org\/{rel}","templated":true}]}}