{"id":115014,"date":"2024-05-03T14:12:17","date_gmt":"2024-05-03T14:12:17","guid":{"rendered":"https:\/\/enolife.com.ar\/es\/?p=115014"},"modified":"2024-05-04T12:20:43","modified_gmt":"2024-05-04T12:20:43","slug":"ruben-panella-fue-reelegido-presidente-de-fecovita-la-cooperativa-que-agrupa-a-5-000-viticultores","status":"publish","type":"post","link":"https:\/\/enolife.com.ar\/es\/ruben-panella-fue-reelegido-presidente-de-fecovita-la-cooperativa-que-agrupa-a-5-000-viticultores\/","title":{"rendered":"Rub\u00e9n Panella fue reelegido presidente de Fecovita, la cooperativa que agrupa a 5.000 viticultores"},"content":{"rendered":"\n<h4 class=\"wp-block-heading\"><em><strong>El pasado martes 30 de abril se celebr\u00f3 en Maip\u00fa, Mendoza, la asamblea anual de la Federaci\u00f3n de Cooperativas Vitivin\u00edcolas de Argentina (Fecovita), una de las entidades cooperativas del vino m\u00e1s grandes del mundo, que nuclea a otras 29 cooperativas locales y exporta a 40 pa\u00edses. En su nuevo per\u00edodo de gesti\u00f3n, a Panella lo acompa\u00f1an Alicia Galante, como nueva vicepresidenta, y Marcelo Federici, secretario y habitual portavoz de la instituci\u00f3n.<\/strong><\/em><\/h4>\n\n\n\n<div style=\"height:35px\" aria-hidden=\"true\" class=\"wp-block-spacer\"><\/div>\n\n\n<a href=\"https:\/\/estanciamendoza.com.ar\/es\/\" aria-label=\"Copia de BEM &#8211; Banner adaptaciones diario digital_BEM &#8211; Banner Enolife &#8211; 1700&#215;500\"><img loading=\"lazy\" decoding=\"async\" src=\"https:\/\/enolife.com.ar\/es\/wp-content\/uploads\/2019\/07\/Copia-de-BEM-Banner-adaptaciones-diario-digital_BEM-Banner-Enolife-1700x500-1.jpg\" alt=\"\"  srcset=\"https:\/\/enolife.com.ar\/es\/wp-content\/uploads\/2019\/07\/Copia-de-BEM-Banner-adaptaciones-diario-digital_BEM-Banner-Enolife-1700x500-1.jpg 1700w, https:\/\/enolife.com.ar\/es\/wp-content\/uploads\/2019\/07\/Copia-de-BEM-Banner-adaptaciones-diario-digital_BEM-Banner-Enolife-1700x500-1-300x88.jpg 300w, https:\/\/enolife.com.ar\/es\/wp-content\/uploads\/2019\/07\/Copia-de-BEM-Banner-adaptaciones-diario-digital_BEM-Banner-Enolife-1700x500-1-1024x301.jpg 1024w, https:\/\/enolife.com.ar\/es\/wp-content\/uploads\/2019\/07\/Copia-de-BEM-Banner-adaptaciones-diario-digital_BEM-Banner-Enolife-1700x500-1-768x226.jpg 768w, https:\/\/enolife.com.ar\/es\/wp-content\/uploads\/2019\/07\/Copia-de-BEM-Banner-adaptaciones-diario-digital_BEM-Banner-Enolife-1700x500-1-1536x452.jpg 1536w, https:\/\/enolife.com.ar\/es\/wp-content\/uploads\/2019\/07\/Copia-de-BEM-Banner-adaptaciones-diario-digital_BEM-Banner-Enolife-1700x500-1-1170x344.jpg 1170w, https:\/\/enolife.com.ar\/es\/wp-content\/uploads\/2019\/07\/Copia-de-BEM-Banner-adaptaciones-diario-digital_BEM-Banner-Enolife-1700x500-1-585x172.jpg 585w\" sizes=\"auto, (max-width: 1700px) 100vw, 1700px\" width=\"1700\" height=\"500\"   \/><\/a>\n\n\n<div style=\"height:45px\" aria-hidden=\"true\" class=\"wp-block-spacer\"><\/div>\n\n\n\n<p>La asamblea general de la <strong>Federaci\u00f3n de Cooperativas Vitivin\u00edcolas de Argentina (Fecovita)<\/strong> tuvo como asistentes a veedores del <strong>Instituto Nacional de Asociativismo y Econom\u00eda Social (Inaes)<\/strong>, representantes de la <strong>Direcci\u00f3n de Emprendedores y Cooperativas<\/strong> del <strong>Gobierno de Mendoza<\/strong> y al secretario de la Comisi\u00f3n de Derechos y Garant\u00edas de la C\u00e1mara de Diputados de la provincia, <strong>Edgardo Ordo\u00f1ez.<\/strong><\/p>\n\n\n\n<p>Se realiz\u00f3 la elecci\u00f3n de autoridades y, por unanimidad, <strong>Rub\u00e9n Panella<\/strong> fue reelegido como presidente de Fecovita. <em>\u201cQuiero agradecer a todos los asamble\u00edstas por confiar en mi gesti\u00f3n y en nombre de la Mesa Directiva, asegurarles que vamos a trabajar siempre por el bien de esta Federaci\u00f3n y de sus productores\u201d<\/em>, manifest\u00f3 Panella en la ocasi\u00f3n.<\/p>\n\n\n\n<p>A Panella lo acompa\u00f1ar\u00e1n <strong>Alicia Galante<\/strong> (vicepresidente), <strong>Marcelo Federici<\/strong> (secretario), <strong>Gustavo Arang\u00fcena<\/strong> (tesorero), <strong>Javier Vergani<\/strong> (protesorero) y <strong>Guillermo Cano<\/strong> (prosecretario). Panella explic\u00f3 que, <em>\u201cAlicia Galante reemplazar\u00e1 a V\u00edctor Rigoldi, quien luego de ocho a\u00f1os como vicepresidente de la empresa da un paso al costado para dejar lugar a las nuevas generaciones\u201d.<\/em><\/p>\n\n\n\n<p>Tambi\u00e9n se present\u00f3 y aprob\u00f3 el <strong>Balance 2023<\/strong>. Los dirigentes de Fecovita precisaron que se trat\u00f3 de un <em>\u00abejercicio positivo, bajando el gasto, mejorando los indicadores claves y contando con una s\u00f3lida posici\u00f3n financiera\u00bb.<\/em><\/p>\n\n\n\n<p>Tras la realizaci\u00f3n de la Asamble, se ofreci\u00f3 una cena a los asistentes, que cont\u00f3 con la presencia del subsecretario de Agricultura y Ganader\u00eda de Mendoza, <strong>Sergio Moralejo<\/strong>, quien rescat\u00f3 la importancia del sistema cooperativo y la necesidad de darle eficiencia y reducir los costos de los peque\u00f1os productores frente a la oportunidad de contar con una macroeconom\u00eda ordenada. Manifest\u00f3 tambi\u00e9n Moralejo el compromiso del gobierno de la provincia en trabajar junto a las cooperativas para logro de estos objetivos.<\/p>\n\n\n\n<div style=\"height:15px\" aria-hidden=\"true\" class=\"wp-block-spacer\"><\/div>\n\n\n\n<p class=\"has-medium-font-size\"><strong>Sobre Fecovita<\/strong><\/p>\n\n\n\n<p>Fecovita es uno de los principales grupos vitivin\u00edcolas a nivel mundial. Nuclea a unos 5.000 productores integrados en 29 cooperativas, que trabajan alrededor de 25.000 hect\u00e1reas de vi\u00f1edos en las zonas vitivin\u00edcolas m\u00e1s apreciadas de Mendoza, generando un futuro sustentable a miles de familias, mediante la inversi\u00f3n genuina, el aporte de la tecnolog\u00eda, la mejora continua de la calidad y la proyecci\u00f3n internacional de sus productos, de la mano de marcas emblem\u00e1ticas.<\/p>\n\n\n\n<p>Fecovita da empleo directo a unas 1.000 personas en forma directa y, comercializa alrededor del 30 % del mercado argentino gracias a su estructura comercial conformada por 11 unidades comerciales, sus m\u00e1s de 1.200 socios estrat\u00e9gicos y una red de distribuci\u00f3n que abastece a todo el pa\u00eds. Cuenta con 2 oficinas en el exterior y exporta sus productos a m\u00e1s de 40 pa\u00edses.<\/p>\n\n\n\n<div style=\"height:35px\" aria-hidden=\"true\" class=\"wp-block-spacer\"><\/div>\n","protected":false},"excerpt":{"rendered":"<p>El pasado martes 30 de abril se celebr\u00f3 en Maip\u00fa, Mendoza, la asamblea anual de&hellip;<\/p>\n","protected":false},"author":3,"featured_media":115019,"comment_status":"open","ping_status":"open","sticky":false,"template":"","format":"standard","meta":{"footnotes":""},"categories":[56,14],"tags":[],"class_list":["post-115014","post","type-post","status-publish","format-standard","has-post-thumbnail","hentry","category-destacado","category-news"],"_links":{"self":[{"href":"https:\/\/enolife.com.ar\/es\/wp-json\/wp\/v2\/posts\/115014","targetHints":{"allow":["GET"]}}],"collection":[{"href":"https:\/\/enolife.com.ar\/es\/wp-json\/wp\/v2\/posts"}],"about":[{"href":"https:\/\/enolife.com.ar\/es\/wp-json\/wp\/v2\/types\/post"}],"author":[{"embeddable":true,"href":"https:\/\/enolife.com.ar\/es\/wp-json\/wp\/v2\/users\/3"}],"replies":[{"embeddable":true,"href":"https:\/\/enolife.com.ar\/es\/wp-json\/wp\/v2\/comments?post=115014"}],"version-history":[{"count":0,"href":"https:\/\/enolife.com.ar\/es\/wp-json\/wp\/v2\/posts\/115014\/revisions"}],"wp:featuredmedia":[{"embeddable":true,"href":"https:\/\/enolife.com.ar\/es\/wp-json\/wp\/v2\/media\/115019"}],"wp:attachment":[{"href":"https:\/\/enolife.com.ar\/es\/wp-json\/wp\/v2\/media?parent=115014"}],"wp:term":[{"taxonomy":"category","embeddable":true,"href":"https:\/\/enolife.com.ar\/es\/wp-json\/wp\/v2\/categories?post=115014"},{"taxonomy":"post_tag","embeddable":true,"href":"https:\/\/enolife.com.ar\/es\/wp-json\/wp\/v2\/tags?post=115014"}],"curies":[{"name":"wp","href":"https:\/\/api.w.org\/{rel}","templated":true}]}}