{"id":114856,"date":"2024-04-30T21:54:43","date_gmt":"2024-04-30T21:54:43","guid":{"rendered":"https:\/\/enolife.com.ar\/es\/?p=114856"},"modified":"2024-05-02T21:56:13","modified_gmt":"2024-05-02T21:56:13","slug":"casi-al-final-de-la-cosecha-al-28-4-24-ya-se-recolectaron-19-millones-de-qq-de-uva-318-que-2023","status":"publish","type":"post","link":"https:\/\/enolife.com.ar\/es\/casi-al-final-de-la-cosecha-al-28-4-24-ya-se-recolectaron-19-millones-de-qq-de-uva-318-que-2023\/","title":{"rendered":"Casi al final de la cosecha, al 28\/4\/24 ya se recolectaron 19 millones de qq de uva, +31,8% que 2023"},"content":{"rendered":"\n<h4 class=\"wp-block-heading\"><em><strong>Seg\u00fan datos del Instituto Nacional de Vitivinicultura (INV), al 28\/4\/24, luego de 22 semanas de cosecha, -y pr\u00e1cticamente dada por terminada la vendimia 2024- en Argentina se recolectaron 1.900.639.785<\/strong><\/em> <em><strong>kilos de uva. Con ese volumen de fruta se obtuvieron 920.979.041 litros de vino descubado y 324.860.658<\/strong><\/em> <em><strong>litros de mosto.<\/strong><\/em><\/h4>\n\n\n\n<div style=\"height:35px\" aria-hidden=\"true\" class=\"wp-block-spacer\"><\/div>\n\n\n\n\n\n<div style=\"height:45px\" aria-hidden=\"true\" class=\"wp-block-spacer\"><\/div>\n\n\n\n<p>El informe de cosecha de 2024 publicado por el <strong>Instituto Nacional de Vitivinicultura (INV), <\/strong>correspondiente a la <strong>semana 22<\/strong> de la vendimia, muestra un crecimiento del volumen recolectado del 31,8% respecto a la misma semana de 2023.<\/p>\n\n\n\n<p>Con los <strong><strong>1.900.639.785<\/strong>  kilos de uva<\/strong> cosechados, se llevan elaborados <strong>920.979.041 litros de vino<\/strong> y<strong><strong><strong><strong><strong><strong><strong><strong> <strong><strong>324.860.658<\/strong><\/strong><\/strong><\/strong><\/strong><\/strong><\/strong><\/strong><\/strong><\/strong> <strong>litros de mosto.<\/strong><\/p>\n\n\n\n<p>A continuaci\u00f3n replicamos los cuadros estad\u00edsticos elaborados por el INV con los n\u00fameros de la cosecha de uva al 28\/4\/24. <\/p>\n\n\n\n<div style=\"height:35px\" aria-hidden=\"true\" class=\"wp-block-spacer\"><\/div>\n\n\n\n<p class=\"has-text-align-center has-medium-font-size\"><strong>Informe proceso de elaboraci\u00f3n 2024<\/strong><\/p>\n\n\n\n<p class=\"has-text-align-center has-background\" style=\"background-color:#abb7c24a\"><strong>Totales acumulados a la semana 22 comprendida hasta el 28\/4\/2024<\/strong><\/p>\n\n\n<div class=\"wp-block-image\">\n<figure class=\"aligncenter size-full\"><a href=\"https:\/\/enolife.com.ar\/es\/wp-content\/uploads\/2024\/04\/Imagen2-17.jpg\" data-rel=\"penci-gallery-image-content\" ><img loading=\"lazy\" decoding=\"async\" width=\"768\" height=\"477\" src=\"https:\/\/enolife.com.ar\/es\/wp-content\/uploads\/2024\/04\/Imagen2-17.jpg\" alt=\"\" class=\"wp-image-114863\" srcset=\"https:\/\/enolife.com.ar\/es\/wp-content\/uploads\/2024\/04\/Imagen2-17.jpg 768w, https:\/\/enolife.com.ar\/es\/wp-content\/uploads\/2024\/04\/Imagen2-17-300x186.jpg 300w, https:\/\/enolife.com.ar\/es\/wp-content\/uploads\/2024\/04\/Imagen2-17-585x363.jpg 585w\" sizes=\"auto, (max-width: 768px) 100vw, 768px\" \/><\/a><\/figure><\/div>\n\n\n<div style=\"height:15px\" aria-hidden=\"true\" class=\"wp-block-spacer\"><\/div>\n\n\n<div class=\"wp-block-image\">\n<figure class=\"aligncenter size-full is-resized\"><a href=\"https:\/\/enolife.com.ar\/es\/wp-content\/uploads\/2024\/04\/Imagen3-13.jpg\" data-rel=\"penci-gallery-image-content\" ><img loading=\"lazy\" decoding=\"async\" src=\"https:\/\/enolife.com.ar\/es\/wp-content\/uploads\/2024\/04\/Imagen3-13.jpg\" alt=\"\" class=\"wp-image-114864\" width=\"792\" height=\"174\" srcset=\"https:\/\/enolife.com.ar\/es\/wp-content\/uploads\/2024\/04\/Imagen3-13.jpg 776w, https:\/\/enolife.com.ar\/es\/wp-content\/uploads\/2024\/04\/Imagen3-13-300x66.jpg 300w, https:\/\/enolife.com.ar\/es\/wp-content\/uploads\/2024\/04\/Imagen3-13-768x168.jpg 768w, https:\/\/enolife.com.ar\/es\/wp-content\/uploads\/2024\/04\/Imagen3-13-585x128.jpg 585w\" sizes=\"auto, (max-width: 792px) 100vw, 792px\" \/><\/a><\/figure><\/div>\n\n\n<div style=\"height:35px\" aria-hidden=\"true\" class=\"wp-block-spacer\"><\/div>\n\n\n\n<p class=\"has-text-align-center has-medium-font-size\"><strong>Comparativo kilogramos de uva 2014\/2024<\/strong><\/p>\n\n\n\n<p class=\"has-text-align-center has-background\" style=\"background-color:#abb7c24a\"><strong>Acumulado al 28\/4 de cada a\u00f1o<\/strong><\/p>\n\n\n<div class=\"wp-block-image\">\n<figure class=\"aligncenter size-large is-resized\"><a href=\"https:\/\/enolife.com.ar\/es\/wp-content\/uploads\/2024\/04\/Imagen4-10.jpg\" data-rel=\"penci-gallery-image-content\" ><img loading=\"lazy\" decoding=\"async\" src=\"https:\/\/enolife.com.ar\/es\/wp-content\/uploads\/2024\/04\/Imagen4-10-1024x436.jpg\" alt=\"\" class=\"wp-image-114865\" width=\"1272\" height=\"542\" srcset=\"https:\/\/enolife.com.ar\/es\/wp-content\/uploads\/2024\/04\/Imagen4-10-1024x436.jpg 1024w, https:\/\/enolife.com.ar\/es\/wp-content\/uploads\/2024\/04\/Imagen4-10-300x128.jpg 300w, https:\/\/enolife.com.ar\/es\/wp-content\/uploads\/2024\/04\/Imagen4-10-768x327.jpg 768w, https:\/\/enolife.com.ar\/es\/wp-content\/uploads\/2024\/04\/Imagen4-10-585x249.jpg 585w, https:\/\/enolife.com.ar\/es\/wp-content\/uploads\/2024\/04\/Imagen4-10.jpg 1092w\" sizes=\"auto, (max-width: 1272px) 100vw, 1272px\" \/><\/a><\/figure><\/div>\n\n\n<div style=\"height:15px\" aria-hidden=\"true\" class=\"wp-block-spacer\"><\/div>\n\n\n<div class=\"wp-block-image\">\n<figure class=\"aligncenter size-large is-resized\"><a href=\"https:\/\/enolife.com.ar\/es\/wp-content\/uploads\/2024\/04\/Imagen5-7.jpg\" data-rel=\"penci-gallery-image-content\" ><img loading=\"lazy\" decoding=\"async\" src=\"https:\/\/enolife.com.ar\/es\/wp-content\/uploads\/2024\/04\/Imagen5-7-1024x95.jpg\" alt=\"\" class=\"wp-image-114866\" width=\"1023\" height=\"94\" srcset=\"https:\/\/enolife.com.ar\/es\/wp-content\/uploads\/2024\/04\/Imagen5-7-1024x95.jpg 1024w, https:\/\/enolife.com.ar\/es\/wp-content\/uploads\/2024\/04\/Imagen5-7-300x28.jpg 300w, https:\/\/enolife.com.ar\/es\/wp-content\/uploads\/2024\/04\/Imagen5-7-768x71.jpg 768w, https:\/\/enolife.com.ar\/es\/wp-content\/uploads\/2024\/04\/Imagen5-7-585x54.jpg 585w, https:\/\/enolife.com.ar\/es\/wp-content\/uploads\/2024\/04\/Imagen5-7.jpg 1093w\" sizes=\"auto, (max-width: 1023px) 100vw, 1023px\" \/><\/a><\/figure><\/div>\n\n\n<div style=\"height:30px\" aria-hidden=\"true\" class=\"wp-block-spacer\"><\/div>\n","protected":false},"excerpt":{"rendered":"<p>Seg\u00fan datos del Instituto Nacional de Vitivinicultura (INV), al 28\/4\/24, luego de 22 semanas de&hellip;<\/p>\n","protected":false},"author":3,"featured_media":114871,"comment_status":"open","ping_status":"open","sticky":false,"template":"","format":"standard","meta":{"footnotes":""},"categories":[56,14],"tags":[],"class_list":["post-114856","post","type-post","status-publish","format-standard","has-post-thumbnail","hentry","category-destacado","category-news"],"_links":{"self":[{"href":"https:\/\/enolife.com.ar\/es\/wp-json\/wp\/v2\/posts\/114856","targetHints":{"allow":["GET"]}}],"collection":[{"href":"https:\/\/enolife.com.ar\/es\/wp-json\/wp\/v2\/posts"}],"about":[{"href":"https:\/\/enolife.com.ar\/es\/wp-json\/wp\/v2\/types\/post"}],"author":[{"embeddable":true,"href":"https:\/\/enolife.com.ar\/es\/wp-json\/wp\/v2\/users\/3"}],"replies":[{"embeddable":true,"href":"https:\/\/enolife.com.ar\/es\/wp-json\/wp\/v2\/comments?post=114856"}],"version-history":[{"count":0,"href":"https:\/\/enolife.com.ar\/es\/wp-json\/wp\/v2\/posts\/114856\/revisions"}],"wp:featuredmedia":[{"embeddable":true,"href":"https:\/\/enolife.com.ar\/es\/wp-json\/wp\/v2\/media\/114871"}],"wp:attachment":[{"href":"https:\/\/enolife.com.ar\/es\/wp-json\/wp\/v2\/media?parent=114856"}],"wp:term":[{"taxonomy":"category","embeddable":true,"href":"https:\/\/enolife.com.ar\/es\/wp-json\/wp\/v2\/categories?post=114856"},{"taxonomy":"post_tag","embeddable":true,"href":"https:\/\/enolife.com.ar\/es\/wp-json\/wp\/v2\/tags?post=114856"}],"curies":[{"name":"wp","href":"https:\/\/api.w.org\/{rel}","templated":true}]}}